{"id":166664,"date":"2025-06-10T21:51:10","date_gmt":"2025-06-10T21:51:10","guid":{"rendered":"https:\/\/www.europesays.com\/fr\/166664\/"},"modified":"2025-06-10T21:51:10","modified_gmt":"2025-06-10T21:51:10","slug":"entre-plateformes-chinoises-et-reseaux-sociaux-le-e-commerce-francais-doit-a-nouveau-se-reinventer","status":"publish","type":"post","link":"https:\/\/www.europesays.com\/fr\/166664\/","title":{"rendered":"Entre plateformes chinoises et r\u00e9seaux sociaux, le e-commerce fran\u00e7ais doit \u00e0 nouveau se r\u00e9inventer"},"content":{"rendered":"<p>\t\t Entre plateformes chinoises et r\u00e9seaux sociaux, le e-commerce fran\u00e7ais doit \u00e0 nouveau se r\u00e9inventer&#13;<br \/>\n  &#13;<br \/>\n\t&#13;<br \/>\n&#13;<br \/>\n&#13;<br \/>\n&#13;<br \/>\n&#13;<br \/>\n &#13;<br \/>\n\t&#13;<br \/>\n&#13;<\/p>\n<p>\n\t\t\tSource : https:\/\/www.touleco.fr\/Face-aux-plateformes-chinoises-et-aux-reseaux-sociaux-le-e\n\t\t<\/p>\n","protected":false},"excerpt":{"rendered":"Entre plateformes chinoises et r\u00e9seaux sociaux, le e-commerce fran\u00e7ais doit \u00e0 nouveau se r\u00e9inventer&#13; &#13; &#13; &#13; &#13;&hellip;\n","protected":false},"author":2,"featured_media":166665,"comment_status":"","ping_status":"","sticky":false,"template":"","format":"standard","meta":{"footnotes":""},"categories":[2816],"tags":[1111,11,215,7027,1777,674,30020,1011,27,12,4125,2680,25,2312],"class_list":{"0":"post-166664","1":"post","2":"type-post","3":"status-publish","4":"format-standard","5":"has-post-thumbnail","7":"category-toulouse","8":"tag-actu","9":"tag-actualites","10":"tag-commerce","11":"tag-e-commerce","12":"tag-eu","13":"tag-europe","14":"tag-fedeo","15":"tag-fr","16":"tag-france","17":"tag-news","18":"tag-numerique","19":"tag-occitanie","20":"tag-republique-francaise","21":"tag-toulouse"},"share_on_mastodon":{"url":"https:\/\/pubeurope.com\/@fr\/114661286505003355","error":""},"_links":{"self":[{"href":"https:\/\/www.europesays.com\/fr\/wp-json\/wp\/v2\/posts\/166664","targetHints":{"allow":["GET"]}}],"collection":[{"href":"https:\/\/www.europesays.com\/fr\/wp-json\/wp\/v2\/posts"}],"about":[{"href":"https:\/\/www.europesays.com\/fr\/wp-json\/wp\/v2\/types\/post"}],"author":[{"embeddable":true,"href":"https:\/\/www.europesays.com\/fr\/wp-json\/wp\/v2\/users\/2"}],"replies":[{"embeddable":true,"href":"https:\/\/www.europesays.com\/fr\/wp-json\/wp\/v2\/comments?post=166664"}],"version-history":[{"count":0,"href":"https:\/\/www.europesays.com\/fr\/wp-json\/wp\/v2\/posts\/166664\/revisions"}],"wp:featuredmedia":[{"embeddable":true,"href":"https:\/\/www.europesays.com\/fr\/wp-json\/wp\/v2\/media\/166665"}],"wp:attachment":[{"href":"https:\/\/www.europesays.com\/fr\/wp-json\/wp\/v2\/media?parent=166664"}],"wp:term":[{"taxonomy":"category","embeddable":true,"href":"https:\/\/www.europesays.com\/fr\/wp-json\/wp\/v2\/categories?post=166664"},{"taxonomy":"post_tag","embeddable":true,"href":"https:\/\/www.europesays.com\/fr\/wp-json\/wp\/v2\/tags?post=166664"}],"curies":[{"name":"wp","href":"https:\/\/api.w.org\/{rel}","templated":true}]}}