{"id":166675,"date":"2025-06-10T21:57:23","date_gmt":"2025-06-10T21:57:23","guid":{"rendered":"https:\/\/www.europesays.com\/fr\/166675\/"},"modified":"2025-06-10T21:57:23","modified_gmt":"2025-06-10T21:57:23","slug":"la-ville-clarifie-sa-position","status":"publish","type":"post","link":"https:\/\/www.europesays.com\/fr\/166675\/","title":{"rendered":"la Ville clarifie sa position"},"content":{"rendered":"<p>            Par<br \/>\n        <strong><br \/>\n            <a href=\"https:\/\/actu.fr\/auteur\/julien-damboise\" title=\"Consulter tous les articles de Julien Damboise\" target=\"_blank\" rel=\"noopener\">Julien Damboise<\/a><br \/>\n        <\/strong><\/p>\n<p>        Publi\u00e9 le<\/p>\n<p>            10 juin 2025 \u00e0 17h36        <\/p>\n<p>Le <strong>zoo du parc de la T\u00eate d\u2019Or<\/strong> ne fait plus l\u2019unanimit\u00e9 parmi les habitants de <a href=\"https:\/\/actu.fr\/auvergne-rhone-alpes\/lyon_69123\" target=\"_blank\" rel=\"noopener\">Lyon<\/a>. Alors qu\u2019une r\u00e9cente \u00e9tude de l\u2019IFOP apprenait que <a href=\"https:\/\/actu.fr\/auvergne-rhone-alpes\/lyon_69123\/lyon-vers-une-fermeture-du-zoo-un-sondage-inedit-revele-l-avis-tranche-des-lyonnais_62454191.html\" target=\"_blank\" rel=\"noopener\">56 % des Lyonnais sont favorables \u00e0 la fermeture du zoo<\/a> et au placement des animaux dans des sanctuaires,<strong> la municipalit\u00e9 refuse<\/strong> d\u2019aller dans ce sens. <a href=\"https:\/\/actu.fr\/auvergne-rhone-alpes\/lyon_69123\/lyon-place-bellecour-vegetalisation-espaces-verts-l-adjoint-gautier-chapuis-repond_62742695.html\" target=\"_blank\" rel=\"noopener\">Gautier Chapuis<\/a>, adjoint \u00e9cologiste \u00e0 la Ville de Lyon charg\u00e9 de la Condition animale, <strong>r\u00e9pond aux nombreuses interrogations sur l\u2019avenir<\/strong> de cet endroit embl\u00e9matique de la capitale des Gaules.<\/p>\n<p>    <a href=\"https:\/\/www.google.com\/maps\/embed?pb=!1m18!1m12!1m3!1d2942.0643214528295!2d4.854199412029237!3d45.77836047096019!2m3!1f0!2f0!3f0!3m2!1i1024!2i768!4f13.1!3m3!1m2!1s0x47f4ea94706e1fc5%3A0x13e7aa60429eea12!2sZoo%20de%20Lyon!5e1!3m2!1sfr!2sfr!4v1749560984914!5m2!1sfr!2sfr\" title=\"Ouvrie le lien\" target=\"_blank\" rel=\"noopener\">Cliquez ici pour visualiser le contenu<\/a><\/p>\n<p>Pas de fermeture<\/p>\n<p class=\" wall-content\">L\u2019\u00e9lu s\u2019\u00e9l\u00e8ve d\u2019abord contre ce qui ressemble \u00e0 une fake-news de 2020, lors de la campagne des \u00e9lections municipales, quand des messages sur les r\u00e9seaux sociaux affirmaient que <a href=\"https:\/\/actu.fr\/tag\/gregory-doucet\" target=\"_blank\" rel=\"noopener\">Gr\u00e9gory Doucet<\/a> et son \u00e9quipe comptaient acter la fin du zoo de la Ville.\u00a0<\/p>\n<blockquote class=\"ac-article-quote wall-content\">\n<p>On a \u00e9crit le programme ensemble, nous n&rsquo;avons jamais eu la volont\u00e9 de le fermer. \u00c7a a \u00e9t\u00e9 amen\u00e9 comme un totem de la peur de l&rsquo;\u00e9colo durant la campagne des \u00e9lections municipales.<\/p>\n<p>    <strong>Gautier Chapuis<\/strong><br \/>\n        Adjoint \u00e0 la Ville de Lyon    <\/p><\/blockquote>\n<p class=\" wall-content\">L\u2019\u00e9cologiste est clair : \u00ab\u00a0ce n\u2019est pas notre projet de fermer\u00a0\u00bb. Il reconnait, n\u00e9anmoins, des <strong>difficult\u00e9s pour respecter la condition animale<\/strong>, \u00ab\u00a0des choses qui se passaient dans ce zoo n\u2019\u00e9taient absolument plus logiques avec ce que l\u2019on portait termes de condition animale\u00a0\u00bb.<\/p>\n<p>    <img   decoding=\"async\" loading=\"lazy\" src=\"https:\/\/www.europesays.com\/fr\/wp-content\/uploads\/2025\/06\/gautier-chapuis-lyon-2-960x640.jpeg\" alt=\"L'adjoint au maire en charge du zoo de Lyon Gautier Chapuis lors d'une interview avec actu Lyon.\" width=\"960\" height=\"640\"\/><br \/>\n    L\u2019adjoint au maire en charge du zoo de Lyon Gautier Chapuis lors d\u2019une interview avec actu Lyon. (\u00a9Nicolas Zaugra\/ actu Lyon)Les questions pos\u00e9es \u00ab\u00a0animal par animal\u00a0\u00bb<\/p>\n<p class=\" wall-content\">Gautier Chapuis assure que les questions sont pos\u00e9es \u00ab\u00a0animal par animal\u00a0\u00bb, pour savoir s\u2019il faut ou non <strong>d\u00e9placer les b\u00eates<\/strong> dans un autre centre : \u00ab\u00a0Les d\u00e9cisions que l\u2019on prend sont tout le temps centr\u00e9es sur la condition de ces animaux en difficult\u00e9, n\u00e9s en captivit\u00e9 et que l\u2019on ne peut pas rel\u00e2cher dans la nature. Ils ont une histoire, un caract\u00e8re, certains sont vieux. C\u2019est comme nous, le changement peut le tuer\u00a0\u00bb.<\/p>\n<p class=\" wall-content\">Mais le constat est l\u00e0, quand on se prom\u00e8ne entre les b\u00e2timents du zoo, le nombre de <strong>b\u00eates tournant en rond toute la journ\u00e9e<\/strong> ne semble pas avoir drastiquement r\u00e9duit. Une volont\u00e9 de l\u2019ex\u00e9cutif.<\/p>\n<p>Un centre pour esp\u00e8ces menac\u00e9es<\/p>\n<p class=\" wall-content\">Gautier Chapuis, \u00e9voquant un \u00ab\u00a0vrai sch\u00e9ma directeur\u00a0\u00bb, explique en effet ne vouloir conserver au zoo de la T\u00eate d\u2019Or plus que des animaux <strong>en voie de disparition ou menac\u00e9s d\u2019extinction<\/strong>.<\/p>\n<p class=\" wall-content\">Cela, afin de \u00ab\u00a0faire un <strong>centre de protection<\/strong>, y compris contre les actes de maltraitance ou de trafic\u00a0\u00bb. Avec encore de nouveaux sp\u00e9cimens ? \u00ab\u00a0Oui, des animaux sauvages captifs\u00a0\u00bb, r\u00e9pond l\u2019int\u00e9ress\u00e9.<\/p>\n<p class=\" wall-content\">Un discours pas vraiment novateur, les Lyonnais connaisseurs du dossier trouveront des similitudes avec les promesses faites par la mairie centrale depuis pr\u00e8s de 10 ans sur un tel projet, rest\u00e9 toujours tr\u00e8s flou.\u00a0<\/p>\n<p class=\" wall-content\">C\u2019est ainsi que des animaux du zoo de Lyon pourraient \u00eatre remplac\u00e9es \u00e0 leur mort, comme les girafes.<\/p>\n<p>    <img   decoding=\"async\" loading=\"lazy\" src=\"https:\/\/www.europesays.com\/fr\/wp-content\/uploads\/2025\/06\/flamands-roses-lyon-960x640.jpg\" alt=\"L'association PAZ remet en question la pr\u00e9sence des flamants roses, \" width=\"960\" height=\"640\"\/><br \/>\n    Des flamants roses au parc de la T\u00eate d\u2019Or de Lyon\u00a0\u00bb. (\u00a9Anthony Soudani \/ actu Lyon)Encore des travaux<\/p>\n<p class=\" wall-content\">Gautier Chapuis explique enfin que le ch\u00e8que de 500 000 euros vot\u00e9 pour le parc de la T\u00eate d\u2019Or, et <a href=\"https:\/\/actu.fr\/auvergne-rhone-alpes\/lyon_69123\/lyon-ce-coin-ignore-du-parc-de-la-tete-d-or-va-devenir-un-paradis-vegetal-les-details_62656714.html\" target=\"_blank\" rel=\"noopener\">notamment pour le jardin botanique<\/a>, concernera aussi l\u2019espace r\u00e9serv\u00e9 aux animaux.<\/p>\n<p class=\" wall-content\">Au programme lors des travaux : \u00ab\u00a0r\u00e9duire les all\u00e9es pour recr\u00e9er un espace dans lequel l\u2019on plonge le visiteur dans <strong>un endroit pas anodin<\/strong>. Ce n\u2019est pas un parc d\u2019attraction, pas un parc d\u2019exposition\u00a0\u00bb.<\/p>\n<p class=\" wall-content\">L\u2019id\u00e9e est d\u00e9sormais de faire \u00ab\u00a0un parc<strong> au service des animaux<\/strong> \u00ab\u00a0, avec des chantiers importants \u00e0 venir comme le transfert des singes Capucins dans l\u2019ancienne ourserie et l\u2019agrandissement de certains enclos.<\/p>\n<p class=\" wall-content\">\u00ab\u00a0Il <strong>restera beaucoup \u00e0 faire<\/strong> sur un prochain projet\u00a0\u00bb, conclut Gautier Chapuis.<\/p>\n<p class=\" wall-content\">Suivez toute l\u2019actualit\u00e9 de vos villes et m\u00e9dias favoris en vous inscrivant \u00e0 <a href=\"https:\/\/moncompte.actu.fr\" title=\"D\u00e9couvez Mon Actu\" rel=\"nofollow noopener\" data-trk=\"{&quot;cta&quot;:{&quot;action&quot;:&quot;https:\\\/\\\/moncompte.actu.fr&quot;,&quot;category&quot;:&quot;mon compte&quot;,&quot;from&quot;:&quot;article footer&quot;,&quot;name&quot;:&quot;Mon actu&quot;,&quot;type&quot;:&quot;cta&quot;}}\" target=\"_blank\">Mon Actu<\/a>.<\/p>\n","protected":false},"excerpt":{"rendered":"Par Julien Damboise Publi\u00e9 le 10 juin 2025 \u00e0 17h36 Le zoo du parc de la T\u00eate d\u2019Or&hellip;\n","protected":false},"author":2,"featured_media":166676,"comment_status":"","ping_status":"","sticky":false,"template":"","format":"standard","meta":{"footnotes":""},"categories":[1889],"tags":[1111,11,1867,2430,1777,674,1011,27,2428,6795,12,13760,25,104],"class_list":{"0":"post-166675","1":"post","2":"type-post","3":"status-publish","4":"format-standard","5":"has-post-thumbnail","7":"category-lyon","8":"tag-actu","9":"tag-actualites","10":"tag-animaux","11":"tag-auvergne-rhone-alpes","12":"tag-eu","13":"tag-europe","14":"tag-fr","15":"tag-france","16":"tag-lyon","17":"tag-maltraitance-animale","18":"tag-news","19":"tag-parc-de-la-tete-dor","20":"tag-republique-francaise","21":"tag-societe"},"share_on_mastodon":{"url":"https:\/\/pubeurope.com\/@fr\/114661310209688789","error":""},"_links":{"self":[{"href":"https:\/\/www.europesays.com\/fr\/wp-json\/wp\/v2\/posts\/166675","targetHints":{"allow":["GET"]}}],"collection":[{"href":"https:\/\/www.europesays.com\/fr\/wp-json\/wp\/v2\/posts"}],"about":[{"href":"https:\/\/www.europesays.com\/fr\/wp-json\/wp\/v2\/types\/post"}],"author":[{"embeddable":true,"href":"https:\/\/www.europesays.com\/fr\/wp-json\/wp\/v2\/users\/2"}],"replies":[{"embeddable":true,"href":"https:\/\/www.europesays.com\/fr\/wp-json\/wp\/v2\/comments?post=166675"}],"version-history":[{"count":0,"href":"https:\/\/www.europesays.com\/fr\/wp-json\/wp\/v2\/posts\/166675\/revisions"}],"wp:featuredmedia":[{"embeddable":true,"href":"https:\/\/www.europesays.com\/fr\/wp-json\/wp\/v2\/media\/166676"}],"wp:attachment":[{"href":"https:\/\/www.europesays.com\/fr\/wp-json\/wp\/v2\/media?parent=166675"}],"wp:term":[{"taxonomy":"category","embeddable":true,"href":"https:\/\/www.europesays.com\/fr\/wp-json\/wp\/v2\/categories?post=166675"},{"taxonomy":"post_tag","embeddable":true,"href":"https:\/\/www.europesays.com\/fr\/wp-json\/wp\/v2\/tags?post=166675"}],"curies":[{"name":"wp","href":"https:\/\/api.w.org\/{rel}","templated":true}]}}