{"id":166683,"date":"2025-06-10T22:02:12","date_gmt":"2025-06-10T22:02:12","guid":{"rendered":"https:\/\/www.europesays.com\/fr\/166683\/"},"modified":"2025-06-10T22:02:12","modified_gmt":"2025-06-10T22:02:12","slug":"monaco-asvel-a-quelle-heure-et-sur-quelle-chaine-tv-voir-le-match-4-de-la-demi-finale-de-betclic-elite","status":"publish","type":"post","link":"https:\/\/www.europesays.com\/fr\/166683\/","title":{"rendered":"Monaco-Asvel\u00a0: \u00e0 quelle heure et sur quelle cha\u00eene TV voir le match 4 de la demi-finale de Betclic \u00c9lite\u00a0?"},"content":{"rendered":"<p class=\"paragraph text_align_left\">Qui affrontera le <a href=\"https:\/\/www.leparisien.fr\/sports\/basket\/betclic-elite-le-paris-basketball-terrasse-bourg-en-bresse-et-file-en-finale-08-06-2025-RAITPN6DS5DJNLVSYQMSPVIAUU.php\" target=\"_blank\" rel=\"noreferrer noopener\">Paris Basketball <\/a>en finale du Championnat de France ? Si le club de <a href=\"https:\/\/www.leparisien.fr\/sports\/basket\/\" target=\"_blank\" rel=\"noreferrer noopener\">basket <\/a>de la capitale est qualifi\u00e9 depuis dimanche &#8211; et sa 3e victoire en 3 matchs face \u00e0 Bourg &#8211; pour l\u2019ultime rendez-vous de la saison, il ne conna\u00eet pas encore le nom de son adversaire. Mais le suspense ne va peut-\u00eatre plus durer longtemps.<\/p>\n<p class=\"paragraph text_align_left\">Balay\u00e9 lors du premier match \u00e0 la LDLC Arena (94-74), Monaco a remport\u00e9 les deux suivants (77-94 \u00e0 l\u2019ext\u00e9rieur puis 74-64 \u00e0 domicile) et se pr\u00e9sente d\u00e9sormais en position de force avant le match 4 de la demi-finale qui l\u2019oppose \u00e0 l\u2019Asvel ce mardi 10 juin (21 heures).<\/p>\n<p class=\"paragraph text_align_left\">Le double champion de France &#8211; bien que toujours priv\u00e9 de son ma\u00eetre \u00e0 jouer Mike James (suspendu pour raisons extra-sportives) &#8211; peut d\u00e9crocher son ticket pour la finale en cas de succ\u00e8s sur son parquet. On assisterait alors \u00e0 un remake de la finale 2024 entre les Mon\u00e9gasques et les Parisiens.<\/p>\n<p class=\"paragraph text_align_left\">Un revers mettrait les deux \u00e9quipes \u00e0 \u00e9galit\u00e9 (2-2) et les obligerait \u00e0 disputer une belle d\u00e9cisive, jeudi 12 juin, sur le terrain de l\u2019Asvel.<\/p>\n<p class=\"paragraph text_align_left\"><b>Le coup d\u2019envoi du quatri\u00e8me match des demi-finales entre Monaco et l\u2019Asvel sera donn\u00e9 \u00e0 21 heures ce mardi 10 juin. La rencontre sera \u00e0 suivre en direct sur DAZN.<\/b><\/p>\n","protected":false},"excerpt":{"rendered":"Qui affrontera le Paris Basketball en finale du Championnat de France ? Si le club de basket de&hellip;\n","protected":false},"author":2,"featured_media":166684,"comment_status":"","ping_status":"","sticky":false,"template":"","format":"standard","meta":{"footnotes":""},"categories":[1888],"tags":[1111,1928,11,1927,1465,1777,674,1011,27,12,1926,626,1925,25,60],"class_list":{"0":"post-166683","1":"post","2":"type-post","3":"status-publish","4":"format-standard","5":"has-post-thumbnail","7":"category-paris","8":"tag-actu","9":"tag-actu-paris","10":"tag-actualites","11":"tag-actualites-paris","12":"tag-basket","13":"tag-eu","14":"tag-europe","15":"tag-fr","16":"tag-france","17":"tag-news","18":"tag-news-paris","19":"tag-paris","20":"tag-paris-news","21":"tag-republique-francaise","22":"tag-sports"},"share_on_mastodon":{"url":"https:\/\/pubeurope.com\/@fr\/114661329764413294","error":""},"_links":{"self":[{"href":"https:\/\/www.europesays.com\/fr\/wp-json\/wp\/v2\/posts\/166683","targetHints":{"allow":["GET"]}}],"collection":[{"href":"https:\/\/www.europesays.com\/fr\/wp-json\/wp\/v2\/posts"}],"about":[{"href":"https:\/\/www.europesays.com\/fr\/wp-json\/wp\/v2\/types\/post"}],"author":[{"embeddable":true,"href":"https:\/\/www.europesays.com\/fr\/wp-json\/wp\/v2\/users\/2"}],"replies":[{"embeddable":true,"href":"https:\/\/www.europesays.com\/fr\/wp-json\/wp\/v2\/comments?post=166683"}],"version-history":[{"count":0,"href":"https:\/\/www.europesays.com\/fr\/wp-json\/wp\/v2\/posts\/166683\/revisions"}],"wp:featuredmedia":[{"embeddable":true,"href":"https:\/\/www.europesays.com\/fr\/wp-json\/wp\/v2\/media\/166684"}],"wp:attachment":[{"href":"https:\/\/www.europesays.com\/fr\/wp-json\/wp\/v2\/media?parent=166683"}],"wp:term":[{"taxonomy":"category","embeddable":true,"href":"https:\/\/www.europesays.com\/fr\/wp-json\/wp\/v2\/categories?post=166683"},{"taxonomy":"post_tag","embeddable":true,"href":"https:\/\/www.europesays.com\/fr\/wp-json\/wp\/v2\/tags?post=166683"}],"curies":[{"name":"wp","href":"https:\/\/api.w.org\/{rel}","templated":true}]}}