{"id":16669,"date":"2025-04-11T06:32:29","date_gmt":"2025-04-11T06:32:29","guid":{"rendered":"https:\/\/www.europesays.com\/fr\/16669\/"},"modified":"2025-04-11T06:32:29","modified_gmt":"2025-04-11T06:32:29","slug":"a-marseille-lheritage-gaudin-la-chronique-de-philippe-rio-9-avril-2025","status":"publish","type":"post","link":"https:\/\/www.europesays.com\/fr\/16669\/","title":{"rendered":"\u00c0 Marseille, l\u2019h\u00e9ritage Gaudin &#8211; La chronique de Philippe Rio &#8211; 9 avril 2025"},"content":{"rendered":"<p>Marseille (Bouches-du-Rh\u00f4ne), son port, sa Canebi\u00e8re, son V\u00e9lodrome et sa victoire en Ligue des champions. Marseille, c\u2019est aussi son maire historique, de 1995 \u00e0 2020, <a href=\"https:\/\/www.humanite.fr\/politique\/deces\/avec-laccent-de-pagnol-et-les-idees-de-maurras-jean-claude-gaudin-est-mort\" rel=\"nofollow noopener\" target=\"_blank\">Jean-Claude Gaudin<\/a>. Personnage digne de Pagnol dont l\u2019immobilisme l\u00e9gendaire \u00e9tait la marque de fabrique d\u2019une politique \u00e0 la papa ou plut\u00f4t \u00e0 la papi. \u00ab\u00a04 mandats de maire dont 2 de trop\u00a0\u00bb, dirent m\u00eame ses amis politiques. Des mandats municipaux qui se finirent tragiquement par le drame de la rue d\u2019Aubagne. En novembre 2018, deux immeubles insalubres, dont un \u00e9tait la propri\u00e9t\u00e9 du bailleur social de la Ville, s\u2019effondrent\u00a0: 8 morts.<\/p>\n<p>Sur les d\u00e9bris de la rue d\u2019Aubagne qui n\u2019\u00e9tait qu\u2019une part \u00e9merg\u00e9e de l\u2019iceberg dans un oc\u00e9an d\u2019habitat indigne, 600 arr\u00eat\u00e9s de mise en s\u00e9curit\u00e9 des logements ont \u00e9t\u00e9 pris, entre 2020 et 2024, par la nouvelle \u00e9quipe municipale de gauche et \u00e9cologiste.<\/p>\n<p>Marseille, c\u2019est 26\u00a0% de pauvret\u00e9. Une pauvret\u00e9 concentr\u00e9e dans les quartiers Nord et le 3e arrondissement, le plus pauvre d\u2019Europe o\u00f9 je me suis rendu la semaine derni\u00e8re aux c\u00f4t\u00e9s d\u2019Audrey Garino, adjointe au maire en charge des affaires sociales, et d\u2019Audrey Gatian, en charge de la politique de la ville. Nous sommes all\u00e9s au pied de la tour B de 57 \u00e9tages de la cit\u00e9 Bellevue, o\u00f9 la r\u00e9novation urbaine est en route apr\u00e8s des d\u00e9cennies de retard. La pauvret\u00e9 vous y frappe\u00a0et le trafic de drogue gangr\u00e8ne tout.<\/p>\n<p>Dans la deuxi\u00e8me plus grande ville de France, 16\u00a0000 personnes sont sans abri, entre 5\u00a0000\u00a0et 9\u00a0000 vivent dans des squats et 600 \u00e0 1\u00a0000 dans des bidonvilles. Le Samu social municipal est le bras arm\u00e9 de la politique municipale avec 50 salari\u00e9s, 17 v\u00e9hicules, 6\u00a0000 couvertures distribu\u00e9es par an. Mais aussi 10\u00a0000 repas froids pour faire face \u00e0 toute \u00e9preuve potentielle. Et un CCAS qui a cess\u00e9 de se concentrer sur de l\u2019animation pour faire de l\u2019action sociale. Nos deux villes de Grigny (Essonne) et de Marseille sont li\u00e9es en tant que laur\u00e9ates de Territoires z\u00e9ro non-recours, pour am\u00e9liorer l\u2019acc\u00e8s aux droits. Loin du discours de classe sur l\u2019assistanat.<\/p>\n<p>Aux hasards d\u2019une rencontre, je suis tomb\u00e9 sur Dominique de Villepin que j\u2019ai salu\u00e9 pour ses prises de position sur la Palestine. Mais aussi sur Fran\u00e7ois Lamy, ancien \u00e9lu essonnien et ex-ministre de la Ville, et d\u00e9sormais conseiller sp\u00e9cial du maire marseillais Beno\u00eet Payan. Il m\u2019a confi\u00e9 que la ville ignorait jusqu\u2019alors de quoi elle \u00e9tait propri\u00e9taire.<\/p>\n<p>Tel un syndrome de l\u2019inertie de l\u2019\u00e9quipe sortante dont le Printemps marseillais affronte d\u00e9sormais l\u2019h\u00e9ritage pour transformer le quotidien des habitants de la cit\u00e9 phoc\u00e9enne. Alors que le d\u00e9lib\u00e9r\u00e9 du proc\u00e8s de la rue d\u2019Aubagne est attendu le 7\u00a0juillet, le procureur a qualifi\u00e9 le drame de \u00ab\u00a0blessure dans le c\u0153ur de Marseille avec des victimes d\u00e9c\u00e9d\u00e9es par la cupidit\u00e9 des uns, la n\u00e9gligence ou l\u2019incomp\u00e9tence et surtout l\u2019indiff\u00e9rence de tous\u00a0\u00bb.<\/p>\n<p>Avant de partir, une derni\u00e8re chose\u2026<\/p>\n<p>Contrairement \u00e0 90% des m\u00e9dias fran\u00e7ais aujourd\u2019hui, <strong>l\u2019Humanit\u00e9 ne d\u00e9pend ni de grands groupes ni de milliardaires<\/strong>. Cela signifie que : <\/p>\n<ul class=\"wp-block-list\">\n<li>nous vous apportons des informations impartiales, sans compromis. Mais aussi que <\/li>\n<li>nous n\u2019avons pas les moyens financiers dont b\u00e9n\u00e9ficient les autres m\u00e9dias.<\/li>\n<\/ul>\n<p><strong>L\u2019information ind\u00e9pendante et de qualit\u00e9 a un co\u00fbt<\/strong>. Payez-le.<br \/><a href=\"https:\/\/stage.preprod.humanite.fr\/lhumanite-cest-vous\" data-type=\"link\" data-id=\"https:\/\/stage.preprod.humanite.fr\/lhumanite-cest-vous\" rel=\"nofollow noopener\" target=\"_blank\">Je veux en savoir plus<\/a><\/p>\n","protected":false},"excerpt":{"rendered":"Marseille (Bouches-du-Rh\u00f4ne), son port, sa Canebi\u00e8re, son V\u00e9lodrome et sa victoire en Ligue des champions. Marseille, c\u2019est aussi&hellip;\n","protected":false},"author":2,"featured_media":16670,"comment_status":"","ping_status":"","sticky":false,"template":"","format":"standard","meta":{"footnotes":""},"categories":[2814],"tags":[1111,11,1777,674,1011,27,4250,884,12,882,25],"class_list":{"0":"post-16669","1":"post","2":"type-post","3":"status-publish","4":"format-standard","5":"has-post-thumbnail","7":"category-marseille","8":"tag-actu","9":"tag-actualites","10":"tag-eu","11":"tag-europe","12":"tag-fr","13":"tag-france","14":"tag-habitat","15":"tag-marseille","16":"tag-news","17":"tag-provence-alpes-cote-dazur","18":"tag-republique-francaise"},"share_on_mastodon":{"url":"https:\/\/pubeurope.com\/@fr\/114317934202567964","error":""},"_links":{"self":[{"href":"https:\/\/www.europesays.com\/fr\/wp-json\/wp\/v2\/posts\/16669","targetHints":{"allow":["GET"]}}],"collection":[{"href":"https:\/\/www.europesays.com\/fr\/wp-json\/wp\/v2\/posts"}],"about":[{"href":"https:\/\/www.europesays.com\/fr\/wp-json\/wp\/v2\/types\/post"}],"author":[{"embeddable":true,"href":"https:\/\/www.europesays.com\/fr\/wp-json\/wp\/v2\/users\/2"}],"replies":[{"embeddable":true,"href":"https:\/\/www.europesays.com\/fr\/wp-json\/wp\/v2\/comments?post=16669"}],"version-history":[{"count":0,"href":"https:\/\/www.europesays.com\/fr\/wp-json\/wp\/v2\/posts\/16669\/revisions"}],"wp:featuredmedia":[{"embeddable":true,"href":"https:\/\/www.europesays.com\/fr\/wp-json\/wp\/v2\/media\/16670"}],"wp:attachment":[{"href":"https:\/\/www.europesays.com\/fr\/wp-json\/wp\/v2\/media?parent=16669"}],"wp:term":[{"taxonomy":"category","embeddable":true,"href":"https:\/\/www.europesays.com\/fr\/wp-json\/wp\/v2\/categories?post=16669"},{"taxonomy":"post_tag","embeddable":true,"href":"https:\/\/www.europesays.com\/fr\/wp-json\/wp\/v2\/tags?post=16669"}],"curies":[{"name":"wp","href":"https:\/\/api.w.org\/{rel}","templated":true}]}}