{"id":166716,"date":"2025-06-10T22:21:14","date_gmt":"2025-06-10T22:21:14","guid":{"rendered":"https:\/\/www.europesays.com\/fr\/166716\/"},"modified":"2025-06-10T22:21:14","modified_gmt":"2025-06-10T22:21:14","slug":"dembele-ballon-dor-larmes-merci-a-mbappe-nasser-al-khelaifi-se-livre-apres-le-sacre-en-ligue-des-champions","status":"publish","type":"post","link":"https:\/\/www.europesays.com\/fr\/166716\/","title":{"rendered":"\u00abDemb\u00e9l\u00e9 Ballon d\u2019or\u00bb, larmes, \u00abmerci \u00e0 Mbapp\u00e9\u00bb\u2026 Nasser Al-Khela\u00effi se livre apr\u00e8s le sacre en Ligue des champions"},"content":{"rendered":"<p>Le pr\u00e9sident du Paris Saint-Germain \u00e9tait l\u2019invit\u00e9 de l\u2019\u00e9mission \u00abC \u00e0 Vous\u00bb sur France 5 ce mardi, un peu plus d\u2019une semaine apr\u00e8s le sacre en C1, le 31 mai dernier.<\/p>\n<p class=\"fig-paragraph\">\u00abM\u00eame au cinqui\u00e8me but, je n\u2019\u00e9tais pas calm\u00e9\u00bb. Nasser Al-Khela\u00effi avoue avoir trembl\u00e9 jusqu\u2019au bout lors de\u00a0<a href=\"http:\/\/www.lefigaro.fr\/sports\/football\/ligue-des-champions\/ligue-des-champions-a-l-issue-d-une-finale-de-reve-le-psg-au-sommet-de-l-europe-20250531\" data-fig-type=\"NewsFlash\" data-gtm-custom-categorie=\"navigation\" data-gtm-custom-action=\"crossclick\" data-gtm-custom-label=\"Contextuel\" data-gtm-event=\"customEventSPE\" data-fig-domain=\"LEFIGARO\" rel=\"nofollow noopener\" target=\"_blank\">la finale de Ligue des champions face \u00e0 l\u2019Inter Milan (5-0)<\/a>, le 31 mai dernier, \u00e0 Munich. Pourtant, les joueurs du PSG ont fait le n\u00e9cessaire pour tuer le suspense rapidement\u2026 \u00ab\u00c7a a \u00e9t\u00e9 tr\u00e8s vite, tous les buts, tout le match, je n\u2019y croyais pas. Maintenant, on est contents\u00bb, sourit le pr\u00e9sident du Paris Saint-Germain, invit\u00e9 de l\u2019\u00e9mission \u00abC \u00e0 vous\u00bb sur France 5 ce mardi. \u00abC\u2019\u00e9tait le grand r\u00eave, le troph\u00e9e le plus important pour les clubs europ\u00e9ens, tout le monde le veut. En voyant la coupe pendant l\u2019entra\u00eenement \u00e0 la veille de la finale, je me disais que c\u2019\u00e9tait si proche et si loin \u00e0 la fois\u00bb, a-t-il expliqu\u00e9, faisant part de sa \u00abfiert\u00e9\u00bb.<\/p>\n<p class=\"fig-paragraph\">Pour cette\u00a0<a href=\"http:\/\/www.lefigaro.fr\/sports\/football\/ligue-des-champions\/psg-nasser-al-khelaifi-rend-hommage-aux-anciens-meme-neymar-messi-mbappe-20250603\" data-fig-type=\"NewsFlash\" data-gtm-custom-categorie=\"navigation\" data-gtm-custom-action=\"crossclick\" data-gtm-custom-label=\"Contextuel\" data-gtm-event=\"customEventSPE\" data-fig-domain=\"LEFIGARO\" rel=\"nofollow noopener\" target=\"_blank\">deuxi\u00e8me intervention dans les m\u00e9dias<\/a>\u00a0en Europe, la premi\u00e8re en France depuis le sacre, \u00abNAK\u00bb a \u00e9t\u00e9 \u00e9mu aux larmes au moment d\u2019\u00e9voquer le souvenir de sa m\u00e8re, d\u00e9c\u00e9d\u00e9e en 2019\u00a0: \u00abC\u2019est difficile pour moi\u2026 C\u2019est difficile d\u2019en parler. Elle faisait la pri\u00e8re tous les jours pour nous. Je sais qu\u2019elle est avec moi aujourd\u2019hui. C\u2019\u00e9tait un r\u00eave de gagner cette Ligue des champions. Ce troph\u00e9e, c\u2019est pour elle aussi\u00bb.<\/p>\n<blockquote class=\"fig-quote&#10;    \">\n<p class=\"fig-quote__text\">C\u2019est l\u2019ADN du club aujourd\u2019hui, le PSG est plus important que tout le monde.<\/p>\n<p>            Nasser Al-Khela\u00effi\n    <\/p><\/blockquote>\n<p class=\"fig-paragraph\">France 5 avait pr\u00e9vu quelques messages de joueurs parisiens pour leur pr\u00e9sident, Marquinhos et Ousmane Demb\u00e9l\u00e9. Le dirigeant qatarien en a profit\u00e9 pour participer au\u00a0<a href=\"http:\/\/www.lefigaro.fr\/sports\/football\/ligue-des-champions\/psg-ousmane-dembele-merite-t-il-le-ballon-d-or-20250602\" data-fig-type=\"Article\" data-gtm-custom-categorie=\"navigation\" data-gtm-custom-action=\"crossclick\" data-gtm-custom-label=\"Contextuel\" data-gtm-event=\"customEventSPE\" data-fig-domain=\"LEFIGARO\" rel=\"nofollow noopener\" target=\"_blank\">lobbying en faveur du deuxi\u00e8me nomm\u00e9 en vue du Ballon d\u2019or<\/a>. \u00abOn a de magnifiques joueurs. Marquinhos (au club depuis 2013, NDLR) a souffert avec nous. Je suis tr\u00e8s fier de lui, un leader, un capitaine. Ousmane Demb\u00e9l\u00e9, c\u2019est le Ballon d\u2019or, un magnifique joueur, g\u00e9n\u00e9reux sur et en dehors du terrain, un exemple\u00bb, jure-t-il, ne manquant pas de rappeler que \u00abla star, c\u2019est l\u2019\u00e9quipe. C\u2019est l\u2019ADN du club aujourd\u2019hui, le PSG est plus important que tout le monde. On a des stars, beaucoup de joueurs. Mais les stars travaillent pour l\u2019\u00e9quipe. On a une famille, 23 soldats, tout le monde ensemble sur le terrain en dehors, on a un coach magnifique, le meilleur conseiller sportif, un staff m\u00e9dical\u2026 C\u2019est une \u00e9quipe compl\u00e8te\u00bb.<\/p>\n<p class=\"fig-paragraph\">Une \u00e9quipe dont ne fait \u00e9videmment plus partie\u00a0<a href=\"http:\/\/www.lefigaro.fr\/sports\/football\/ligue-1\/il-a-marque-de-son-empreinte-son-passage-au-psg-mbappe-avant-le-grand-saut-l-heure-du-bilan-20240523\" data-fig-type=\"Article\" data-gtm-custom-categorie=\"navigation\" data-gtm-custom-action=\"crossclick\" data-gtm-custom-label=\"Contextuel\" data-gtm-event=\"customEventSPE\" data-fig-domain=\"LEFIGARO\" rel=\"nofollow noopener\" target=\"_blank\">Kylian Mbapp\u00e9, parti au Real l\u2019\u00e9t\u00e9 dernier<\/a>. \u00abJe veux remercier Kylian pour ce qu\u2019il a donn\u00e9 au club, a d\u00e9clar\u00e9 Nasser Al-Khela\u00effi. Lui, (Leo) Messi, Neymar, Zlatan (Ibrahimovic)\u2026 C\u2019\u00e9tait une p\u00e9riode importante pour le club. On a eu la chance de gagner cette ann\u00e9e, sans lui, mais je lui souhaite le meilleur au Real, j\u2019ai un grand respect pour lui. On est un peu en conflit (sourire), mais je lui souhaite le meilleur du plus profond de mon c\u0153ur. Pas quand il jouera contre nous ceci dit (sourire)\u00bb. Pour ce qui est du \u00abconflit\u00bb \u00e9voqu\u00e9 par l\u2019ancien tennisman,\u00a0<a href=\"http:\/\/www.lefigaro.fr\/sports\/football\/conflit-mbappe-psg-un-recit-fantasque-relevant-d-un-univers-parallele-la-reaction-du-club-20250410\" data-fig-type=\"NewsFlash\" data-gtm-custom-categorie=\"navigation\" data-gtm-custom-action=\"crossclick\" data-gtm-custom-label=\"Contextuel\" data-gtm-event=\"customEventSPE\" data-fig-domain=\"LEFIGARO\" rel=\"nofollow noopener\" target=\"_blank\">il s\u2019agit des 55 M\u20ac de primes et salaires impay\u00e9s que le joueur r\u00e9clame<\/a>. Litige qui se r\u00e9glera devant les tribunaux.<\/p>\n<blockquote class=\"fig-quote&#10;    \">\n<p class=\"fig-quote__text\">J\u2019ai senti la France derri\u00e8re nous pour la premi\u00e8re fois.<\/p>\n<p>            Nasser Al-Khela\u00effi\n    <\/p><\/blockquote>\n<p class=\"fig-paragraph\">En attendant, \u00abNAK\u00bb n\u2019est pas pr\u00e8s de quitter la t\u00eate du Paris Saint-Germain. \u00abJe ne sais pas combien de temps mais le club est dans mon c\u0153ur, je veux rester le plus longtemps possible\u00bb, a-t-il affirm\u00e9, remerciant au passage \u00abtoute la France pour avoir \u00e9t\u00e9 derri\u00e8re nous. J\u2019ai senti la France derri\u00e8re nous pour la premi\u00e8re fois. Je remercie aussi le pr\u00e9sident Macron pour ses mots, son discours, \u00e7a m\u2019a touch\u00e9, \u00e7a a touch\u00e9 les joueurs\u00bb. Et maintenant, cap sur les \u00c9tats-Unis, o\u00f9\u00a0<a href=\"http:\/\/www.lefigaro.fr\/sports\/football\/coupe-du-monde\/coupe-du-monde-des-clubs-le-groupe-du-psg-avec-dembele-barcola-et-le-revenant-moscardo-aux-etats-unis-20250610\" data-fig-type=\"NewsFlash\" data-gtm-custom-categorie=\"navigation\" data-gtm-custom-action=\"crossclick\" data-gtm-custom-label=\"Contextuel\" data-gtm-event=\"customEventSPE\" data-fig-domain=\"LEFIGARO\" rel=\"nofollow noopener\" target=\"_blank\">les Parisiens disputeront la Coupe du monde des clubs du 14 juin au 13 juillet<\/a>.<\/p>\n","protected":false},"excerpt":{"rendered":"Le pr\u00e9sident du Paris Saint-Germain \u00e9tait l\u2019invit\u00e9 de l\u2019\u00e9mission \u00abC \u00e0 Vous\u00bb sur France 5 ce mardi, un&hellip;\n","protected":false},"author":2,"featured_media":166717,"comment_status":"","ping_status":"","sticky":false,"template":"","format":"standard","meta":{"footnotes":""},"categories":[1412],"tags":[4791,786,525,448,1981,1089,814,1451,2257,63,1452,1453,1454,1455,1011,27,2705,6477,447,1307,3490,791,955,11486,2782,4589,4789,93,4790,1980,60,455],"class_list":{"0":"post-166716","1":"post","2":"type-post","3":"status-publish","4":"format-standard","5":"has-post-thumbnail","7":"category-f1","8":"tag-barcelone","9":"tag-c1","10":"tag-calendrier","11":"tag-champions-league","12":"tag-classement","13":"tag-coupe-deurope","14":"tag-direct","15":"tag-f1","16":"tag-foot","17":"tag-football","18":"tag-formula-1","19":"tag-formula1","20":"tag-formule-1","21":"tag-formule1","22":"tag-fr","23":"tag-france","24":"tag-groupe","25":"tag-kylian-mbappe","26":"tag-ligue-des-champions","27":"tag-lille","28":"tag-liverpool","29":"tag-marquinhos","30":"tag-match","31":"tag-nasser-al-khelaifi","32":"tag-ousmane-dembele","33":"tag-phase-finale","34":"tag-poule","35":"tag-psg","36":"tag-real-madrid","37":"tag-resultats","38":"tag-sports","39":"tag-uefa"},"share_on_mastodon":{"url":"https:\/\/pubeurope.com\/@fr\/114661404431889641","error":""},"_links":{"self":[{"href":"https:\/\/www.europesays.com\/fr\/wp-json\/wp\/v2\/posts\/166716","targetHints":{"allow":["GET"]}}],"collection":[{"href":"https:\/\/www.europesays.com\/fr\/wp-json\/wp\/v2\/posts"}],"about":[{"href":"https:\/\/www.europesays.com\/fr\/wp-json\/wp\/v2\/types\/post"}],"author":[{"embeddable":true,"href":"https:\/\/www.europesays.com\/fr\/wp-json\/wp\/v2\/users\/2"}],"replies":[{"embeddable":true,"href":"https:\/\/www.europesays.com\/fr\/wp-json\/wp\/v2\/comments?post=166716"}],"version-history":[{"count":0,"href":"https:\/\/www.europesays.com\/fr\/wp-json\/wp\/v2\/posts\/166716\/revisions"}],"wp:featuredmedia":[{"embeddable":true,"href":"https:\/\/www.europesays.com\/fr\/wp-json\/wp\/v2\/media\/166717"}],"wp:attachment":[{"href":"https:\/\/www.europesays.com\/fr\/wp-json\/wp\/v2\/media?parent=166716"}],"wp:term":[{"taxonomy":"category","embeddable":true,"href":"https:\/\/www.europesays.com\/fr\/wp-json\/wp\/v2\/categories?post=166716"},{"taxonomy":"post_tag","embeddable":true,"href":"https:\/\/www.europesays.com\/fr\/wp-json\/wp\/v2\/tags?post=166716"}],"curies":[{"name":"wp","href":"https:\/\/api.w.org\/{rel}","templated":true}]}}