{"id":166720,"date":"2025-06-10T22:23:18","date_gmt":"2025-06-10T22:23:18","guid":{"rendered":"https:\/\/www.europesays.com\/fr\/166720\/"},"modified":"2025-06-10T22:23:18","modified_gmt":"2025-06-10T22:23:18","slug":"luka-modric-tres-elogieux-envers-vitinha","status":"publish","type":"post","link":"https:\/\/www.europesays.com\/fr\/166720\/","title":{"rendered":"Luka Modric tr\u00e8s \u00e9logieux envers Vitinha &#8211;"},"content":{"rendered":"<p><img width=\"700\" height=\"350\" src=\"https:\/\/www.europesays.com\/fr\/wp-content\/uploads\/2025\/06\/Vitinha-1.jpg\" class=\"attachment-jannah-image-post size-jannah-image-post wp-post-image\" alt=\"Vitinha\" is_main_img=\"1\" decoding=\"async\" fetchpriority=\"high\"  \/><br \/>\n Image :<br \/>\npsg.fr<\/p>\n<p>Depuis deux saisons, Vitinha est l\u2019un des meilleurs milieux<br \/>\nde terrain du monde. Luka Modric n\u2019a pas tari d\u2019\u00e9loge sur le num\u00e9ro<br \/>\n17 du PSG.<\/p>\n<p><strong>Vitinha<\/strong> r\u00e9alise une tr\u00e8s bonne saison<br \/>\n2024-2025, que ce soit avec le <strong>PSG<\/strong> ou la s\u00e9lection<br \/>\nportugaise. M\u00e9tronome du jeu du club de la capitale, il commence<br \/>\naussi \u00e0 se montrer indispensable \u00e0 la s\u00e9lection portugaise. Avec<br \/>\ncinq titres remport\u00e9s, il a aussi garni <a href=\"https:\/\/canal-supporters.com\/vitinha-le-plus-important-cest-le-collectif-et-seulement-apres-vient-lindividuel\/\" title=\"\" rel=\"nofollow noopener\" target=\"_blank\">son palmar\u00e8s<\/a>, qu\u2019il pourrait agrandir dans les<br \/>\nprochains mois. <strong>Luka Modric<\/strong>, l\u00e9gende du football<br \/>\net l\u2019un des meilleurs milieux de terrain de l\u2019histoire, s\u2019est<br \/>\nmontr\u00e9 dithyrambique envers le num\u00e9ro 17 du<br \/>\n<strong>PSG<\/strong>.\u00a0<\/p>\n<p>A voir aussi : <a href=\"https:\/\/canal-supporters.com\/roberto-martinez-vitinha-merite-detre-ballon-dor\/\" title=\"\" rel=\"nofollow noopener\" target=\"_blank\">Roberto Martinez : \u00ab\u00a0Vitinha m\u00e9rite d\u2019\u00eatre Ballon<br \/>\nd\u2019Or !\u00a0\u00bb<\/a><\/p>\n<p><a href=\"https:\/\/x.com\/CanalSupporters\" target=\"_blank\" rel=\"noopener nofollow\" title=\"\">canalsupporters.com<\/a><\/p>\n<p>\u00ab\u00a0Selon<br \/>\nmoi, Vitinha est l\u2019un des meilleurs milieux de terrain du monde<br \/>\ncette saison, si ce n\u2019est le meilleur\u00a0\u00bb<\/p>\n<p>\u00ab\u00a0Je l\u2019aime beaucoup, il a fait une saison ph\u00e9nom\u00e9nale.<br \/>\nC\u2019est un joueur qui permet \u00e0 l\u2019\u00e9quipe de mieux jouer, un<br \/>\norganisateur dont chaque \u00e9quipe a besoin et il l\u2019a montr\u00e9<br \/>\navec\u00a0le <strong>PSG<\/strong> en gagnant la <strong>Ligue des<br \/>\nchampions<\/strong>. Il fait de m\u00eame avec le <strong><a href=\"https:\/\/canal-supporters.com\/selections-les-joueurs-du-psg-impressionnent-au-portugal\/\" title=\"\" rel=\"nofollow noopener\" target=\"_blank\">Portugal<\/a><\/strong>, en demi-finales\u00a0(de la<br \/>\n<strong>Ligue des nations<\/strong>),\u00a0il a encore fait de<br \/>\ngrosses diff\u00e9rences, il a montr\u00e9 toute sa qualit\u00e9, lance<br \/>\n<strong>Luka Modric<\/strong> aupr\u00e8s de la cha\u00eene de t\u00e9l\u00e9vision<br \/>\ncroate Nova TV dans des propos relay\u00e9s par <a href=\"https:\/\/www.lequipe.fr\/Football\/Actualites\/-vitinha-est-l-un-des-meilleurs-si-ce-n-est-le-meilleur-milieu-du-monde-luka-modric-conquis-par-le-joueur-du-psg\/1569032\" target=\"_blank\" rel=\"noopener nofollow\" title=\"\">L\u2019Equipe<\/a>.<br \/>\nSelon moi, <strong>Vitinha<\/strong> est l\u2019un des meilleurs<br \/>\nmilieux de terrain du monde cette saison, si ce n\u2019est le<br \/>\nmeilleur. Il est tr\u00e8s bon avec le ballon, il a une vision<br \/>\ndu jeu ph\u00e9nom\u00e9nale et j\u2019aime beaucoup sa fa\u00e7on de<br \/>\njouer.\u00ab\u00a0<\/p><\/p>\n","protected":false},"excerpt":{"rendered":"Image : psg.fr Depuis deux saisons, Vitinha est l\u2019un des meilleurs milieux de terrain du monde. Luka Modric&hellip;\n","protected":false},"author":2,"featured_media":166721,"comment_status":"","ping_status":"","sticky":false,"template":"","format":"standard","meta":{"footnotes":""},"categories":[1410],"tags":[81,787,63,1011,27,30023,30024,626,91,92,93,60,96,13296],"class_list":{"0":"post-166720","1":"post","2":"type-post","3":"status-publish","4":"format-standard","5":"has-post-thumbnail","7":"category-football","8":"tag-canal-supporters","9":"tag-cs","10":"tag-football","11":"tag-fr","12":"tag-france","13":"tag-luka-modric","14":"tag-modric","15":"tag-paris","16":"tag-paris-saint-germain","17":"tag-paris-sg","18":"tag-psg","19":"tag-sports","20":"tag-une","21":"tag-vitinha"},"share_on_mastodon":{"url":"https:\/\/pubeurope.com\/@fr\/114661412348126007","error":""},"_links":{"self":[{"href":"https:\/\/www.europesays.com\/fr\/wp-json\/wp\/v2\/posts\/166720","targetHints":{"allow":["GET"]}}],"collection":[{"href":"https:\/\/www.europesays.com\/fr\/wp-json\/wp\/v2\/posts"}],"about":[{"href":"https:\/\/www.europesays.com\/fr\/wp-json\/wp\/v2\/types\/post"}],"author":[{"embeddable":true,"href":"https:\/\/www.europesays.com\/fr\/wp-json\/wp\/v2\/users\/2"}],"replies":[{"embeddable":true,"href":"https:\/\/www.europesays.com\/fr\/wp-json\/wp\/v2\/comments?post=166720"}],"version-history":[{"count":0,"href":"https:\/\/www.europesays.com\/fr\/wp-json\/wp\/v2\/posts\/166720\/revisions"}],"wp:featuredmedia":[{"embeddable":true,"href":"https:\/\/www.europesays.com\/fr\/wp-json\/wp\/v2\/media\/166721"}],"wp:attachment":[{"href":"https:\/\/www.europesays.com\/fr\/wp-json\/wp\/v2\/media?parent=166720"}],"wp:term":[{"taxonomy":"category","embeddable":true,"href":"https:\/\/www.europesays.com\/fr\/wp-json\/wp\/v2\/categories?post=166720"},{"taxonomy":"post_tag","embeddable":true,"href":"https:\/\/www.europesays.com\/fr\/wp-json\/wp\/v2\/tags?post=166720"}],"curies":[{"name":"wp","href":"https:\/\/api.w.org\/{rel}","templated":true}]}}