{"id":166728,"date":"2025-06-10T22:28:18","date_gmt":"2025-06-10T22:28:18","guid":{"rendered":"https:\/\/www.europesays.com\/fr\/166728\/"},"modified":"2025-06-10T22:28:18","modified_gmt":"2025-06-10T22:28:18","slug":"vanessa-paradis-en-auvergne-rhone-alpes-pour-trois-concerts-en-2026","status":"publish","type":"post","link":"https:\/\/www.europesays.com\/fr\/166728\/","title":{"rendered":"Vanessa Paradis en Auvergne-Rh\u00f4ne-Alpes pour trois concerts en 2026"},"content":{"rendered":"<p>La chanteuse de 52 ans, Vanessa Paradis, repartira en tourn\u00e9e au printemps 2026. Elle assurera trois concerts en Auvergne-Rh\u00f4ne-Alpes et deux autres non loin de la r\u00e9gion.<\/p>\n<p>Avis aux fans de <b>Vanessa Paradis<\/b> : \u00e0 vos agendas !<\/p>\n<p>Cella qui vient tout juste de sortir un nouveau single intitul\u00e9 \u00ab\u00a0Bouquet Final\u00a0\u00bb\u00a0sera en\u00a0<b>tourn\u00e9e en France<\/b> au <b>printemps prochain<\/b>, entre les mois de <b>mars et mai 2026.<\/b><\/p>\n<\/p>\n<p>Vanessa Paradis \u00e0 Saint-\u00c9tienne, Clermont-Ferrand et Chamb\u00e9ry en 2026<\/p>\n<p>La chanteuse, r\u00e9v\u00e9l\u00e9e \u00e0 l&rsquo;\u00e2ge de 14 ans, se produira d&rsquo;abord dans la <b>Loire<\/b>, au <b>Z\u00e9nith de Saint-\u00c9tienne<\/b>, le <b>27 mars 2026<\/b>.\u00a0<\/p>\n<p>Elle encha\u00eenera le lendemain sur la sc\u00e8ne du <b>Phare <\/b>\u00e0 <b>Chamb\u00e9ry<\/b>, le <b>28 mars 2026<\/b>, en <b>Savoie<\/b>.<\/p>\n<p>Celle qui est aussi actrice et mannequin fera ensuite escale au <b>Z\u00e9nith d&rsquo;Auvergne<\/b>, \u00e0 Cournon-d&rsquo;Auvergne, tout <b>pr\u00e8s de Clermont-Ferrand<\/b>, le <b>24 avril 2026.\u00a0<\/b><\/p>\n<p>Deux autres concerts non loin d&rsquo;Auvergne-Rh\u00f4ne-Alpes<\/p>\n<p>Non loin de la r\u00e9gion Auvergne-Rh\u00f4ne-Alpes, Vanessa Paradis ira aussi chanter en Bourgogne-Franche-Comt\u00e9, au <b>Z\u00e9nith de Dijon<\/b>, le <b>16 mai 2026.\u00a0<\/b><\/p>\n<p>Elle se produira \u00e9galement dans un pays voisin, en <b>Suisse<\/b>, \u00e0 l&rsquo;<b>Arena de Gen\u00e8ve<\/b>, le <b>23 avril 2026.<\/b><br \/><b><br \/><\/b><\/p>\n<p>Ouverture des pr\u00e9ventes ce mercredi, mise en vente le lendemain<\/p>\n<p>Les <b>pr\u00e9ventes <\/b>pour les concerts de Vanessa Paradis en 2026 ouvriront <b>mercredi 11 juin \u00e0 10h<\/b> sur <a class=\"url\" href=\"https:\/\/www.concert-auguri.fr\/fr\/vanessa-paradis\" target=\"_blank\" rel=\"noopener\">concert-auguri.fr.<\/a>\u00a0<\/p>\n<p>La <b>mise en vente g\u00e9n\u00e9rale<\/b> commencera quant \u00e0 elle <b>jeudi 12 juin \u00e0 10h.<\/b><br \/><b><br \/><\/b><\/p>\n<p><img loading=\"lazy\" decoding=\"async\" src=\"https:\/\/www.europesays.com\/fr\/wp-content\/uploads\/2025\/06\/1749594498_57_img\" width=\"350\" height=\"200\" border=\"0\" title=\"Un voile blanc recouvre le ciel ce lundi 9 juin.\"\/><\/p>\n<p>\u25baM\u00e9t\u00e9o<\/p>\n<p style=\"font-size: 22px;\"><b>Ce voile blanc qui couvre le ciel en Auvergne-Rh\u00f4ne-Alpes n&rsquo;est pas li\u00e9 \u00e0 la pollution<\/b><\/p>\n<p>C&rsquo;est une sorte de voile blanc, l\u00e9g\u00e8rement opaque,&#8230;<\/p>\n<p><\/p>\n","protected":false},"excerpt":{"rendered":"La chanteuse de 52 ans, Vanessa Paradis, repartira en tourn\u00e9e au printemps 2026. Elle assurera trois concerts en&hellip;\n","protected":false},"author":2,"featured_media":166729,"comment_status":"","ping_status":"","sticky":false,"template":"","format":"standard","meta":{"footnotes":""},"categories":[1355],"tags":[30026,12362,9050,30027,58,59,1011,27,1361,873,3106,9920,10245],"class_list":{"0":"post-166728","1":"post","2":"type-post","3":"status-publish","4":"format-standard","5":"has-post-thumbnail","7":"category-musique","8":"tag-auvergne-rhne-alpes","9":"tag-chambry","10":"tag-clermont-ferrand","11":"tag-concert-vanessa-paradis","12":"tag-divertissement","13":"tag-entertainment","14":"tag-fr","15":"tag-france","16":"tag-music","17":"tag-musique","18":"tag-paradis","19":"tag-saint-tienne","20":"tag-vanessa-paradis"},"share_on_mastodon":{"url":"https:\/\/pubeurope.com\/@fr\/114661432173712865","error":""},"_links":{"self":[{"href":"https:\/\/www.europesays.com\/fr\/wp-json\/wp\/v2\/posts\/166728","targetHints":{"allow":["GET"]}}],"collection":[{"href":"https:\/\/www.europesays.com\/fr\/wp-json\/wp\/v2\/posts"}],"about":[{"href":"https:\/\/www.europesays.com\/fr\/wp-json\/wp\/v2\/types\/post"}],"author":[{"embeddable":true,"href":"https:\/\/www.europesays.com\/fr\/wp-json\/wp\/v2\/users\/2"}],"replies":[{"embeddable":true,"href":"https:\/\/www.europesays.com\/fr\/wp-json\/wp\/v2\/comments?post=166728"}],"version-history":[{"count":0,"href":"https:\/\/www.europesays.com\/fr\/wp-json\/wp\/v2\/posts\/166728\/revisions"}],"wp:featuredmedia":[{"embeddable":true,"href":"https:\/\/www.europesays.com\/fr\/wp-json\/wp\/v2\/media\/166729"}],"wp:attachment":[{"href":"https:\/\/www.europesays.com\/fr\/wp-json\/wp\/v2\/media?parent=166728"}],"wp:term":[{"taxonomy":"category","embeddable":true,"href":"https:\/\/www.europesays.com\/fr\/wp-json\/wp\/v2\/categories?post=166728"},{"taxonomy":"post_tag","embeddable":true,"href":"https:\/\/www.europesays.com\/fr\/wp-json\/wp\/v2\/tags?post=166728"}],"curies":[{"name":"wp","href":"https:\/\/api.w.org\/{rel}","templated":true}]}}