{"id":166736,"date":"2025-06-10T22:32:08","date_gmt":"2025-06-10T22:32:08","guid":{"rendered":"https:\/\/www.europesays.com\/fr\/166736\/"},"modified":"2025-06-10T22:32:08","modified_gmt":"2025-06-10T22:32:08","slug":"quand-kate-middleton-dejoue-les-codes-vestimentaires-et-porte-des-talons-malgre-les-avertissements","status":"publish","type":"post","link":"https:\/\/www.europesays.com\/fr\/166736\/","title":{"rendered":"quand Kate Middleton d\u00e9joue les codes vestimentaires et porte des talons malgr\u00e9 les avertissements"},"content":{"rendered":"<p>En visite surprise \u00e0 Londres ce mardi 10 juin, Kate Middleton n\u2019a pas voulu se d\u00e9faire de ses incontournables talons aiguilles, alors m\u00eame que des chaussures plates lui avaient \u00e9t\u00e9 recommand\u00e9es.<\/p>\n<p class=\"fig-paragraph\">Entre l\u2019\u00e9l\u00e9gance et le confort,\u00a0<a href=\"https:\/\/madame.lefigaro.fr\/tag\/kate-middleton\" target=\"_blank\" rel=\"noopener\" data-gtm-custom-categorie=\"navigation\" data-gtm-custom-action=\"crossclick\" data-gtm-custom-label=\"Contextuel\" data-gtm-event=\"customEventSPE\">Kate Middleton<\/a>\u00a0a fait son choix. En visite au Victoria &amp; Albert East Storehouse \u00e0 Londres ce mardi pour \u00abmettre en lumi\u00e8re l\u2019importance de c\u00e9l\u00e9brer la fa\u00e7on dont l\u2019art d\u2019apporter de la joie\u00bb, la princesse de Galles a une nouvelle fois brill\u00e9 par son style impeccable&#8230; Qui a toutefois \u00abd\u00e9fi\u00e9\u00bb les codes.<\/p>\n<p class=\"fig-paragraph\">V\u00eatue d\u2019un tailleur-pantalon bleu roi sign\u00e9 Alexander McQueen, l\u2019\u00e9pouse du\u00a0<a href=\"https:\/\/madame.lefigaro.fr\/tag\/prince-william\" target=\"_blank\" rel=\"noopener\" data-gtm-custom-categorie=\"navigation\" data-gtm-custom-action=\"crossclick\" data-gtm-custom-label=\"Contextuel\" data-gtm-event=\"customEventSPE\">prince William<\/a>\u00a0y avait associ\u00e9 une \u00e9l\u00e9gante paire d\u2019escarpins noirs, contre les recommandations officielles du lieu qui la recevait. \u00abNous vous recommandons de porter des v\u00eatements pratiques et des chaussures plates\u00bb, peut-on lire sur le site de la succursale du mus\u00e9e Victoria &amp; Albert de Londres. \u00abLe rev\u00eatement de sol en grille m\u00e9tallique ne convient pas aux talons aiguilles.\u00bb<\/p>\n<p class=\"fig-body-link&#10;    \">\n            \u00c0 lire aussi<br \/>\n        <a class=\"fig-body-link__link\" href=\"http:\/\/madame.lefigaro.fr\/celebrites\/actu-people\/tout-le-monde-se-moquait-de-moi-l-attitude-de-jeunesse-de-kate-middleton-qui-amusait-toute-la-monarchie-20250608\" data-fig-type=\"Article\" data-gtm-custom-categorie=\"navigation\" data-gtm-custom-action=\"crossclick\" data-gtm-custom-label=\"Contextuel\" data-gtm-event=\"customEventSPE\" data-fig-domain=\"MADAME\" target=\"_blank\" rel=\"noopener\">\u00abTout le monde se moquait de moi\u00bb\u00a0: l\u2019habitude de jeunesse de Kate Middleton qui amusait la monarchie<\/a>\n<\/p>\n<p class=\"fig-paragraph\">Faisant fi des recommandations, la princesse de Galles a donc arpent\u00e9 la galerie qui abrite des miliers d\u2019\u00abarchives sp\u00e9ciales\u00bb juch\u00e9e sur ses hauts talons aiguilles. Pour sa premi\u00e8re sortie apr\u00e8s le retour des cong\u00e9s de mi-trimestre avec ses trois enfants, Kate Middleton a navigu\u00e9 avec une facilit\u00e9 d\u00e9concertante dans sa tenue particuli\u00e8rement \u00e9l\u00e9gante. Une facilit\u00e9 qui a \u00e9pat\u00e9 le directeur du V&amp;A. \u00abC\u2019est une pro\u00a0! Elle a g\u00e9r\u00e9 \u00e7a!\u00bb, a-t-il d\u00e9clar\u00e9 \u00e0\u00a0<a href=\"https:\/\/people.com\/kate-middleton-wears-heels-despite-museum-dress-code-advice-11751494?taid=68487482d4835c0001b69dc9&amp;utm_campaign=peoplemagazine&amp;utm_content=new&amp;utm_medium=social&amp;utm_source=twitter.com\" target=\"_blank\" rel=\"nofollow noopener\" data-gtm-custom-categorie=\"navigation\" data-gtm-custom-action=\"crossclick\" data-gtm-custom-label=\"Contextuel\" data-gtm-event=\"customEventSPE\">People<\/a> \u00a0apr\u00e8s le d\u00e9part de la princesse.<\/p>\n<p>Une ancienne \u00e9tudiante en histoire de l\u2019art<\/p>\n<p class=\"fig-paragraph\">Et au-del\u00e0 de sa paire de talons, le directeur du site, qui a ouvert au public le 31 mai dernier, semble ravi de la visite de la princesse de Galles. \u00ab \u00c7a s\u2019est vraiment bien pass\u00e9. Elle \u00e9tait vraiment, vraiment concentr\u00e9e sur les objets, c\u2019est vraiment impressionnant, a-t-il indiqu\u00e9. Elle avait une super \u00e9nergie. Elle \u00e9tait tr\u00e8s \u00e9nergique et concentr\u00e9e. Nous l\u2019avons vue pour la derni\u00e8re fois il y a environ deux ans. Elle conserve cette grande passion et cet int\u00e9r\u00eat pour la cr\u00e9ativit\u00e9, la fabrication et le design. C\u2019\u00e9tait merveilleux de pouvoir l\u2019accueillir.\u00bb Une passion dont elle a souhait\u00e9 faire ses \u00e9tudes\u00a0: Kate Middleton est dipl\u00f4m\u00e9e en histoire de l\u2019art de l\u2019Universit\u00e9 de St Andrews, universit\u00e9 o\u00f9 elle a rencontr\u00e9 le prince William.<\/p>\n<p>                                        <script async src=\"https:\/\/platform.twitter.com\/widgets.js\" charset=\"utf-8\"><\/script><\/p>\n","protected":false},"excerpt":{"rendered":"En visite surprise \u00e0 Londres ce mardi 10 juin, Kate Middleton n\u2019a pas voulu se d\u00e9faire de ses&hellip;\n","protected":false},"author":2,"featured_media":166737,"comment_status":"","ping_status":"","sticky":false,"template":"","format":"standard","meta":{"footnotes":""},"categories":[8],"tags":[253,2594,970,2593,972,1696,650,58,59,849,638,1011,27,2173,5858,977,873,973,974,30028],"class_list":{"0":"post-166736","1":"post","2":"type-post","3":"status-publish","4":"format-standard","5":"has-post-thumbnail","7":"category-divertissement","8":"tag-acteur","9":"tag-actrice","10":"tag-aristo-co","11":"tag-artiste","12":"tag-celebrite","13":"tag-chanteur","14":"tag-cinema","15":"tag-divertissement","16":"tag-entertainment","17":"tag-festival","18":"tag-figaro","19":"tag-fr","20":"tag-france","21":"tag-interview","22":"tag-kate-middleton","23":"tag-madame","24":"tag-musique","25":"tag-people","26":"tag-star","27":"tag-talons"},"share_on_mastodon":{"url":"https:\/\/pubeurope.com\/@fr\/114661447673193573","error":""},"_links":{"self":[{"href":"https:\/\/www.europesays.com\/fr\/wp-json\/wp\/v2\/posts\/166736","targetHints":{"allow":["GET"]}}],"collection":[{"href":"https:\/\/www.europesays.com\/fr\/wp-json\/wp\/v2\/posts"}],"about":[{"href":"https:\/\/www.europesays.com\/fr\/wp-json\/wp\/v2\/types\/post"}],"author":[{"embeddable":true,"href":"https:\/\/www.europesays.com\/fr\/wp-json\/wp\/v2\/users\/2"}],"replies":[{"embeddable":true,"href":"https:\/\/www.europesays.com\/fr\/wp-json\/wp\/v2\/comments?post=166736"}],"version-history":[{"count":0,"href":"https:\/\/www.europesays.com\/fr\/wp-json\/wp\/v2\/posts\/166736\/revisions"}],"wp:featuredmedia":[{"embeddable":true,"href":"https:\/\/www.europesays.com\/fr\/wp-json\/wp\/v2\/media\/166737"}],"wp:attachment":[{"href":"https:\/\/www.europesays.com\/fr\/wp-json\/wp\/v2\/media?parent=166736"}],"wp:term":[{"taxonomy":"category","embeddable":true,"href":"https:\/\/www.europesays.com\/fr\/wp-json\/wp\/v2\/categories?post=166736"},{"taxonomy":"post_tag","embeddable":true,"href":"https:\/\/www.europesays.com\/fr\/wp-json\/wp\/v2\/tags?post=166736"}],"curies":[{"name":"wp","href":"https:\/\/api.w.org\/{rel}","templated":true}]}}