{"id":166739,"date":"2025-06-10T22:34:13","date_gmt":"2025-06-10T22:34:13","guid":{"rendered":"https:\/\/www.europesays.com\/fr\/166739\/"},"modified":"2025-06-10T22:34:13","modified_gmt":"2025-06-10T22:34:13","slug":"menage-jardinage-soutien-scolaire-le-coup-de-rabot-sur-le-credit-dimpot-se-precise","status":"publish","type":"post","link":"https:\/\/www.europesays.com\/fr\/166739\/","title":{"rendered":"M\u00e9nage, jardinage, soutien scolaire\u2026 Le coup de rabot sur le cr\u00e9dit d\u2019imp\u00f4t se pr\u00e9cise"},"content":{"rendered":"<p><strong>D\u00c9CRYPTAGE <\/strong>&#8211; La garde d\u2019enfants et les soins aux personnes \u00e2g\u00e9es devraient \u00eatre \u00e9pargn\u00e9s mais le gouvernement cherche des \u00e9conomies \u00e0 faire sur cet avantage qui b\u00e9n\u00e9ficie \u00e0 4\u00a0millions de foyers employeurs.<\/p>\n<p class=\"fig-paragraph\">Les contours du coup de rabot se pr\u00e9cisent pour les plus de 4\u00a0millions de foyers qui b\u00e9n\u00e9ficient du cr\u00e9dit d\u2019imp\u00f4t emploi \u00e0 domicile. D\u2019abord exclue de la chasse aux niches fiscales ouverte par Bercy en d\u00e9but d\u2019ann\u00e9e, l\u2019id\u00e9e de raboter le plus important avantage en faveur des particuliers (il devrait co\u00fbter environ 6,9\u00a0milliards d\u2019euros cette ann\u00e9e) a finalement \u00e9t\u00e9 remise sur la table il y a quelques jours par la ministre des Comptes publics. Ce mardi,\u00a0<a href=\"http:\/\/www.lefigaro.fr\/conjoncture\/le-compte-n-y-est-pas-amelie-de-montchalin-juge-insuffisants-les-efforts-d-economies-des-ministres-20250608\" data-fig-type=\"NewsFlash\" data-gtm-custom-categorie=\"navigation\" data-gtm-custom-action=\"crossclick\" data-gtm-custom-label=\"Contextuel\" data-gtm-event=\"customEventSPE\" data-fig-domain=\"LEFIGARO\" target=\"_blank\" rel=\"noopener\">Am\u00e9lie de\u00a0Montchalin<\/a>\u00a0a donn\u00e9 plus de d\u00e9tails sur la forme que pourrait prendre cette mesure d\u2019\u00e9conomie dans le prochain budget (qui doit, pour rappel, afficher un effort budg\u00e9taire colossal\u00a0<a href=\"http:\/\/www.lefigaro.fr\/conjoncture\/budget-comment-bayrou-veut-preparer-les-esprits-aux-40-milliards-d-euros-d-economies-20250414\" data-fig-type=\"Article\" data-gtm-custom-categorie=\"navigation\" data-gtm-custom-action=\"crossclick\" data-gtm-custom-label=\"Contextuel\" data-gtm-event=\"customEventSPE\" data-fig-domain=\"LEFIGARO\" target=\"_blank\" rel=\"noopener\">de pr\u00e8s de 40\u00a0milliards d\u2019euros<\/a>). Cet avantage, qui permet \u00e0 un foyer de d\u00e9duire de son imp\u00f4t sur le revenu jusqu\u2019\u00e0 50\u00a0% des d\u00e9penses d\u2019emploi \u00e0 domicile, pourrait voir son p\u00e9rim\u00e8tre remis en question.<\/p>\n<p class=\"fig-paragraph\">La ministre a indiqu\u00e9 sur RTL que 26 m\u00e9tiers de services \u00e0 la personne entrent aujourd\u2019hui dans les contours du dispositif\u00a0: \u00ab\u00a0Est-ce qu\u2019au fond c\u2019est\u2026<\/p>\n<p class=\"fig-premium-paywall__infos\">\n        Cet article est r\u00e9serv\u00e9 aux abonn\u00e9s.        Il vous reste 80% \u00e0 d\u00e9couvrir.\n    <\/p>\n<p>                <img  data- alt=\"Le Figaro\" class=\"fig-img--complete fig-img\"\/><\/p>\n<p class=\"fig-premium-paywall__title\">Vente Flash<\/p>\n<p class=\"fig-premium-paywall__subtitle\">3,99\u20ac par mois pendant 12 mois. Sans engagement.<\/p>\n<p class=\"fig-premium-paywall__connect\">\n                D\u00e9j\u00e0 abonn\u00e9\u00a0?                <a class=\"fig-premium-paywall__connect-link\" href=\"https:\/\/connect.lefigaro.fr\/login?client=horizon_web&amp;type=main&amp;redirect_uri=https%3A%2F%2Fwww.lefigaro.fr%2Fconjoncture%2Fmenage-jardinage-soutien-scolaire-le-coup-de-rabot-sur-le-credit-d-impot-se-precise-20250610\" data-js-gtm=\"{&quot;customCategorie&quot;: &quot;conversion&quot;, &quot;customAction&quot;: &quot;before_Landing_Connexion_paywall_auto&quot;, &quot;customLabel&quot;: &quot;bGVmaWdhcm8uZnJfXzFmMDQ1ZTBlLWRhYWMtNmRlMC04YjM3LTViMjM0YmZkZDI2ZV9fQXJ0aWNsZQ==_M\u00e9nage, jardinage, soutien scolaire\u2026 Le coup de rabot sur le cr\u00e9dit d\u2019imp\u00f4t se pr\u00e9cise_151&quot;, &quot;customIDSPE&quot;: &quot;bGVmaWdhcm8uZnJfXzFmMDQ1ZTBlLWRhYWMtNmRlMC04YjM3LTViMjM0YmZkZDI2ZV9fQXJ0aWNsZQ==&quot;, &quot;event&quot;: &quot;customEventSPE&quot;}\" target=\"_blank\" rel=\"noopener\"><br \/>\n                    Connectez-vous<br \/>\n                <\/a>\n            <\/p>\n","protected":false},"excerpt":{"rendered":"D\u00c9CRYPTAGE &#8211; La garde d\u2019enfants et les soins aux personnes \u00e2g\u00e9es devraient \u00eatre \u00e9pargn\u00e9s mais le gouvernement cherche&hellip;\n","protected":false},"author":2,"featured_media":166740,"comment_status":"","ping_status":"","sticky":false,"template":"","format":"standard","meta":{"footnotes":""},"categories":[6],"tags":[339,340,35,343,345,350,130,344,30029,352,349,33,34,341,313,526,1011,27,346,342,353,351,347,348,354],"class_list":{"0":"post-166739","1":"post","2":"type-post","3":"status-publish","4":"format-standard","5":"has-post-thumbnail","7":"category-economie","8":"tag-actualite-economique","9":"tag-bourse","10":"tag-business","11":"tag-cac-40","12":"tag-chef-dentreprise","13":"tag-concurrence","14":"tag-consommation","15":"tag-creation-dentreprise","16":"tag-credit-dimpot","17":"tag-crise","18":"tag-delocalisations","19":"tag-economie","20":"tag-economy","21":"tag-emploi","22":"tag-entreprises","23":"tag-fiscalite","24":"tag-fr","25":"tag-france","26":"tag-grands-patrons","27":"tag-impots","28":"tag-licenciements","29":"tag-monopole","30":"tag-multinationales","31":"tag-privatisation","32":"tag-unio"},"share_on_mastodon":{"url":"https:\/\/pubeurope.com\/@fr\/114661455531096796","error":""},"_links":{"self":[{"href":"https:\/\/www.europesays.com\/fr\/wp-json\/wp\/v2\/posts\/166739","targetHints":{"allow":["GET"]}}],"collection":[{"href":"https:\/\/www.europesays.com\/fr\/wp-json\/wp\/v2\/posts"}],"about":[{"href":"https:\/\/www.europesays.com\/fr\/wp-json\/wp\/v2\/types\/post"}],"author":[{"embeddable":true,"href":"https:\/\/www.europesays.com\/fr\/wp-json\/wp\/v2\/users\/2"}],"replies":[{"embeddable":true,"href":"https:\/\/www.europesays.com\/fr\/wp-json\/wp\/v2\/comments?post=166739"}],"version-history":[{"count":0,"href":"https:\/\/www.europesays.com\/fr\/wp-json\/wp\/v2\/posts\/166739\/revisions"}],"wp:featuredmedia":[{"embeddable":true,"href":"https:\/\/www.europesays.com\/fr\/wp-json\/wp\/v2\/media\/166740"}],"wp:attachment":[{"href":"https:\/\/www.europesays.com\/fr\/wp-json\/wp\/v2\/media?parent=166739"}],"wp:term":[{"taxonomy":"category","embeddable":true,"href":"https:\/\/www.europesays.com\/fr\/wp-json\/wp\/v2\/categories?post=166739"},{"taxonomy":"post_tag","embeddable":true,"href":"https:\/\/www.europesays.com\/fr\/wp-json\/wp\/v2\/tags?post=166739"}],"curies":[{"name":"wp","href":"https:\/\/api.w.org\/{rel}","templated":true}]}}