{"id":166741,"date":"2025-06-10T22:35:08","date_gmt":"2025-06-10T22:35:08","guid":{"rendered":"https:\/\/www.europesays.com\/fr\/166741\/"},"modified":"2025-06-10T22:35:08","modified_gmt":"2025-06-10T22:35:08","slug":"un-eleve-francais-de-17-ans-parmi-les-victimes-de-la-tuerie","status":"publish","type":"post","link":"https:\/\/www.europesays.com\/fr\/166741\/","title":{"rendered":"un \u00e9l\u00e8ve fran\u00e7ais de 17 ans parmi les victimes de la tuerie"},"content":{"rendered":"<p>            Par<br \/>\n        <strong><br \/>\n            <a href=\"https:\/\/actu.fr\/auteur\/redaction-actu\" title=\"Consulter tous les articles de R\u00e9daction Actu\" rel=\"nofollow noopener\" target=\"_blank\">R\u00e9daction Actu<\/a><br \/>\n        <\/strong><\/p>\n<p>        Publi\u00e9 le<\/p>\n<p>            10 juin 2025 \u00e0 20h54        <\/p>\n<p>Un Fran\u00e7ais de 17 ans a \u00e9t\u00e9 tu\u00e9 mardi lors de l\u2019attaque par armes \u00e0 feu perp\u00e9tr\u00e9e par un ancien \u00e9l\u00e8ve dans un \u00e9tablissement scolaire de la ville de Graz en Autriche, a indiqu\u00e9 son p\u00e8re. \u00ab\u2009Mon fils fait partie des victimes\u2009\u00bb, a-t-il indiqu\u00e9 \u00e0 nos confr\u00e8res de l\u2019AFP ce mardi 10\u00a0juin 2025.<\/p>\n<p class=\" wall-content\">L\u2019assaillant de 21\u00a0ans <a href=\"https:\/\/actu.fr\/faits-divers\/autriche-au-moins-dix-morts-apres-une-fusillade-dans-un-etablissement-scolaire_62751028.html\" rel=\"nofollow noopener\" target=\"_blank\">a tu\u00e9 dix personnes<\/a> avant de se suicider, un drame sans pr\u00e9c\u00e9dent dans le pays qui a d\u00e9cr\u00e9t\u00e9 trois jours de deuil national.<\/p>\n<p>Au moins dix morts<\/p>\n<p class=\" wall-content\">Les autorit\u00e9s ont fait \u00e9tat dans un premier temps d\u2019un bilan de neuf morts et de douze bless\u00e9s, dont certains gri\u00e8vement. Puis le d\u00e9c\u00e8s d\u2019une femme \u00e0 l\u2019h\u00f4pital des suites de ses blessures a \u00e9t\u00e9 annonc\u00e9 en fin d\u2019apr\u00e8s-midi.<\/p>\n<p class=\" wall-content\">L\u2019auteur pr\u00e9sum\u00e9 a agi seul et s\u2019est donn\u00e9 la mort dans les toilettes, selon la police, qui s\u2019est refus\u00e9e \u00e0 toute sp\u00e9culation sur son mobile \u00e0 ce stade ou sur le d\u00e9roul\u00e9 des \u00e9v\u00e9nements.<\/p>\n<p class=\" wall-content\">Le jeune homme, un Autrichien de 21\u00a0ans originaire de la r\u00e9gion, a utilis\u00e9 pour commettre l\u2019attaque un fusil et une arme de poing qu\u2019il d\u00e9tenait l\u00e9galement.<\/p>\n<p>Vid\u00e9os : en ce moment sur Actu<\/p>\n<p class=\" wall-content\">Il avait \u00e9t\u00e9 scolaris\u00e9 dans cet \u00e9tablissement secondaire accueillant environ 400 jeunes de 14 \u00e0 18\u00a0ans, mais n\u2019avait pas termin\u00e9 son cursus.<\/p>\n<p class=\" wall-content\"><strong>Avec AFP.<\/strong><\/p>\n<p class=\" wall-content\">Suivez toute l\u2019actualit\u00e9 de vos villes et m\u00e9dias favoris en vous inscrivant \u00e0 <a href=\"https:\/\/moncompte.actu.fr\" title=\"D\u00e9couvez Mon Actu\" rel=\"nofollow noopener\" data-trk=\"{&quot;cta&quot;:{&quot;action&quot;:&quot;https:\\\/\\\/moncompte.actu.fr&quot;,&quot;category&quot;:&quot;mon compte&quot;,&quot;from&quot;:&quot;article footer&quot;,&quot;name&quot;:&quot;Mon actu&quot;,&quot;type&quot;:&quot;cta&quot;}}\" target=\"_blank\">Mon Actu<\/a>.<\/p>\n","protected":false},"excerpt":{"rendered":"Par R\u00e9daction Actu Publi\u00e9 le 10 juin 2025 \u00e0 20h54 Un Fran\u00e7ais de 17 ans a \u00e9t\u00e9 tu\u00e9&hellip;\n","protected":false},"author":2,"featured_media":166742,"comment_status":"","ping_status":"","sticky":false,"template":"","format":"standard","meta":{"footnotes":""},"categories":[5],"tags":[11,1011,27,14,777,74,12,28],"class_list":{"0":"post-166741","1":"post","2":"type-post","3":"status-publish","4":"format-standard","5":"has-post-thumbnail","7":"category-international","8":"tag-actualites","9":"tag-fr","10":"tag-france","11":"tag-international","12":"tag-meurtre","13":"tag-monde","14":"tag-news","15":"tag-world"},"share_on_mastodon":{"url":"https:\/\/pubeurope.com\/@fr\/114661459570344109","error":""},"_links":{"self":[{"href":"https:\/\/www.europesays.com\/fr\/wp-json\/wp\/v2\/posts\/166741","targetHints":{"allow":["GET"]}}],"collection":[{"href":"https:\/\/www.europesays.com\/fr\/wp-json\/wp\/v2\/posts"}],"about":[{"href":"https:\/\/www.europesays.com\/fr\/wp-json\/wp\/v2\/types\/post"}],"author":[{"embeddable":true,"href":"https:\/\/www.europesays.com\/fr\/wp-json\/wp\/v2\/users\/2"}],"replies":[{"embeddable":true,"href":"https:\/\/www.europesays.com\/fr\/wp-json\/wp\/v2\/comments?post=166741"}],"version-history":[{"count":0,"href":"https:\/\/www.europesays.com\/fr\/wp-json\/wp\/v2\/posts\/166741\/revisions"}],"wp:featuredmedia":[{"embeddable":true,"href":"https:\/\/www.europesays.com\/fr\/wp-json\/wp\/v2\/media\/166742"}],"wp:attachment":[{"href":"https:\/\/www.europesays.com\/fr\/wp-json\/wp\/v2\/media?parent=166741"}],"wp:term":[{"taxonomy":"category","embeddable":true,"href":"https:\/\/www.europesays.com\/fr\/wp-json\/wp\/v2\/categories?post=166741"},{"taxonomy":"post_tag","embeddable":true,"href":"https:\/\/www.europesays.com\/fr\/wp-json\/wp\/v2\/tags?post=166741"}],"curies":[{"name":"wp","href":"https:\/\/api.w.org\/{rel}","templated":true}]}}