{"id":166747,"date":"2025-06-10T22:38:22","date_gmt":"2025-06-10T22:38:22","guid":{"rendered":"https:\/\/www.europesays.com\/fr\/166747\/"},"modified":"2025-06-10T22:38:22","modified_gmt":"2025-06-10T22:38:22","slug":"vanessa-paradis-en-concert-au-zenith-en-2026","status":"publish","type":"post","link":"https:\/\/www.europesays.com\/fr\/166747\/","title":{"rendered":"Vanessa Paradis en concert au Zenith en 2026"},"content":{"rendered":"\n<p>Avis aux fans. Vanessa Paradis viendra dans la Loire en mars 2026. La chanteuse est en tout cas attendue au Z\u00e9nith de Saint-\u00c9tienne le 27. Elle viendra pr\u00e9senter son tout nouvel album, aux influences pop et soul.<\/p>\n<p>Les pr\u00e9ventes seront disponibles d\u00e8s ce mercredi, 10 heures, sur le site concert-auguri.fr. La billetterie classique ouvrira le lendemain, le jeudi 12, \u00e0 10 heures, sur le site de C Kel Prod.<\/p>\n","protected":false},"excerpt":{"rendered":"Avis aux fans. Vanessa Paradis viendra dans la Loire en mars 2026. La chanteuse est en tout cas&hellip;\n","protected":false},"author":2,"featured_media":166748,"comment_status":"","ping_status":"","sticky":false,"template":"","format":"standard","meta":{"footnotes":""},"categories":[9653],"tags":[5734,1111,11,2430,1777,674,1011,27,3367,918,12,25,4001,30032,12177],"class_list":{"0":"post-166747","1":"post","2":"type-post","3":"status-publish","4":"format-standard","5":"has-post-thumbnail","7":"category-saint-etienne","8":"tag-5734","9":"tag-actu","10":"tag-actualites","11":"tag-auvergne-rhone-alpes","12":"tag-eu","13":"tag-europe","14":"tag-fr","15":"tag-france","16":"tag-loire","17":"tag-mars","18":"tag-news","19":"tag-republique-francaise","20":"tag-saint-etienne","21":"tag-vanessa_paradis","22":"tag-zenith"},"share_on_mastodon":{"url":"https:\/\/pubeurope.com\/@fr\/114661471276078599","error":""},"_links":{"self":[{"href":"https:\/\/www.europesays.com\/fr\/wp-json\/wp\/v2\/posts\/166747","targetHints":{"allow":["GET"]}}],"collection":[{"href":"https:\/\/www.europesays.com\/fr\/wp-json\/wp\/v2\/posts"}],"about":[{"href":"https:\/\/www.europesays.com\/fr\/wp-json\/wp\/v2\/types\/post"}],"author":[{"embeddable":true,"href":"https:\/\/www.europesays.com\/fr\/wp-json\/wp\/v2\/users\/2"}],"replies":[{"embeddable":true,"href":"https:\/\/www.europesays.com\/fr\/wp-json\/wp\/v2\/comments?post=166747"}],"version-history":[{"count":0,"href":"https:\/\/www.europesays.com\/fr\/wp-json\/wp\/v2\/posts\/166747\/revisions"}],"wp:featuredmedia":[{"embeddable":true,"href":"https:\/\/www.europesays.com\/fr\/wp-json\/wp\/v2\/media\/166748"}],"wp:attachment":[{"href":"https:\/\/www.europesays.com\/fr\/wp-json\/wp\/v2\/media?parent=166747"}],"wp:term":[{"taxonomy":"category","embeddable":true,"href":"https:\/\/www.europesays.com\/fr\/wp-json\/wp\/v2\/categories?post=166747"},{"taxonomy":"post_tag","embeddable":true,"href":"https:\/\/www.europesays.com\/fr\/wp-json\/wp\/v2\/tags?post=166747"}],"curies":[{"name":"wp","href":"https:\/\/api.w.org\/{rel}","templated":true}]}}