{"id":166761,"date":"2025-06-10T22:50:26","date_gmt":"2025-06-10T22:50:26","guid":{"rendered":"https:\/\/www.europesays.com\/fr\/166761\/"},"modified":"2025-06-10T22:50:26","modified_gmt":"2025-06-10T22:50:26","slug":"deux-jeunes-hommes-pris-pour-cible-dans-le-quartier-de-la-villeneuve","status":"publish","type":"post","link":"https:\/\/www.europesays.com\/fr\/166761\/","title":{"rendered":"deux jeunes hommes pris pour cible dans le quartier de la Villeneuve"},"content":{"rendered":"<p itemprop=\"description\"><strong>Nouvelle fusillade dans le quartier de la Villeneuve, \u00e0 Grenoble.<\/strong><\/p>\n<p>Ce lundi soir, aux alentours de 20h30, des coups de feu ont \u00e9t\u00e9 entendus place du March\u00e9 au c\u0153ur, au sein du quartier de la Villeneuve de Grenoble. Selon les informations du Dauphin\u00e9 Lib\u00e9r\u00e9, un jeune homme de 20 ans aurait \u00e9t\u00e9 la cible de ces tirs. Il aurait \u00e9t\u00e9 touch\u00e9 par une balle au niveau d\u2019un mollet.<\/p>\n<p>Imm\u00e9diatement alert\u00e9s, les sapeurs-pompiers sont venus au secours de la victime. L\u2019homme a \u00e9t\u00e9 ensuite transport\u00e9 au CHU Grenoble Alpes.<\/p>\n<p>Toujours d\u2019apr\u00e8s nos confr\u00e8res, quelques minutes avant les faits, deux hommes auraient \u00e9t\u00e9 aper\u00e7us sur une moto en train de tirer en l\u2019air avec des armes \u00e0 feu sur l\u2019avenue de l\u2019Europe, \u00e0 quelques m\u00e8tres de la fusillade.<\/p>\n<p><strong>Un deuxi\u00e8me homme vis\u00e9 par des tirs<\/strong><\/p>\n<p>Ce mardi, nous avons appris que deux heures pr\u00e9c\u00e9dant les tirs qui ont bless\u00e9 le jeune homme au mollet, un autre jeune homme, \u00e9galement \u00e2g\u00e9 de 20 ans, a subi une attaque. Celui-ci a \u00e9t\u00e9 touch\u00e9 par balle au pied droit et s\u2019est imm\u00e9diatement r\u00e9fugi\u00e9 dans un fast-food \u00e9chirollois, \u00e0 proximit\u00e9 du quartier de la Villeneuve de Grenoble. Les sapeurs-pompiers l\u2019ont transport\u00e9 au CHU Grenoble Alpes pour lui prodiguer des soins.<\/p>\n<p>Une enqu\u00eate est en cours pour trouver les raisons de ces fusillades et identifier le ou les auteurs.<\/p>\n","protected":false},"excerpt":{"rendered":"Nouvelle fusillade dans le quartier de la Villeneuve, \u00e0 Grenoble. Ce lundi soir, aux alentours de 20h30, des&hellip;\n","protected":false},"author":2,"featured_media":165743,"comment_status":"","ping_status":"","sticky":false,"template":"","format":"standard","meta":{"footnotes":""},"categories":[9566],"tags":[1111,11,7733,8279,2430,7736,650,7734,2889,2263,1777,674,1011,27,2731,8280,6417,1114,108,4662,12,3725,1825,25,7737],"class_list":{"0":"post-166761","1":"post","2":"type-post","3":"status-publish","4":"format-standard","5":"has-post-thumbnail","7":"category-grenoble","8":"tag-actu","9":"tag-actualites","10":"tag-alpes","11":"tag-alpes1","12":"tag-auvergne-rhone-alpes","13":"tag-cds","14":"tag-cinema","15":"tag-ecoute","16":"tag-emission","17":"tag-equipe","18":"tag-eu","19":"tag-europe","20":"tag-fr","21":"tag-france","22":"tag-grenoble","23":"tag-haute","24":"tag-information","25":"tag-infos","26":"tag-isere","27":"tag-journal","28":"tag-news","29":"tag-podcast","30":"tag-radio","31":"tag-republique-francaise","32":"tag-winamp"},"share_on_mastodon":{"url":"https:\/\/pubeurope.com\/@fr\/114661518362020468","error":""},"_links":{"self":[{"href":"https:\/\/www.europesays.com\/fr\/wp-json\/wp\/v2\/posts\/166761","targetHints":{"allow":["GET"]}}],"collection":[{"href":"https:\/\/www.europesays.com\/fr\/wp-json\/wp\/v2\/posts"}],"about":[{"href":"https:\/\/www.europesays.com\/fr\/wp-json\/wp\/v2\/types\/post"}],"author":[{"embeddable":true,"href":"https:\/\/www.europesays.com\/fr\/wp-json\/wp\/v2\/users\/2"}],"replies":[{"embeddable":true,"href":"https:\/\/www.europesays.com\/fr\/wp-json\/wp\/v2\/comments?post=166761"}],"version-history":[{"count":0,"href":"https:\/\/www.europesays.com\/fr\/wp-json\/wp\/v2\/posts\/166761\/revisions"}],"wp:featuredmedia":[{"embeddable":true,"href":"https:\/\/www.europesays.com\/fr\/wp-json\/wp\/v2\/media\/165743"}],"wp:attachment":[{"href":"https:\/\/www.europesays.com\/fr\/wp-json\/wp\/v2\/media?parent=166761"}],"wp:term":[{"taxonomy":"category","embeddable":true,"href":"https:\/\/www.europesays.com\/fr\/wp-json\/wp\/v2\/categories?post=166761"},{"taxonomy":"post_tag","embeddable":true,"href":"https:\/\/www.europesays.com\/fr\/wp-json\/wp\/v2\/tags?post=166761"}],"curies":[{"name":"wp","href":"https:\/\/api.w.org\/{rel}","templated":true}]}}