{"id":166764,"date":"2025-06-10T22:54:17","date_gmt":"2025-06-10T22:54:17","guid":{"rendered":"https:\/\/www.europesays.com\/fr\/166764\/"},"modified":"2025-06-10T22:54:17","modified_gmt":"2025-06-10T22:54:17","slug":"graine-de-cirque-nous-invite-a-3-jours-de-haute-voltige","status":"publish","type":"post","link":"https:\/\/www.europesays.com\/fr\/166764\/","title":{"rendered":"Graine de Cirque nous invite \u00e0 3 jours de haute voltige"},"content":{"rendered":"<p>    <img loading=\"lazy\" width=\"1800\" height=\"900\" src=\"https:\/\/www.europesays.com\/fr\/wp-content\/uploads\/2025\/04\/jeanne-callthepolice.jpg\" class=\"attachment-full size-full\" alt=\"\" id=\"imageLove\" decoding=\"async\"  \/><\/p>\n<p id=\"breadcrumbs\"><a href=\"https:\/\/pokaa.fr\/\" target=\"_blank\" rel=\"noopener\">Accueil<\/a> \/ <a href=\"https:\/\/pokaa.fr\/categories\/ses-sorties\/\" target=\"_blank\" rel=\"noopener\">Sorties<\/a> \/ Spectacles \u00e0 Strasbourg : Graine de Cirque nous invite \u00e0 3 jours de haute voltige<\/p>\n<p>                    Sorties<\/p>\n<p><b>Il y a de quoi avoir le vertige, avec tout ce qu\u2019il se passe ce week-end \u00e0 Strasbourg. Rien qu\u2019au Jardin des Deux Rives, du 13 au 15 juin, il s\u2019agira de jongler entre l\u2019open air d\u2019Ordinaire et\u2026 un tout autre type de spectacle : du cirque.<\/b><b>\u00a0<\/b><b>Sous son historique chapiteau, l\u2019association Graine de Cirque<\/b><b> y f\u00eatera ses 35 ans, avec son annuel<\/b><b> Cabaret des Deux Rives. <\/b><b>Trois jours de spectacles de haut vol !<\/b><\/p>\n<p>Avec<strong> ses chapiteaux qui tr\u00f4nent au Jardin des Deux Rives<\/strong>, difficile de passer \u00e0 c\u00f4t\u00e9 de Graine de Cirque.<\/p>\n<p><b>Cr\u00e9\u00e9e en 1990<\/b>, l\u2019association, d\u2019abord itin\u00e9rante, s\u2019est bien implant\u00e9e dans le quartier du Port du Rhin (depuis 1999), mais aussi dans le c\u0153ur des Strasbourgeois(es), formant des g\u00e9n\u00e9rations de jeunes circassien(ne)s. <b>En 2025, Graine de Cirque est d\u2019ailleurs l\u2019une des plus grandes \u00e9coles de cirque de France pour la pratique en amateur<\/b>.<\/p>\n<p>                <img width=\"752\" height=\"500\" src=\"https:\/\/www.europesays.com\/fr\/wp-content\/uploads\/2025\/06\/cabaret-des-deux-rives-2024-graine-de-cirque-752x500.jpg\" class=\"attachment-gallery size-gallery\" alt=\"Graine de Cirque\" data-full-url=\"https:\/\/pokaa.fr\/wp-content\/uploads\/2025\/06\/09\/cabaret-des-deux-rives-2024-graine-de-cirque.jpg\" decoding=\"async\" loading=\"lazy\"  \/>            <\/p>\n<p>                <img width=\"496\" height=\"491\" src=\"https:\/\/www.europesays.com\/fr\/wp-content\/uploads\/2025\/06\/sabrina-rauch-madame-loyale-2024-graine-de-cirque.jpg\" class=\"attachment-gallery size-gallery\" alt=\"Graine de Cirque\" data-full-url=\"https:\/\/www.europesays.com\/fr\/wp-content\/uploads\/2025\/06\/sabrina-rauch-madame-loyale-2024-graine-de-cirque.jpg\" decoding=\"async\" loading=\"lazy\"  \/>            <\/p>\n<p>                <img width=\"749\" height=\"500\" src=\"https:\/\/www.europesays.com\/fr\/wp-content\/uploads\/2025\/06\/dorothee-parent-cabaret-graine-de-cirque-2023-2-749x500.jpg\" class=\"attachment-gallery size-gallery\" alt=\"Graine de cirque\" data-full-url=\"https:\/\/pokaa.fr\/wp-content\/uploads\/2025\/06\/09\/dorothee-parent-cabaret-graine-de-cirque-2023-2.jpg\" decoding=\"async\" loading=\"lazy\"  \/>            <\/p>\n<p>                    1. 2. Le cabaret en 2024. \u00a9 Graine de Cirque \/ Documents remis ; 3. \u00c9dition 2023. \u00a9 Doroth\u00e9e Parent \/ Document remis<\/p>\n<p>\u00ab Un Cabaret des Deux Rives \u00bb, \u00e9dition anniversaire<\/p>\n<p><b>Du 13 au 15 juin<\/b>, Graine de Cirque reviendra une nouvelle fois nous mettre la t\u00eate \u00e0 l\u2019envers, avec <b>une version in\u00e9dite de son annuel <\/b><b>Cabaret des Deux Rives<\/b>.<\/p>\n<p>Une \u00e9dition qui \u00ab\u00a0rev\u00eatira un caract\u00e8re un peu exceptionnel\u00a0\u00bb, \u00e0 l\u2019occasion des<b> 35 ans de l\u2019association<\/b>. Au programme\u00a0? <b>Deux repr\u00e9sentations en soir\u00e9e<\/b> (les vendredi et samedi), et <b>une en journ\u00e9e, raccourcie pour les familles<\/b>, le dimanche apr\u00e8s-midi.<\/p>\n<p>                <img width=\"749\" height=\"500\" src=\"https:\/\/www.europesays.com\/fr\/wp-content\/uploads\/2025\/06\/dorothee-parent-cabaret-graine-de-cirque-2023-749x500.jpg\" class=\"attachment-gallery size-gallery\" alt=\"Graine de cirque\" data-full-url=\"https:\/\/pokaa.fr\/wp-content\/uploads\/2025\/06\/09\/dorothee-parent-cabaret-graine-de-cirque-2023.jpg\" decoding=\"async\" loading=\"lazy\"  \/>            <\/p>\n<p>                <img width=\"749\" height=\"500\" src=\"https:\/\/www.europesays.com\/fr\/wp-content\/uploads\/2025\/06\/dorothee-parent-cabaret-graine-de-cirque-2023-4-749x500.jpg\" class=\"attachment-gallery size-gallery\" alt=\"Graine de cirque\" data-full-url=\"https:\/\/pokaa.fr\/wp-content\/uploads\/2025\/06\/09\/dorothee-parent-cabaret-graine-de-cirque-2023-4.jpg\" decoding=\"async\" loading=\"lazy\"  \/>            <\/p>\n<p>                <img width=\"749\" height=\"500\" src=\"https:\/\/www.europesays.com\/fr\/wp-content\/uploads\/2025\/06\/dorothee-parent-cabaret-graine-de-cirque-2023-3-749x500.jpg\" class=\"attachment-gallery size-gallery\" alt=\"Graine de cirque\" data-full-url=\"https:\/\/pokaa.fr\/wp-content\/uploads\/2025\/06\/09\/dorothee-parent-cabaret-graine-de-cirque-2023-3.jpg\" decoding=\"async\" loading=\"lazy\"  \/>            <\/p>\n<p>                    Le cabaret en 2023. \u00a9 Doroth\u00e9e Parent \/ Documents remis<\/p>\n<p>Sur la piste\u00a0? <b>Des circassien(ne)s professionnel(le)s<\/b> venu(e)s d\u2019Alsace, de France et de l\u2019\u00e9tranger \u2013 dont des ancien(ne)s \u00e9l\u00e8ves devenu(e)s des artistes de cirque. Avec des num\u00e9ros \u00ab\u00a0alliant <b>technicit\u00e9, humour et po\u00e9sie<\/b>\u00a0\u00bb\u2026 <b>Trap\u00e8ze, corde lisse, jonglerie, fil d\u2019\u00e9quilibre, clown, m\u00e2t <\/b><b>chinois : <\/b>il y aura de quoi donner le vertige au public strasbourgeois.<\/p>\n<p><b>En bonus, le samedi 14 juin<\/b> (\u00e0 11h et 16h), Graine de Cirque pr\u00e9sentera le travail de ses \u00e9l\u00e8ves amateurs, avec<b> des repr\u00e9sentations gratuites <\/b>(r\u00e9servation conseill\u00e9e).<\/p>\n<p>Alors, ce n\u2019est pas de la balle\u00a0?<\/p>\n<p>    <img width=\"800\" height=\"534\" src=\"https:\/\/www.europesays.com\/fr\/wp-content\/uploads\/2025\/06\/dorothee-parent-cabaret-graine-de-cirque-2023-5-800x534.jpg\" class=\"attachment-image-size-L size-image-size-L\" alt=\"Graine de cirque\" decoding=\"async\" loading=\"lazy\"  \/>         Le cabaret en 2023. \u00a9 Doroth\u00e9e Parent \/ Document remis <\/p>\n<p>            \u00ab Le Cabaret des Deux Rives \u00bb \u2013 Graine de cirque<\/p>\n<p>            Quoi ? <\/p>\n<p>Cabaret avec num\u00e9ros de cirque<\/p>\n<p>                Quand ?<\/p>\n<p>Du vendredi 13 au dimanche 15 juin :<\/p>\n<ul>\n<li>Cabaret des Deux Rives : vendredi 13 et samedi 14 \u00e0 20h, dimanche 15 \u00e0 16h30<\/li>\n<li>Spectacles des \u00e9l\u00e8ves des groupes cr\u00e9ation (entr\u00e9e libre, r\u00e9servation recommand\u00e9e) : samedi 14 juin \u00e0 11h et 16h<\/li>\n<\/ul>\n<p>            o\u00f9 ?<\/p>\n<p>Sous le chapiteau Graine de Cirque<br \/>4 rue Jean-Monnet \u2013 Parc du Rhin au Jardin des Deux Rives, \u00e0 Strasbourg<\/p>\n<p>                Plus d&rsquo;infos ?<\/p>\n<p><a href=\"https:\/\/www.grainedecirque.fr\/cabaret\" target=\"_blank\" rel=\"noopener\">Infos et billetterie<\/a><br \/><a href=\"https:\/\/fb.me\/e\/6C5EotGtU\" target=\"_blank\" rel=\"noopener\">L\u2019\u00e9v\u00e9nement Facebook<\/a><\/p>\n","protected":false},"excerpt":{"rendered":"Accueil \/ Sorties \/ Spectacles \u00e0 Strasbourg : Graine de Cirque nous invite \u00e0 3 jours de haute&hellip;\n","protected":false},"author":2,"featured_media":166765,"comment_status":"","ping_status":"","sticky":false,"template":"","format":"standard","meta":{"footnotes":""},"categories":[2820],"tags":[1111,11,5398,1777,674,652,1011,27,30033,775,19096,12,25,3140,640],"class_list":{"0":"post-166764","1":"post","2":"type-post","3":"status-publish","4":"format-standard","5":"has-post-thumbnail","7":"category-strasbourg","8":"tag-actu","9":"tag-actualites","10":"tag-cirque","11":"tag-eu","12":"tag-europe","13":"tag-famille","14":"tag-fr","15":"tag-france","16":"tag-graine-de-cirque","17":"tag-grand-est","18":"tag-jardin-des-deux-rives","19":"tag-news","20":"tag-republique-francaise","21":"tag-spectacle","22":"tag-strasbourg"},"share_on_mastodon":{"url":"https:\/\/pubeurope.com\/@fr\/114661534523971693","error":""},"_links":{"self":[{"href":"https:\/\/www.europesays.com\/fr\/wp-json\/wp\/v2\/posts\/166764","targetHints":{"allow":["GET"]}}],"collection":[{"href":"https:\/\/www.europesays.com\/fr\/wp-json\/wp\/v2\/posts"}],"about":[{"href":"https:\/\/www.europesays.com\/fr\/wp-json\/wp\/v2\/types\/post"}],"author":[{"embeddable":true,"href":"https:\/\/www.europesays.com\/fr\/wp-json\/wp\/v2\/users\/2"}],"replies":[{"embeddable":true,"href":"https:\/\/www.europesays.com\/fr\/wp-json\/wp\/v2\/comments?post=166764"}],"version-history":[{"count":0,"href":"https:\/\/www.europesays.com\/fr\/wp-json\/wp\/v2\/posts\/166764\/revisions"}],"wp:featuredmedia":[{"embeddable":true,"href":"https:\/\/www.europesays.com\/fr\/wp-json\/wp\/v2\/media\/166765"}],"wp:attachment":[{"href":"https:\/\/www.europesays.com\/fr\/wp-json\/wp\/v2\/media?parent=166764"}],"wp:term":[{"taxonomy":"category","embeddable":true,"href":"https:\/\/www.europesays.com\/fr\/wp-json\/wp\/v2\/categories?post=166764"},{"taxonomy":"post_tag","embeddable":true,"href":"https:\/\/www.europesays.com\/fr\/wp-json\/wp\/v2\/tags?post=166764"}],"curies":[{"name":"wp","href":"https:\/\/api.w.org\/{rel}","templated":true}]}}