{"id":166766,"date":"2025-06-10T22:55:14","date_gmt":"2025-06-10T22:55:14","guid":{"rendered":"https:\/\/www.europesays.com\/fr\/166766\/"},"modified":"2025-06-10T22:55:14","modified_gmt":"2025-06-10T22:55:14","slug":"mediation-tranquillite-une-premiere-annee-fructueuse","status":"publish","type":"post","link":"https:\/\/www.europesays.com\/fr\/166766\/","title":{"rendered":"M\u00e9diation tranquillit\u00e9 : une premi\u00e8re ann\u00e9e fructueuse"},"content":{"rendered":"<p class=\"st-surtitre\">\n            D\u00e9ploy\u00e9e depuis un an, l\u2019\u00e9quipe de m\u00e9diation participe \u00e0 apaiser l\u2019espace public. Elle \u00e9largit aujourd\u2019hui ses zones d\u2019intervention.\n        <\/p>\n<p><img decoding=\"async\" alt=\"\" data-fileentryid=\"537282052\" src=\"https:\/\/www.europesays.com\/fr\/wp-content\/uploads\/2025\/06\/mediation_int-jpg.jpeg\" style=\"margin:10px; float:left\"\/>\u00a0L\u2019\u00e9quipe est d\u00e9sormais bien connue de la population strasbourgeoise. Hauts verts et pantalons noirs, les m\u00e9diateurs et m\u00e9diatrices sillonnent depuis un an les rues et places de Strasbourg. \u00ab\u00a0La m\u00e9diation fait partie, \u00e0 part enti\u00e8re, du continuum de s\u00e9curit\u00e9 publique\u00a0\u00bb, assure Nadia Zourgui, adjointe \u00e0 la maire charg\u00e9e de la tranquillit\u00e9 publique. Form\u00e9s \u00e0 la lutte contre les violences sexistes et sexuelles, \u00e0 la communication non-violente et aux premiers secours, notamment en sant\u00e9 mentale, l\u2019\u00e9quipe m\u00e9diation tranquillit\u00e9 agit au quotidien contre les conflits et les incivilit\u00e9s dans l\u2019espace public. C\u2019est \u00e0 la soci\u00e9t\u00e9 Mediaction qu\u2019a \u00e9t\u00e9 confi\u00e9 le d\u00e9ploiement du dispositif en lien \u00e9troit avec les services de la Ville afin \u00ab\u00a0d\u2019assurer une pr\u00e9sence humaine renforc\u00e9e\u00a0\u00bb, rappelle Jeanne Barseghian.\u00a0<\/p>\n<p>Un travail au long cours<\/p>\n<p>\u00ab\u00a0Parfois on sent que le dialogue n\u2019est pas possible, on n\u2019insiste pas mais on revient toujours. Et petit \u00e0 petit, nous parvenons \u00e0 sensibiliser les personnes. Cela a \u00e9t\u00e9 le cas pour le square Sainte-Aur\u00e9lie o\u00f9 les personnes alcoolis\u00e9es ne sont plus l\u00e0 aux sorties d\u2019\u00e9cole. Les familles et les enfants ont pu retrouver l\u2019usage du square\u00a0\u00bb, explique Adnane Saoudi, l\u2019un des m\u00e9diateurs.\u00a0<br \/>C\u2019est pour r\u00e9soudre des difficult\u00e9s semblables que m\u00e9diateurs et m\u00e9diatrices ont \u00e9t\u00e9 sollicit\u00e9s pour le square Appert \u00e0 Koenigshoffen. \u00ab\u00a0Les choses ont beaucoup chang\u00e9 depuis qu\u2019ils interviennent, ils ont beaucoup travaill\u00e9 et maintenant on ne voit plus de deal\u00a0\u00bb, remarque la m\u00e8re d\u2019un \u00e9l\u00e8ve scolaris\u00e9 \u00e0 l\u2019\u00e9cole des Romains, qui jouxte le square.\u00a0<\/p>\n<p>Zones de vigilance<\/p>\n<p>Initialement d\u00e9ploy\u00e9 au centre-ville, dans le quartier Gare et dans le secteur de l\u2019Etoile, le dispositif se d\u00e9ploie d\u00e9sormais par zones de vigilance et concerne donc d\u00e9sormais Koenigshoffen, mais aussi les secteurs Corroyeurs-Foulons \u00e0 la Montagne-Verte, ceux de la patinoire et du skate-park \u00e0 Cronenbourg, de la rue de Rotterdam \u00e0 l\u2019Esplanade et du stade du Bruckhof \u00e0 Neudorf.<br \/>L\u2019orientation fait partie des attributions de l\u2019\u00e9quipe: \u00a0vers le 115, pour les personnes sans abri, et vers les services sociaux ou les partenaires associatifs. Les m\u00e9diateurs et m\u00e9diatrices en ont effectu\u00e9 plus de 3000 pendant cette premi\u00e8re ann\u00e9e, \u00ab c\u2019est une grosse partie de leur activit\u00e9\u00bb, rapporte Laure Gosset, fondatrice de Mediaction. Quand les situations rencontr\u00e9es outrepassent ses comp\u00e9tences, c\u2019est vers la police que l\u2019\u00e9quipe de m\u00e9diation se tourne : 50 appels ont \u00e9t\u00e9 pass\u00e9s aux services de police nationale et municipale pendant l\u2019ann\u00e9e \u00e9coul\u00e9e.\u00a0<br \/>Un travail quotidien est men\u00e9 aupr\u00e8s des commer\u00e7ants qui peuvent conna\u00eetre des situations conflictuelles, notamment avec un public en errance. En un an, 136 conflits impliquant pr\u00e8s de 470 personnes ont pu \u00eatre r\u00e9solus. \u00a0<\/p>\n<p>Anne Dory<br \/>Photos J\u00e9r\u00f4me Dorkel<\/p>\n<p>\u00a0<\/p>\n","protected":false},"excerpt":{"rendered":"D\u00e9ploy\u00e9e depuis un an, l\u2019\u00e9quipe de m\u00e9diation participe \u00e0 apaiser l\u2019espace public. Elle \u00e9largit aujourd\u2019hui ses zones d\u2019intervention.&hellip;\n","protected":false},"author":2,"featured_media":166767,"comment_status":"","ping_status":"","sticky":false,"template":"","format":"standard","meta":{"footnotes":""},"categories":[2820],"tags":[1111,11,1777,674,1011,27,775,12,25,23051,640],"class_list":{"0":"post-166766","1":"post","2":"type-post","3":"status-publish","4":"format-standard","5":"has-post-thumbnail","7":"category-strasbourg","8":"tag-actu","9":"tag-actualites","10":"tag-eu","11":"tag-europe","12":"tag-fr","13":"tag-france","14":"tag-grand-est","15":"tag-news","16":"tag-republique-francaise","17":"tag-securite-publique","18":"tag-strasbourg"},"share_on_mastodon":{"url":"https:\/\/pubeurope.com\/@fr\/114661538128439144","error":""},"_links":{"self":[{"href":"https:\/\/www.europesays.com\/fr\/wp-json\/wp\/v2\/posts\/166766","targetHints":{"allow":["GET"]}}],"collection":[{"href":"https:\/\/www.europesays.com\/fr\/wp-json\/wp\/v2\/posts"}],"about":[{"href":"https:\/\/www.europesays.com\/fr\/wp-json\/wp\/v2\/types\/post"}],"author":[{"embeddable":true,"href":"https:\/\/www.europesays.com\/fr\/wp-json\/wp\/v2\/users\/2"}],"replies":[{"embeddable":true,"href":"https:\/\/www.europesays.com\/fr\/wp-json\/wp\/v2\/comments?post=166766"}],"version-history":[{"count":0,"href":"https:\/\/www.europesays.com\/fr\/wp-json\/wp\/v2\/posts\/166766\/revisions"}],"wp:featuredmedia":[{"embeddable":true,"href":"https:\/\/www.europesays.com\/fr\/wp-json\/wp\/v2\/media\/166767"}],"wp:attachment":[{"href":"https:\/\/www.europesays.com\/fr\/wp-json\/wp\/v2\/media?parent=166766"}],"wp:term":[{"taxonomy":"category","embeddable":true,"href":"https:\/\/www.europesays.com\/fr\/wp-json\/wp\/v2\/categories?post=166766"},{"taxonomy":"post_tag","embeddable":true,"href":"https:\/\/www.europesays.com\/fr\/wp-json\/wp\/v2\/tags?post=166766"}],"curies":[{"name":"wp","href":"https:\/\/api.w.org\/{rel}","templated":true}]}}