{"id":166772,"date":"2025-06-10T22:58:41","date_gmt":"2025-06-10T22:58:41","guid":{"rendered":"https:\/\/www.europesays.com\/fr\/166772\/"},"modified":"2025-06-10T22:58:41","modified_gmt":"2025-06-10T22:58:41","slug":"il-avait-roue-de-coups-celui-qui-lhebergeait-pres-de-nantes-par-charite","status":"publish","type":"post","link":"https:\/\/www.europesays.com\/fr\/166772\/","title":{"rendered":"Il avait rou\u00e9 de coups celui qui l\u2019h\u00e9bergeait pr\u00e8s de Nantes par charit\u00e9"},"content":{"rendered":"<p>            Par<br \/>\n        <strong><br \/>\n            <a href=\"https:\/\/actu.fr\/auteur\/laurent-fortin\" title=\"Consulter tous les articles de Laurent Fortin\" target=\"_blank\" rel=\"noopener\">Laurent Fortin<\/a><br \/>\n        <\/strong><\/p>\n<p>        Publi\u00e9 le<\/p>\n<p>            10 juin 2025 \u00e0 14h16        <\/p>\n<p>Un quadrag\u00e9naire a \u00e9t\u00e9 <b>condamn\u00e9 en son absence<\/b> par le<b> tribunal correctionnel de Nantes<\/b> fin avril pour <b>\u00ab\u2009violences aggrav\u00e9es\u2009\u00bb <\/b>apr\u00e8s avoir<b> rou\u00e9 de coups une \u00ab\u2009connaissance\u2009\u00bb <\/b>qui avait pourtant accept\u00e9 de le \u00ab<b>\u2009loger pour une nuit\u2009<\/b>\u00bb \u00e0 <a href=\"https:\/\/actu.fr\/pays-de-la-loire\/vertou_44215\" target=\"_blank\" rel=\"noopener\"><b>Vertou<\/b><\/a>.<\/p>\n<p class=\" wall-content\">L\u2019agresseur s\u2019\u00e9tait en effet servi de \u00ab<b>\u2009la canne\u2009\u00bb de son h\u00e9bergeur le 22\u00a0janvier 2023 pour le \u00ab\u2009frapper\u2009\u00bb<\/b>.<\/p>\n<blockquote class=\"ac-article-quote wall-content\">\n<p>Je vais te tuer<\/p>\n<p>L\u2019agresseur<\/p><\/blockquote>\n<p class=\" wall-content\">Il avait r\u00e9p\u00e9t\u00e9 cette phrase \u00e0 cet homme qu\u2019il connaissait \u00ab\u2009depuis un an\u2009\u00bb avant de finalement arr\u00eater car il \u00e9tait <b>\u00ab\u2009fatigu\u00e9\u2009\u00bb et qu\u2019il s\u2019\u00e9tait \u00ab\u2009endormi\u2009\u00bb<\/b>. Il avait, il est vrai<b>, bu \u00ab\u2009une bouteille enti\u00e8re de whisky\u2009\u00bb <\/b>cette nuit-l\u00e0.<\/p>\n<p>Arr\u00eat\u00e9 neuf mois apr\u00e8s<\/p>\n<p class=\" wall-content\">La victime avait donc <b>\u00ab\u2009tra\u00een\u00e9 dans le couloir\u2009\u00bb de son immeuble<\/b> son agresseur et l\u2019avait laiss\u00e9 sur le palier de son \u00e9tage. Au cours de sa d\u00e9position devant les gendarmes, lui non plus ne semblait \u00ab\u2009pas avoir les id\u00e9es tr\u00e8s claires\u2009\u00bb, a dit la pr\u00e9sidente du tribunal correctionnel de Nantes puisqu\u2019il pourrait y avoir eu aussi <b>des consommations de \u00ab\u2009coca\u00efne\u2009\u00bb au cours de la nuit<\/b>. En attendant, un m\u00e9decin lui a <b>prescrit six jours d\u2019incapacit\u00e9 totale de travail <\/b>(ITT)\u2009: les photos de son corps sont \u00ab\u2009bien parlantes\u2009\u00bb, a comment\u00e9 la magistrate nantaise.<\/p>\n<p class=\" wall-content\">Ag\u00e9 de 46\u00a0ans, <b>le pr\u00e9venu avait finalement \u00e9t\u00e9 \u00ab\u2009arr\u00eat\u00e9 neuf mois apr\u00e8s\u2009\u00bb<\/b>\u2009: quelque peu \u00ab\u2009perdu dans ses propos\u2009\u00bb devant les gendarmes, il \u00ab\u2009ne conteste pas les violences\u2009\u00bb mais \u00ab\u2009n\u2019a <b>pas de souvenir\u2009\u00bb de cette soir\u00e9e <\/b>chez son h\u00f4te \u00e0 Vertou \u00ab\u2009si ce n\u2019est qu\u2019il s\u2019est r\u00e9veill\u00e9 sur le palier\u2009\u00bb.<\/p>\n<p class=\" wall-content\">La victime, elle, avait eu \u00ab\u2009beaucoup de difficult\u00e9s \u00e0 \u00eatre plus pr\u00e9cise\u2009\u00bb quand elle avait \u00e9t\u00e9 r\u00e9entendue\u2009; elle avait simplement dit qu\u2019<b>elle \u00ab\u2009ne consomme plus\u2009\u00bb d\u2019alcool \u00ab\u2009depuis six mois\u2009\u00bb.<\/b><\/p>\n<blockquote class=\"ac-article-quote wall-content\">\n<p>Mais rien ne lui a \u00e9t\u00e9 demand\u00e9 pour la coca\u00efne<\/p>\n<p>La pr\u00e9sidente.<\/p><\/blockquote>\n<p class=\" wall-content\"><b>Le procureur de la R\u00e9publique avait requis deux mois de prison ferme<\/b> et deux autres avec sursis pour cet homme qui avait \u00e9t\u00e9 condamn\u00e9 l\u2019ann\u00e9e suivante, en 2024, pour des \u00ab<b>\u2009menaces de mort par conjoint\u2009\u00bb et une \u00ab\u2009violation de domicile\u2009\u00bb<\/b>. Ces faits sont, en effet, \u00ab\u2009d\u00e9sagr\u00e9ables\u2009\u00bb, car le pr\u00e9venu \u00e9tait <b>\u00ab\u2009h\u00e9berg\u00e9 charitablement\u2009\u00bb par sa victime<\/b>. La juge s\u2019est finalement content\u00e9e de cinq mois de prison avec sursis mais a interdit l\u2019agresseur de recontacter la victime dans les trois prochaines ann\u00e9es.<\/p>\n<p class=\" wall-content\">Suivez toute l\u2019actualit\u00e9 de vos villes et m\u00e9dias favoris en vous inscrivant \u00e0 <a href=\"https:\/\/moncompte.actu.fr\" title=\"D\u00e9couvez Mon Actu\" rel=\"nofollow noopener\" data-trk=\"{&quot;cta&quot;:{&quot;action&quot;:&quot;https:\\\/\\\/moncompte.actu.fr&quot;,&quot;category&quot;:&quot;mon compte&quot;,&quot;from&quot;:&quot;article footer&quot;,&quot;name&quot;:&quot;Mon actu&quot;,&quot;type&quot;:&quot;cta&quot;}}\" target=\"_blank\">Mon Actu<\/a>.<\/p>\n<ul class=\"ac-article-tag wall-content\">\n<li><a href=\"https:\/\/actu.fr\/tag\/justice\" data-trk=\"{&quot;cta&quot;:{&quot;action&quot;:&quot;Justice&quot;,&quot;category&quot;:&quot;tag&quot;,&quot;from&quot;:&quot;article footer&quot;,&quot;name&quot;:&quot;Justice&quot;,&quot;type&quot;:&quot;cta&quot;}}\" target=\"_blank\" rel=\"noopener\">#Justice<\/a><\/li>\n<li><a href=\"https:\/\/actu.fr\/tag\/vignoble-nantais\" data-trk=\"{&quot;cta&quot;:{&quot;action&quot;:&quot;Vignoble nantais&quot;,&quot;category&quot;:&quot;tag&quot;,&quot;from&quot;:&quot;article footer&quot;,&quot;name&quot;:&quot;Vignoble nantais&quot;,&quot;type&quot;:&quot;cta&quot;}}\" target=\"_blank\" rel=\"noopener\">#Vignoble nantais<\/a><\/li>\n<\/ul>\n","protected":false},"excerpt":{"rendered":"Par Laurent Fortin Publi\u00e9 le 10 juin 2025 \u00e0 14h16 Un quadrag\u00e9naire a \u00e9t\u00e9 condamn\u00e9 en son absence&hellip;\n","protected":false},"author":2,"featured_media":166773,"comment_status":"","ping_status":"","sticky":false,"template":"","format":"standard","meta":{"footnotes":""},"categories":[2818],"tags":[1111,11,1777,674,118,1011,27,303,766,12,2636,25,2900],"class_list":{"0":"post-166772","1":"post","2":"type-post","3":"status-publish","4":"format-standard","5":"has-post-thumbnail","7":"category-nantes","8":"tag-actu","9":"tag-actualites","10":"tag-eu","11":"tag-europe","12":"tag-faits-divers","13":"tag-fr","14":"tag-france","15":"tag-justice","16":"tag-nantes","17":"tag-news","18":"tag-pays-de-la-loire","19":"tag-republique-francaise","20":"tag-vignoble-nantais"},"share_on_mastodon":{"url":"https:\/\/pubeurope.com\/@fr\/114661549869638418","error":""},"_links":{"self":[{"href":"https:\/\/www.europesays.com\/fr\/wp-json\/wp\/v2\/posts\/166772","targetHints":{"allow":["GET"]}}],"collection":[{"href":"https:\/\/www.europesays.com\/fr\/wp-json\/wp\/v2\/posts"}],"about":[{"href":"https:\/\/www.europesays.com\/fr\/wp-json\/wp\/v2\/types\/post"}],"author":[{"embeddable":true,"href":"https:\/\/www.europesays.com\/fr\/wp-json\/wp\/v2\/users\/2"}],"replies":[{"embeddable":true,"href":"https:\/\/www.europesays.com\/fr\/wp-json\/wp\/v2\/comments?post=166772"}],"version-history":[{"count":0,"href":"https:\/\/www.europesays.com\/fr\/wp-json\/wp\/v2\/posts\/166772\/revisions"}],"wp:featuredmedia":[{"embeddable":true,"href":"https:\/\/www.europesays.com\/fr\/wp-json\/wp\/v2\/media\/166773"}],"wp:attachment":[{"href":"https:\/\/www.europesays.com\/fr\/wp-json\/wp\/v2\/media?parent=166772"}],"wp:term":[{"taxonomy":"category","embeddable":true,"href":"https:\/\/www.europesays.com\/fr\/wp-json\/wp\/v2\/categories?post=166772"},{"taxonomy":"post_tag","embeddable":true,"href":"https:\/\/www.europesays.com\/fr\/wp-json\/wp\/v2\/tags?post=166772"}],"curies":[{"name":"wp","href":"https:\/\/api.w.org\/{rel}","templated":true}]}}