{"id":166785,"date":"2025-06-10T23:06:10","date_gmt":"2025-06-10T23:06:10","guid":{"rendered":"https:\/\/www.europesays.com\/fr\/166785\/"},"modified":"2025-06-10T23:06:10","modified_gmt":"2025-06-10T23:06:10","slug":"previsions-du-mercredi-11-juin-2025","status":"publish","type":"post","link":"https:\/\/www.europesays.com\/fr\/166785\/","title":{"rendered":"pr\u00e9visions du mercredi 11 juin 2025"},"content":{"rendered":"<p>Un beau soleil est attendu aujourd&rsquo;hui \u00e0 Lille. Les valeurs s&rsquo;\u00e9chelonneront entre 10 et 23\u00b0C. Un vent d&rsquo;est rafra\u00eechira un peu l&rsquo;atmosph\u00e8re. L&rsquo;air ambiant va se r\u00e9chauffer l&rsquo;apr\u00e8s-midi avec une augmentation de plusieurs degr\u00e9s. Les temp\u00e9ratures seront de 22\u00b0C au minimum et de 23\u00b0C au maximum. Il va faire en moyenne 19\u00b0C, le soir. Un ciel d\u00e9pourvu de nuages est pr\u00e9vu dans la nuit reliant mercredi et jeudi.<\/p>\n<p>Demain, les Lillois vont pouvoir b\u00e9n\u00e9ficier d&rsquo;un soleil radieux. Un temps plus chaud est \u00e0 pr\u00e9voir \u00e9tant donn\u00e9 que le mercure va conna\u00eetre une hausse. Les valeurs afficheront entre 12 et 29\u00b0C. Une petite brise d&rsquo;est sera ressentie par les habitants. Les temp\u00e9ratures vont enregistrer une augmentation de plusieurs degr\u00e9s pendant l&rsquo;apr\u00e8s-midi. Les valeurs seront comprises entre 27\u00b0C et 29\u00b0C. Demain soir, on pr\u00e9voit des valeurs d&rsquo;environ 25\u00b0C.<\/p>\n<p>Peu d&rsquo;\u00e9volutions pour la suite. Pr\u00e9voyez 24\u00b0C en moyenne qui accompagneront des journ\u00e9es ensoleill\u00e9es.<\/p>\n<p><\/p>\n","protected":false},"excerpt":{"rendered":"Un beau soleil est attendu aujourd&rsquo;hui \u00e0 Lille. Les valeurs s&rsquo;\u00e9chelonneront entre 10 et 23\u00b0C. Un vent d&rsquo;est&hellip;\n","protected":false},"author":2,"featured_media":166786,"comment_status":"","ping_status":"","sticky":false,"template":"","format":"standard","meta":{"footnotes":""},"categories":[2815],"tags":[1111,11,1777,674,1011,27,811,1307,12,1308,1309,2119,25],"class_list":{"0":"post-166785","1":"post","2":"type-post","3":"status-publish","4":"format-standard","5":"has-post-thumbnail","7":"category-lille","8":"tag-actu","9":"tag-actualites","10":"tag-eu","11":"tag-europe","12":"tag-fr","13":"tag-france","14":"tag-hauts-de-france","15":"tag-lille","16":"tag-news","17":"tag-nord","18":"tag-nord-pas-de-calais","19":"tag-previsions-meteo","20":"tag-republique-francaise"},"share_on_mastodon":{"url":"https:\/\/pubeurope.com\/@fr\/114661581410508871","error":""},"_links":{"self":[{"href":"https:\/\/www.europesays.com\/fr\/wp-json\/wp\/v2\/posts\/166785","targetHints":{"allow":["GET"]}}],"collection":[{"href":"https:\/\/www.europesays.com\/fr\/wp-json\/wp\/v2\/posts"}],"about":[{"href":"https:\/\/www.europesays.com\/fr\/wp-json\/wp\/v2\/types\/post"}],"author":[{"embeddable":true,"href":"https:\/\/www.europesays.com\/fr\/wp-json\/wp\/v2\/users\/2"}],"replies":[{"embeddable":true,"href":"https:\/\/www.europesays.com\/fr\/wp-json\/wp\/v2\/comments?post=166785"}],"version-history":[{"count":0,"href":"https:\/\/www.europesays.com\/fr\/wp-json\/wp\/v2\/posts\/166785\/revisions"}],"wp:featuredmedia":[{"embeddable":true,"href":"https:\/\/www.europesays.com\/fr\/wp-json\/wp\/v2\/media\/166786"}],"wp:attachment":[{"href":"https:\/\/www.europesays.com\/fr\/wp-json\/wp\/v2\/media?parent=166785"}],"wp:term":[{"taxonomy":"category","embeddable":true,"href":"https:\/\/www.europesays.com\/fr\/wp-json\/wp\/v2\/categories?post=166785"},{"taxonomy":"post_tag","embeddable":true,"href":"https:\/\/www.europesays.com\/fr\/wp-json\/wp\/v2\/tags?post=166785"}],"curies":[{"name":"wp","href":"https:\/\/api.w.org\/{rel}","templated":true}]}}