{"id":166789,"date":"2025-06-10T23:08:09","date_gmt":"2025-06-10T23:08:09","guid":{"rendered":"https:\/\/www.europesays.com\/fr\/166789\/"},"modified":"2025-06-10T23:08:09","modified_gmt":"2025-06-10T23:08:09","slug":"previsions-du-mercredi-11-juin-2025-2","status":"publish","type":"post","link":"https:\/\/www.europesays.com\/fr\/166789\/","title":{"rendered":"pr\u00e9visions du mercredi 11 juin 2025"},"content":{"rendered":"<p>Un superbe soleil va briller sur Marseille et ce, tout au long de la journ\u00e9e. Les temp\u00e9ratures seront comprises entre 21 et 25\u00b0C. Un l\u00e9ger vent de sud-est soufflera. Dans la matin\u00e9e, les temp\u00e9ratures avoisineront les 24\u00b0C. Les valeurs seront de 24\u00b0C au minimum et de 25\u00b0C au maximum l&rsquo;apr\u00e8s-midi. Les temp\u00e9ratures iront de 22 \u00e0 24\u00b0C sur l&rsquo;ensemble de la soir\u00e9e. Pendant que vous dormirez, dans la nuit de mercredi \u00e0 jeudi, le ciel sera clair.<\/p>\n<p>Demain, les Marseillais vont pouvoir b\u00e9n\u00e9ficier d&rsquo;un soleil radieux. La m\u00e9t\u00e9o va se r\u00e9chauffer avec une augmentation de quelques degr\u00e9s. Les valeurs s&rsquo;\u00e9chelonneront entre 21 et 26\u00b0C. Les temp\u00e9ratures seront de 24\u00b0C au cours de la matin\u00e9e. Un vent de sud-est rafra\u00eechira quelque peu l&rsquo;atmosph\u00e8re. Les maximales iront jusqu&rsquo;\u00e0 25\u00b0C dans l&rsquo;apr\u00e8s-midi alors que les minimales seront de 24\u00b0C. Les valeurs afficheront entre 23\u00b0C et 24\u00b0C dans la soir\u00e9e. Une l\u00e9g\u00e8re brise de sud-est sera ressentie par les habitants.<\/p>\n<p>Les jours qui suivent s&rsquo;annoncent similaires. Des temp\u00e9ratures dans les 25\u00b0C accompagneront un ciel ensoleill\u00e9.<\/p>\n<p><\/p>\n","protected":false},"excerpt":{"rendered":"Un superbe soleil va briller sur Marseille et ce, tout au long de la journ\u00e9e. Les temp\u00e9ratures seront&hellip;\n","protected":false},"author":2,"featured_media":166790,"comment_status":"","ping_status":"","sticky":false,"template":"","format":"standard","meta":{"footnotes":""},"categories":[2814],"tags":[1111,11,885,1777,674,1011,27,884,12,883,2119,882,25],"class_list":{"0":"post-166789","1":"post","2":"type-post","3":"status-publish","4":"format-standard","5":"has-post-thumbnail","7":"category-marseille","8":"tag-actu","9":"tag-actualites","10":"tag-bouches-du-rhone","11":"tag-eu","12":"tag-europe","13":"tag-fr","14":"tag-france","15":"tag-marseille","16":"tag-news","17":"tag-paca","18":"tag-previsions-meteo","19":"tag-provence-alpes-cote-dazur","20":"tag-republique-francaise"},"share_on_mastodon":{"url":"https:\/\/pubeurope.com\/@fr\/114661590011677518","error":""},"_links":{"self":[{"href":"https:\/\/www.europesays.com\/fr\/wp-json\/wp\/v2\/posts\/166789","targetHints":{"allow":["GET"]}}],"collection":[{"href":"https:\/\/www.europesays.com\/fr\/wp-json\/wp\/v2\/posts"}],"about":[{"href":"https:\/\/www.europesays.com\/fr\/wp-json\/wp\/v2\/types\/post"}],"author":[{"embeddable":true,"href":"https:\/\/www.europesays.com\/fr\/wp-json\/wp\/v2\/users\/2"}],"replies":[{"embeddable":true,"href":"https:\/\/www.europesays.com\/fr\/wp-json\/wp\/v2\/comments?post=166789"}],"version-history":[{"count":0,"href":"https:\/\/www.europesays.com\/fr\/wp-json\/wp\/v2\/posts\/166789\/revisions"}],"wp:featuredmedia":[{"embeddable":true,"href":"https:\/\/www.europesays.com\/fr\/wp-json\/wp\/v2\/media\/166790"}],"wp:attachment":[{"href":"https:\/\/www.europesays.com\/fr\/wp-json\/wp\/v2\/media?parent=166789"}],"wp:term":[{"taxonomy":"category","embeddable":true,"href":"https:\/\/www.europesays.com\/fr\/wp-json\/wp\/v2\/categories?post=166789"},{"taxonomy":"post_tag","embeddable":true,"href":"https:\/\/www.europesays.com\/fr\/wp-json\/wp\/v2\/tags?post=166789"}],"curies":[{"name":"wp","href":"https:\/\/api.w.org\/{rel}","templated":true}]}}