{"id":166791,"date":"2025-06-10T23:09:17","date_gmt":"2025-06-10T23:09:17","guid":{"rendered":"https:\/\/www.europesays.com\/fr\/166791\/"},"modified":"2025-06-10T23:09:17","modified_gmt":"2025-06-10T23:09:17","slug":"un-chantier-participatif-ce-11-juin-sur-le-parc-gisele-halimi","status":"publish","type":"post","link":"https:\/\/www.europesays.com\/fr\/166791\/","title":{"rendered":"Un chantier participatif ce 11 juin sur le parc Gis\u00e8le-Halimi"},"content":{"rendered":"<p><img width=\"487\" height=\"299\" src=\"https:\/\/www.europesays.com\/fr\/wp-content\/uploads\/2025\/06\/place-grandclement.jpg\" class=\"attachment-post-thumbnail size-post-thumbnail wp-post-image\" alt=\"\" decoding=\"async\" fetchpriority=\"high\" \/><\/p>\n<p>La place Grandcl\u00e9ment (SdH\/LPI)<\/p>\n<p><strong>Le grand public est invit\u00e9 \u00e0 un chantier participatif ce mercredi sur ce futur espace public du quartier Grandcl\u00e9ment.<\/strong><\/p>\n<p>La transformation du quartier Grandcl\u00e9ment, port\u00e9e par la M\u00e9tropole de Lyon et la ville de Villeurbanne, se poursuit. Ce mardi soir, la M\u00e9tropole de Lyon, la Ville de Villeurbanne et SYTRAL Mobilit\u00e9s organisaient une soir\u00e9e festive \u00e0 destination des habitants et riverains de la place Jules Grandcl\u00e9ment, un \u00e9v\u00e8nement gratuit et ouvert \u00e0 toutes et tous.<\/p>\n<p>Ce temps marquait la r\u00e9ouverture de la place au grand public apr\u00e8s la livraison des am\u00e9nagements majeurs (sculpture, placette Est, place centrale). Reste que ceci ne marque pas la fin des travaux sur la place Grandcl\u00e9ment, loin de l\u00e0. D\u2019autres am\u00e9nagements sont toujours en cours, dont les am\u00e9nagement li\u00e9s \u00e0 la ligne de tram T6.<\/p>\n<p>D\u2019ici 2030, le nouveau parc Gis\u00e8le-Halimi s\u2019\u00e9tendra sur plus de 2 hectares mais une premi\u00e8re partie ouvrira au public d\u00e8s le 20 juin 2025. 1.400 m\u00b2 vont \u00eatre am\u00e9nag\u00e9s, arbor\u00e9s et v\u00e9g\u00e9talis\u00e9s sur la partie ouest de la friche, organis\u00e9e en diff\u00e9rents espaces. Des tables de pique-nique, un espace ludique d\u2019escalade, un terrain de p\u00e9tanque et une zone pouvant accueillir un foodtruck seront pr\u00e9sents. Le sud de la parcelle sera am\u00e9nag\u00e9 en une aire canine de libert\u00e9 de 500 m\u00b2 et une partie sera r\u00e9serv\u00e9e \u00e0 la fertilisation des sols.<\/p>\n<p>Un atelier de 12h30 \u00e0 16h00<\/p>\n<p>Avant cela, le grand public est invit\u00e9 \u00e0 un chantier participatif, anim\u00e9 par le collectif \u00abPourquoi Pas ?!\u00bb, ce mercredi 11 juin, de 12h30 \u00e0 16h00. Ce temps est ouvert \u00e0 toutes et tous, sans inscription. L\u2019objectif est de d\u00e9couvrir le chantier dans une ambiance conviviale et de se familiariser avec certains outils. Aucune comp\u00e9tence sp\u00e9cifique n\u2019est attendue. Le collectif adaptera les missions en fonction des capacit\u00e9s et des envies de chacun.<\/p>\n<p>Pour participer \u00e0 ce chantier participatif, rendez-vous est donn\u00e9 au 36-40, rue Antoine-Primat \u00e0 Villeurbanne. Les enfants sont les bienvenus, accompagn\u00e9s d\u2019un adulte. Il est conseill\u00e9 de pr\u00e9voir des chaussures ferm\u00e9es, une tenue confortable et une gourde d\u2019eau. Le reste du mat\u00e9riel (gants, lunettes, casques de chantier\u2026) pourra \u00eatre pr\u00eat\u00e9.<\/p>\n<p>L\u2019ouverture au public des am\u00e9nagements provisoires du parc Gis\u00e8le-Halimi est pr\u00e9vue pour le 20 juin 2025. En septembre prochain, aura lieu le d\u00e9but de la concertation pour l\u2019am\u00e9nagement d\u00e9finitif du parc Gis\u00e8le-Halimi.<\/p>\n<p><strong>Si vous avez appr\u00e9ci\u00e9 cet article, s&rsquo;il vous plait, prenez le temps de <a href=\"#comments\">laisser un commentaire<\/a> ou de <a href=\"http:\/\/www.lyonpoleimmo.com\/feed\/\" rel=\"nofollow noopener\" target=\"_blank\">souscrire au flux<\/a> afin de recevoir les futurs articles directement dans votre lecteur de flux.<br \/>\n    <\/strong><\/p>\n<p>\t<a href=\"http:\/\/www.lyonpoleimmo.com\/2025\/06\/10\/91193\/la-passerelle-de-la-ruette-mulet-inauguree-a-francheville\/\" rel=\"bookmark nofollow noopener\" title=\"Lien Permanent vers La passerelle de la Ruette-Mulet inaugur\u00e9e \u00e0 Francheville\" target=\"_blank\">La passerelle de la Ruette-Mulet inaugur\u00e9e \u00e0 Francheville<\/a><\/p>\n<p>\t<a href=\"http:\/\/www.lyonpoleimmo.com\/2025\/06\/10\/91193\/la-passerelle-de-la-ruette-mulet-inauguree-a-francheville\/\" rel=\"bookmark nofollow noopener\" title=\"Lien Permanent vers La passerelle de la Ruette-Mulet inaugur\u00e9e \u00e0 Francheville\" target=\"_blank\"><\/p>\n<p><img decoding=\"async\" src=\"https:\/\/www.europesays.com\/fr\/wp-content\/uploads\/2025\/06\/inauguration-passerelle-Ruelle-Mulet.jpg\" alt=\"null\" \/>La M\u00e9tropole de Lyon et la commune de Francheville ont inaugur\u00e9 ce nouvel \u00e9quipement qui avait \u00e9t\u00e9 pos\u00e9 il y a quelques semaines.<br \/><a href=\"http:\/\/www.lyonpoleimmo.com\/2025\/02\/17\/89504\/la-passerelle-de-la-ruette-mulet-nouveau-lien-entre-quartiers-de-francheville\/\" rel=\"nofollow noopener\" target=\"_blank\"><strong>\u00bb La passerelle de la Ruette Mulet, nouveau lien entre deux quartiers de Francheville<\/strong><\/a><\/p>\n<p><\/a><\/p>\n<p>\t<a href=\"http:\/\/www.lyonpoleimmo.com\/2025\/06\/04\/91147\/lopposition-de-droite-saisit-la-prefete-sur-les-permis-de-construire\/\" rel=\"bookmark nofollow noopener\" title=\"Lien Permanent vers L\u2019opposition de droite saisit la pr\u00e9f\u00e8te sur les permis de construire\" target=\"_blank\">L\u2019opposition de droite saisit la pr\u00e9f\u00e8te sur les permis de construire<\/a><\/p>\n<p>\t<a href=\"http:\/\/www.lyonpoleimmo.com\/2025\/06\/04\/91147\/lopposition-de-droite-saisit-la-prefete-sur-les-permis-de-construire\/\" rel=\"bookmark nofollow noopener\" title=\"Lien Permanent vers L\u2019opposition de droite saisit la pr\u00e9f\u00e8te sur les permis de construire\" target=\"_blank\"><\/p>\n<p>\u00abLa M\u00e9tro positive\u00bb a indiqu\u00e9 avoir saisi la pr\u00e9f\u00e8te sur la comp\u00e9tence urbanisme des communes de la M\u00e9tropole, cette derni\u00e8re cherchant, selon le groupe d\u2019opposition, \u00e0 imposer un avis unique et contraignant sur les permis de construire qui pourrait lui permettre de bloquer ou d\u2019orienter les projets.<\/p>\n<p><\/a><\/p>\n<p>\t<a href=\"http:\/\/www.lyonpoleimmo.com\/2025\/06\/03\/91112\/une-deviation-pour-le-contournement-nord-de-saint-laurent-de-chamousset\/\" rel=\"bookmark nofollow noopener\" title=\"Lien Permanent vers Une d\u00e9viation pour le contournement nord de Saint-Laurent-de-Chamousset\" target=\"_blank\">Une d\u00e9viation pour le contournement nord de Saint-Laurent-de-Chamousset<\/a><\/p>\n<p>\t<a href=\"http:\/\/www.lyonpoleimmo.com\/2025\/06\/03\/91112\/une-deviation-pour-le-contournement-nord-de-saint-laurent-de-chamousset\/\" rel=\"bookmark nofollow noopener\" title=\"Lien Permanent vers Une d\u00e9viation pour le contournement nord de Saint-Laurent-de-Chamousset\" target=\"_blank\"><\/p>\n<p>Le D\u00e9partement du Rh\u00f4ne a annonc\u00e9 financer l\u2019am\u00e9nagement d\u2019une d\u00e9viation pour ce contournement qui sera am\u00e9nag\u00e9 entre les RD81 et RD4.<\/p>\n<p><\/a><\/p>\n<p>\t<a href=\"http:\/\/www.lyonpoleimmo.com\/2025\/05\/27\/91037\/vernaison-requalification-de-la-place-centrale\/\" rel=\"bookmark nofollow noopener\" title=\"Lien Permanent vers Vernaison\u00a0: requalification de la place centrale\" target=\"_blank\">Vernaison\u00a0: requalification de la place centrale<\/a><\/p>\n<p>\t<a href=\"http:\/\/www.lyonpoleimmo.com\/2025\/05\/27\/91037\/vernaison-requalification-de-la-place-centrale\/\" rel=\"bookmark nofollow noopener\" title=\"Lien Permanent vers Vernaison\u00a0: requalification de la place centrale\" target=\"_blank\"><\/p>\n<p><img decoding=\"async\" src=\"https:\/\/www.europesays.com\/fr\/wp-content\/uploads\/2025\/05\/Vernaison-Place11-Novembre-1918-8-Mai-1945.jpg\" alt=\"null\" \/>La M\u00e9tropole de Lyon s\u2019engage dans cette op\u00e9ration de transformation de la place centrale de la ville situ\u00e9e au sud de Lyon.<\/p>\n<p><\/a><\/p>\n<p>\t<a href=\"http:\/\/www.lyonpoleimmo.com\/2025\/05\/25\/90999\/le-projet-de-reamenagement-du-boulevard-de-la-croix-rousse-a-ete-presente\/\" rel=\"bookmark nofollow noopener\" title=\"Lien Permanent vers Le projet de r\u00e9am\u00e9nagement du boulevard de la Croix-Rousse pr\u00e9sent\u00e9\" target=\"_blank\">Le projet de r\u00e9am\u00e9nagement du boulevard de la Croix-Rousse pr\u00e9sent\u00e9<\/a><\/p>\n<p>\t<a href=\"http:\/\/www.lyonpoleimmo.com\/2025\/05\/25\/90999\/le-projet-de-reamenagement-du-boulevard-de-la-croix-rousse-a-ete-presente\/\" rel=\"bookmark nofollow noopener\" title=\"Lien Permanent vers Le projet de r\u00e9am\u00e9nagement du boulevard de la Croix-Rousse pr\u00e9sent\u00e9\" target=\"_blank\"><\/p>\n<p><img decoding=\"async\" src=\"https:\/\/www.europesays.com\/fr\/wp-content\/uploads\/2025\/05\/boulevardCroixRousse.jpg\" alt=\"null\" \/>La M\u00e9tropole et la Ville de Lyon ont fait part vendredi du sc\u00e9nario retenu pour le r\u00e9am\u00e9nagement du boulevard de la Croix-Rousse, axe majeur du quartier.<\/p>\n<p><\/a><\/p>\n<p>\t<a href=\"http:\/\/www.lyonpoleimmo.com\/2025\/05\/22\/90975\/renovation-urbaine-lecheance-de-livraison-des-operations-portee-a-2032\/\" rel=\"bookmark nofollow noopener\" title=\"Lien Permanent vers R\u00e9novation urbaine : l\u2019\u00e9ch\u00e9ance de livraison des op\u00e9rations port\u00e9e \u00e0 2032\" target=\"_blank\">R\u00e9novation urbaine : l\u2019\u00e9ch\u00e9ance de livraison des op\u00e9rations port\u00e9e \u00e0 2032<\/a><\/p>\n<p>\t<a href=\"http:\/\/www.lyonpoleimmo.com\/2025\/05\/22\/90975\/renovation-urbaine-lecheance-de-livraison-des-operations-portee-a-2032\/\" rel=\"bookmark nofollow noopener\" title=\"Lien Permanent vers R\u00e9novation urbaine : l\u2019\u00e9ch\u00e9ance de livraison des op\u00e9rations port\u00e9e \u00e0 2032\" target=\"_blank\"><\/p>\n<p>La ministre charg\u00e9e du Logement, Val\u00e9rie L\u00e9tard, \u00e9tait mardi en visite \u00e0 l\u2019agence nationale pour la r\u00e9novation urbaine dans le cadre de la revue nationale des projets du NPNRU.<\/p>\n<p><\/a><\/p>\n<p>\t<a href=\"http:\/\/www.lyonpoleimmo.com\/2025\/05\/22\/90970\/le-premier-espace-test-agricole-metropolitain-a-ete-inaugure\/\" rel=\"bookmark nofollow noopener\" title=\"Lien Permanent vers Le premier espace-test agricole m\u00e9tropolitain a \u00e9t\u00e9 inaugur\u00e9\" target=\"_blank\">Le premier espace-test agricole m\u00e9tropolitain a \u00e9t\u00e9 inaugur\u00e9<\/a><\/p>\n<p>\t<a href=\"http:\/\/www.lyonpoleimmo.com\/2025\/05\/22\/90970\/le-premier-espace-test-agricole-metropolitain-a-ete-inaugure\/\" rel=\"bookmark nofollow noopener\" title=\"Lien Permanent vers Le premier espace-test agricole m\u00e9tropolitain a \u00e9t\u00e9 inaugur\u00e9\" target=\"_blank\"><\/p>\n<p>Bruno Bernard, pr\u00e9sident de la M\u00e9tropole de Lyon, et H\u00e9l\u00e8ne Geoffroy, maire de Vaulx-en-Velin, ont inaugur\u00e9 hier l\u2019espace-test mara\u00eecher install\u00e9 depuis l\u2019automne dernier sur les Terres du Velin.<\/p>\n<p><\/a><\/p>\n<p>\t<a href=\"http:\/\/www.lyonpoleimmo.com\/2025\/05\/15\/90892\/la-proposition-de-loi-de-simplification-de-lurbanisme-et-du-logement-adoptee\/\" rel=\"bookmark nofollow noopener\" title=\"Lien Permanent vers La proposition de loi de simplification de l\u2019urbanisme et du logement adopt\u00e9e\" target=\"_blank\">La proposition de loi de simplification de l\u2019urbanisme et du logement adopt\u00e9e<\/a><\/p>\n<p>\t<a href=\"http:\/\/www.lyonpoleimmo.com\/2025\/05\/15\/90892\/la-proposition-de-loi-de-simplification-de-lurbanisme-et-du-logement-adoptee\/\" rel=\"bookmark nofollow noopener\" title=\"Lien Permanent vers La proposition de loi de simplification de l\u2019urbanisme et du logement adopt\u00e9e\" target=\"_blank\"><\/p>\n<p>L\u2019Assembl\u00e9e nationale a adopt\u00e9 la proposition de loi de simplification de l\u2019urbanisme et du logement. Le minist\u00e8re charg\u00e9 du logement salue \u00abun pas concret vers la relance de la production de logement par la facilitation des proc\u00e9dures\u00bb.<\/p>\n<p><\/a><\/p>\n<p>\t<a href=\"http:\/\/www.lyonpoleimmo.com\/2025\/05\/14\/90856\/la-grande-transformation-du-mas-du-taureau\/\" rel=\"bookmark nofollow noopener\" title=\"Lien Permanent vers La grande transformation du Mas du Taureau\" target=\"_blank\">La grande transformation du Mas du Taureau<\/a><\/p>\n<p>\t<a href=\"http:\/\/www.lyonpoleimmo.com\/2025\/05\/14\/90856\/la-grande-transformation-du-mas-du-taureau\/\" rel=\"bookmark nofollow noopener\" title=\"Lien Permanent vers La grande transformation du Mas du Taureau\" target=\"_blank\"><\/p>\n<p><img decoding=\"async\" src=\"https:\/\/www.europesays.com\/fr\/wp-content\/uploads\/2025\/05\/grande-ile.jpg\" alt=\"null\" \/>En attendant l\u2019arriv\u00e9e tant attendue du tramway T9, cette partie de Vaulx-en-Velin conna\u00eet une mue d\u2019ampleur, marqu\u00e9e par l\u2019arriv\u00e9e d\u2019\u00e9quipements publics et de nouveaux programmes de logements.<\/p>\n<p><\/a><\/p>\n<p>\t<a href=\"http:\/\/www.lyonpoleimmo.com\/2025\/05\/11\/90828\/la-place-hubert-mounier-nouveau-coeur-culturel-de-la-confluence\/\" rel=\"bookmark nofollow noopener\" title=\"Lien Permanent vers La place Hubert Mounier, nouveau coeur culturel de la Confluence\" target=\"_blank\">La place Hubert Mounier, nouveau coeur culturel de la Confluence<\/a><\/p>\n<p>\t<a href=\"http:\/\/www.lyonpoleimmo.com\/2025\/05\/11\/90828\/la-place-hubert-mounier-nouveau-coeur-culturel-de-la-confluence\/\" rel=\"bookmark nofollow noopener\" title=\"Lien Permanent vers La place Hubert Mounier, nouveau coeur culturel de la Confluence\" target=\"_blank\"><\/p>\n<p><img decoding=\"async\" src=\"https:\/\/www.europesays.com\/fr\/wp-content\/uploads\/2025\/05\/placeHubertMounier.jpg\" \/>L\u2019espace public a \u00e9t\u00e9 inaugur\u00e9 lundi en pr\u00e9sence de la famille du chanteur de l\u2019affaire Luis Trio, de plusieurs \u00e9lus, de Kent et de Benjamin Biolay.<\/p>\n<p><\/a><\/p>\n<p>\t<a href=\"http:\/\/www.lyonpoleimmo.com\/2025\/05\/07\/90796\/urbanisme-des-elus-critiquent-lingerence-de-la-metropole-dans-les-affaires-communales\/\" rel=\"bookmark nofollow noopener\" title=\"Lien Permanent vers Urbanisme : des \u00e9lus critiquent l\u2019 \u00abing\u00e9rence\u00bb de la M\u00e9tropole  dans les affaires communales\" target=\"_blank\">Urbanisme : des \u00e9lus critiquent l\u2019 \u00abing\u00e9rence\u00bb de la M\u00e9tropole  dans les affaires communales<\/a><\/p>\n<p>\t<a href=\"http:\/\/www.lyonpoleimmo.com\/2025\/05\/07\/90796\/urbanisme-des-elus-critiquent-lingerence-de-la-metropole-dans-les-affaires-communales\/\" rel=\"bookmark nofollow noopener\" title=\"Lien Permanent vers Urbanisme : des \u00e9lus critiquent l\u2019 \u00abing\u00e9rence\u00bb de la M\u00e9tropole  dans les affaires communales\" target=\"_blank\"><\/p>\n<p>Les pr\u00e9sidents de trois groupes d\u2019opposition \u00e0 la M\u00e9tropole de Lyon accusent dans un communiqu\u00e9 la collectivit\u00e9 d\u2019ing\u00e9rence des affaires communales en mati\u00e8re d\u2019urbanisme.<\/p>\n<p><\/a><\/p>\n<p>\t<a href=\"http:\/\/www.lyonpoleimmo.com\/2025\/05\/05\/90740\/evasyon-ou-la-mue-reussie-dun-ensemble-tertiaire-au-coeur-du-quartier-sans-souci\/\" rel=\"bookmark nofollow noopener\" title=\"Lien Permanent vers \u00ab\u00a0EvasYon\u00a0\u00bb ou la mue r\u00e9ussie d\u2019un ensemble tertiaire au c\u0153ur du quartier Sans Souci\" target=\"_blank\">\u00ab\u00a0EvasYon\u00a0\u00bb ou la mue r\u00e9ussie d\u2019un ensemble tertiaire au c\u0153ur du quartier Sans Souci<\/a><\/p>\n<p>\t<a href=\"http:\/\/www.lyonpoleimmo.com\/2025\/05\/05\/90740\/evasyon-ou-la-mue-reussie-dun-ensemble-tertiaire-au-coeur-du-quartier-sans-souci\/\" rel=\"bookmark nofollow noopener\" title=\"Lien Permanent vers \u00ab\u00a0EvasYon\u00a0\u00bb ou la mue r\u00e9ussie d\u2019un ensemble tertiaire au c\u0153ur du quartier Sans Souci\" target=\"_blank\"><\/p>\n<p>L\u2019op\u00e9ration inaugur\u00e9e fin mars par Vinci Immobilier, int\u00e8gre le premier Bikube, nouvelle marque de coliving au concept hybride, mais aussi un nouvel immeuble tertiaire et une r\u00e9sidence \u00e9tudiante.<\/p>\n<p><\/a><\/p>\n<p>\t<a href=\"http:\/\/www.lyonpoleimmo.com\/2025\/04\/29\/90696\/confluence-lilot-e4-nord-attribue-au-groupement-porte-par-vinci\/\" rel=\"bookmark nofollow noopener\" title=\"Lien Permanent vers Confluence\u00a0: l\u2019\u00eelot E4 Nord attribu\u00e9 au groupement port\u00e9 par Vinci\" target=\"_blank\">Confluence\u00a0: l\u2019\u00eelot E4 Nord attribu\u00e9 au groupement port\u00e9 par Vinci<\/a><\/p>\n<p>\t<a href=\"http:\/\/www.lyonpoleimmo.com\/2025\/04\/29\/90696\/confluence-lilot-e4-nord-attribue-au-groupement-porte-par-vinci\/\" rel=\"bookmark nofollow noopener\" title=\"Lien Permanent vers Confluence\u00a0: l\u2019\u00eelot E4 Nord attribu\u00e9 au groupement port\u00e9 par Vinci\" target=\"_blank\"><\/p>\n<p><img decoding=\"async\" src=\"https:\/\/www.europesays.com\/fr\/wp-content\/uploads\/2025\/05\/IlotE4Nord2.jpg\" \/>Vinci Immobilier, Lipsky+Rollet AE et Tectoniques ont \u00e9t\u00e9 d\u00e9sign\u00e9s laur\u00e9ats pour la r\u00e9alisation de cet \u00eelot qui comprendra un gymnase municipal omnisport avec une salle d\u2019escalade, une r\u00e9sidence \u00e9tudiante sociale, des logements, des bureaux et des commerces.<\/p>\n<p><\/a><\/p>\n<p>\t<a href=\"http:\/\/www.lyonpoleimmo.com\/2025\/04\/22\/90625\/lamenagement-de-la-zac-saint-jean-a-villeurbanne-confiee-a-la-spl-mlac\/\" rel=\"bookmark nofollow noopener\" title=\"Lien Permanent vers L\u2019am\u00e9nagement de la ZAC Saint-Jean \u00e0 Villeurbanne confi\u00e9e \u00e0 la SPL MLAC\" target=\"_blank\">L\u2019am\u00e9nagement de la ZAC Saint-Jean \u00e0 Villeurbanne confi\u00e9e \u00e0 la SPL MLAC<\/a><\/p>\n<p>\t<a href=\"http:\/\/www.lyonpoleimmo.com\/2025\/04\/22\/90625\/lamenagement-de-la-zac-saint-jean-a-villeurbanne-confiee-a-la-spl-mlac\/\" rel=\"bookmark nofollow noopener\" title=\"Lien Permanent vers L\u2019am\u00e9nagement de la ZAC Saint-Jean \u00e0 Villeurbanne confi\u00e9e \u00e0 la SPL MLAC\" target=\"_blank\"><\/p>\n<p>La M\u00e9tropole de Lyon a indiqu\u00e9 avoir confi\u00e9 \u00e0 la soci\u00e9t\u00e9 publique locale membre du groupe SERL la mission d\u2019am\u00e9nagement de ce quartier inscrit au NPNRU.<\/p>\n<p><\/a><\/p>\n<p>\t<a href=\"http:\/\/www.lyonpoleimmo.com\/2025\/04\/13\/90456\/la-place-basse-beraudier-a-ete-inauguree\/\" rel=\"bookmark nofollow noopener\" title=\"Lien Permanent vers La place basse B\u00e9raudier a \u00e9t\u00e9 inaugur\u00e9e\" target=\"_blank\">La place basse B\u00e9raudier a \u00e9t\u00e9 inaugur\u00e9e<\/a><\/p>\n<p>\t<a href=\"http:\/\/www.lyonpoleimmo.com\/2025\/04\/13\/90456\/la-place-basse-beraudier-a-ete-inauguree\/\" rel=\"bookmark nofollow noopener\" title=\"Lien Permanent vers La place basse B\u00e9raudier a \u00e9t\u00e9 inaugur\u00e9e\" target=\"_blank\"><\/p>\n<p><img decoding=\"async\" src=\"https:\/\/www.europesays.com\/fr\/wp-content\/uploads\/2025\/04\/Inauguration-placebasse-Beraudier.jpg\" alt=\"null\" \/>Depuis ce vendredi, les utilisateurs du m\u00e9tro peuvent rallier directement cette place basse B\u00e9raudier, laquelle permet d\u2019arriver directement via des escalators \u00e0 l\u2019entr\u00e9e de la gare.<\/p>\n<p><\/a><\/p>\n","protected":false},"excerpt":{"rendered":"La place Grandcl\u00e9ment (SdH\/LPI) Le grand public est invit\u00e9 \u00e0 un chantier participatif ce mercredi sur ce futur&hellip;\n","protected":false},"author":2,"featured_media":166792,"comment_status":"","ping_status":"","sticky":false,"template":"","format":"standard","meta":{"footnotes":""},"categories":[1889],"tags":[1111,11,2430,1777,674,1011,27,21944,2428,12,25,1352],"class_list":{"0":"post-166791","1":"post","2":"type-post","3":"status-publish","4":"format-standard","5":"has-post-thumbnail","7":"category-lyon","8":"tag-actu","9":"tag-actualites","10":"tag-auvergne-rhone-alpes","11":"tag-eu","12":"tag-europe","13":"tag-fr","14":"tag-france","15":"tag-immobilier-durable","16":"tag-lyon","17":"tag-news","18":"tag-republique-francaise","19":"tag-urbanisme"},"share_on_mastodon":{"url":"https:\/\/pubeurope.com\/@fr\/114661593395755193","error":""},"_links":{"self":[{"href":"https:\/\/www.europesays.com\/fr\/wp-json\/wp\/v2\/posts\/166791","targetHints":{"allow":["GET"]}}],"collection":[{"href":"https:\/\/www.europesays.com\/fr\/wp-json\/wp\/v2\/posts"}],"about":[{"href":"https:\/\/www.europesays.com\/fr\/wp-json\/wp\/v2\/types\/post"}],"author":[{"embeddable":true,"href":"https:\/\/www.europesays.com\/fr\/wp-json\/wp\/v2\/users\/2"}],"replies":[{"embeddable":true,"href":"https:\/\/www.europesays.com\/fr\/wp-json\/wp\/v2\/comments?post=166791"}],"version-history":[{"count":0,"href":"https:\/\/www.europesays.com\/fr\/wp-json\/wp\/v2\/posts\/166791\/revisions"}],"wp:featuredmedia":[{"embeddable":true,"href":"https:\/\/www.europesays.com\/fr\/wp-json\/wp\/v2\/media\/166792"}],"wp:attachment":[{"href":"https:\/\/www.europesays.com\/fr\/wp-json\/wp\/v2\/media?parent=166791"}],"wp:term":[{"taxonomy":"category","embeddable":true,"href":"https:\/\/www.europesays.com\/fr\/wp-json\/wp\/v2\/categories?post=166791"},{"taxonomy":"post_tag","embeddable":true,"href":"https:\/\/www.europesays.com\/fr\/wp-json\/wp\/v2\/tags?post=166791"}],"curies":[{"name":"wp","href":"https:\/\/api.w.org\/{rel}","templated":true}]}}