{"id":166794,"date":"2025-06-10T23:12:12","date_gmt":"2025-06-10T23:12:12","guid":{"rendered":"https:\/\/www.europesays.com\/fr\/166794\/"},"modified":"2025-06-10T23:12:12","modified_gmt":"2025-06-10T23:12:12","slug":"ou-en-sont-les-candidatures-en","status":"publish","type":"post","link":"https:\/\/www.europesays.com\/fr\/166794\/","title":{"rendered":"O\u00f9 en Sont les Candidatures en &#8230;"},"content":{"rendered":"<p>Le feuilleton du futur stade du <strong>PSG<\/strong><br \/>\ns\u2019intensifie. Alors que le club a d\u00e9finitivement renonc\u00e9 au rachat<br \/>\ndu <strong>Parc des Princes<\/strong>, la qu\u00eate d\u2019une nouvelle<br \/>\nenceinte en \u00cele-de-France est plus que jamais d\u2019actualit\u00e9. Mais<br \/>\nquels sont les sites privil\u00e9gi\u00e9s, quelle superficie est recherch\u00e9e<br \/>\net comment y acc\u00e9dera-t-on ? Plongeons dans les d\u00e9tails des<br \/>\ncandidatures encore sur la table.<\/p>\n<p>La rupture est consomm\u00e9e entre le <strong>Paris<br \/>\nSaint-Germain<\/strong> et la Mairie de Paris. <strong>Nasser<br \/>\nAl-Khela\u00effi<\/strong> l\u2019a confirm\u00e9 : sans la propri\u00e9t\u00e9 du<br \/>\n<strong>Parc des Princes<\/strong>, le club quittera son enceinte<br \/>\nhistorique pour b\u00e2tir un stade \u00e0 sa mesure. L\u2019objectif est clair :<br \/>\ndisposer d\u2019un outil moderne et rentable, capable d\u2019accueillir entre<br \/>\n60 000 et 80 000 spectateurs, et de g\u00e9n\u00e9rer des revenus accrus,<br \/>\nnotamment les jours de match. Ce projet d\u2019envergure n\u00e9cessite une<br \/>\nsuperficie fonci\u00e8re consid\u00e9rable, de l\u2019ordre de 50 \u00e0 70 hectares,<br \/>\npour le stade lui-m\u00eame, mais aussi les parkings, les<br \/>\ninfrastructures annexes et les activit\u00e9s tertiaires envisag\u00e9es.<\/p>\n<p>Les territoires candidats :<br \/>\nVersailles, Saint-Quentin-en-Yvelines, Poissy, et d\u2019autres sites<br \/>\nsecrets<\/p>\n<p>La concurrence fait rage en \u00cele-de-France pour attirer le<br \/>\n<strong>PSG<\/strong>. Plusieurs communes et agglom\u00e9rations ont<br \/>\nmanifest\u00e9 leur int\u00e9r\u00eat, mais seules quelques-unes r\u00e9pondent aux<br \/>\ncrit\u00e8res drastiques du club. Selon <a href=\"https:\/\/www.francebleu.fr\/infos\/economie-social\/futur-stade-du-psg-en-ile-de-france-quelles-candidatures-toujours-en-lice-2631910\" target=\"_blank\" rel=\"noopener\"><br \/>\nFrance Bleu<\/a>, les candidatures les plus s\u00e9rieuses se<br \/>\ntrouvent principalement en grande couronne, l\u00e0 o\u00f9 les<br \/>\ndisponibilit\u00e9s fonci\u00e8res sont plus importantes. Parmi les noms qui<br \/>\ncirculent avec insistance et qui sont activement \u00e9tudi\u00e9s par le<br \/>\n<strong>PSG<\/strong>, on retrouve :<\/p>\n<ul class=\"wp-block-list\">\n<li><strong>Saint-Quentin-en-Yvelines (Yvelines) :<\/strong> Cette agglom\u00e9ration est pr\u00e9sent\u00e9e comme une \u00ab\u00a0destination privil\u00e9gi\u00e9e\u00a0\u00bb par des sources proches du dossier. Ses atouts majeurs r\u00e9sident dans la disponibilit\u00e9 de vastes terrains et une excellente desserte en transports en commun. Elle est notamment accessible via le RER C et le Transilien (lignes N et U). Pour les acc\u00e8s routiers, la proximit\u00e9 de l\u2019A12 et de la N10 serait un atout majeur.<\/li>\n<\/ul>\n<ul class=\"wp-block-list\">\n<li><strong>Poissy (Yvelines) :<\/strong> La commune de Poissy est \u00e9galement mentionn\u00e9e comme une option tr\u00e8s s\u00e9rieuse. Sa force r\u00e9side dans sa position g\u00e9ographique strat\u00e9gique et sa desserte par des lignes de transport importantes : le RER A et le Transilien (ligne J). L\u2019acc\u00e8s routier via l\u2019A13 est aussi un point fort pour Poissy.<\/li>\n<\/ul>\n<p>Toujours selon France Bleu, \u00ab\u00a0une dizaine de<br \/>\nterrains\u00a0\u00bb en \u00cele-de-France auraient \u00e9t\u00e9 propos\u00e9s au PSG,<br \/>\net que des discussions se poursuivent avec des sites potentiels<br \/>\ndans les <strong>Hauts-de-Seine<\/strong> et la<br \/>\n<strong>Seine-Saint-Denis<\/strong>. Cependant, France Bleu ne nomme<br \/>\npas de communes sp\u00e9cifiques dans ces deux d\u00e9partements, se<br \/>\nconcentrant sur les Yvelines comme \u00e9tant les candidatures les plus<br \/>\nconcr\u00e8tes \u00e0 ce stade.<\/p>\n<p>Crit\u00e8res de s\u00e9lection essentiels :<br \/>\ntransport et accessibilit\u00e9 optimale<\/p>\n<p>Au-del\u00e0 de la taille des terrains, l\u2019accessibilit\u00e9 est un<br \/>\ncrit\u00e8tre fondamental pour le Paris Saint-Germain. Un futur stade<br \/>\ndoit pouvoir accueillir des dizaines de milliers de personnes de<br \/>\nmani\u00e8re fluide et s\u00e9curis\u00e9e. Le club recherche des sites dot\u00e9s de<br \/>\nsolutions de transport en commun robustes (RER, Transilien, et<br \/>\nautres lignes de m\u00e9tro si pertinentes pour les sites envisag\u00e9s) et<br \/>\nde grands axes routiers fluides (autoroutes comme l\u2019A13, l\u2019A12, la<br \/>\nN10, etc.). La volont\u00e9 politique des \u00e9lus locaux \u00e0 soutenir et<br \/>\nfaciliter un projet d\u2019une telle ampleur est \u00e9galement un facteur<br \/>\nd\u00e9terminant dans la d\u00e9cision finale du club.<\/p>\n<p>Quel calendrier pour l\u2019annonce du<br \/>\nfutur domicile du PSG ?<\/p>\n<p>Pour l\u2019heure, aucun calendrier pr\u00e9cis n\u2019a \u00e9t\u00e9 communiqu\u00e9 pour<br \/>\nl\u2019annonce du site choisi. Le dossier est complexe et implique des<br \/>\n\u00e9tudes approfondies (techniques, environnementales, financi\u00e8res)<br \/>\nainsi que des n\u00e9gociations continues avec les collectivit\u00e9s et les<br \/>\npropri\u00e9taires fonciers.<\/p>\n<p>Le choix du futur emplacement du stade est une d\u00e9cision<br \/>\nstrat\u00e9gique qui marquera l\u2019histoire du <strong><a href=\"https:\/\/canal-supporters.com\/\" target=\"_blank\" rel=\"noopener\">Paris Saint-Germain<\/a><\/strong> et<br \/>\naura des r\u00e9percussions \u00e9conomiques et urbanistiques majeures pour<br \/>\nle territoire retenu. L\u2019annonce est attendue avec impatience par<br \/>\nles supporters et l\u2019ensemble du monde du football fran\u00e7ais.<\/p>\n<\/p>\n<p>YouTube : <a href=\"https:\/\/www.youtube.com\/watch?v=YdKSZVRKx4Q\" target=\"_blank\" rel=\"noopener\">Canal Supporters<br \/>\nParis<\/a><\/p>\n","protected":false},"excerpt":{"rendered":"Le feuilleton du futur stade du PSG s\u2019intensifie. Alors que le club a d\u00e9finitivement renonc\u00e9 au rachat du&hellip;\n","protected":false},"author":2,"featured_media":166795,"comment_status":"","ping_status":"","sticky":false,"template":"","format":"standard","meta":{"footnotes":""},"categories":[1592],"tags":[1111,11,81,1777,674,1011,27,30009,662,12,2334,626,91,92,93,25,30013,96],"class_list":{"0":"post-166794","1":"post","2":"type-post","3":"status-publish","4":"format-standard","5":"has-post-thumbnail","7":"category-ile-de-france","8":"tag-actu","9":"tag-actualites","10":"tag-canal-supporters","11":"tag-eu","12":"tag-europe","13":"tag-fr","14":"tag-france","15":"tag-futur-stade-du-psg","16":"tag-ile-de-france","17":"tag-news","18":"tag-parc-des-princes","19":"tag-paris","20":"tag-paris-saint-germain","21":"tag-paris-sg","22":"tag-psg","23":"tag-republique-francaise","24":"tag-stade-du-psg","25":"tag-une"},"share_on_mastodon":{"url":"https:\/\/pubeurope.com\/@fr\/114661604984093399","error":""},"_links":{"self":[{"href":"https:\/\/www.europesays.com\/fr\/wp-json\/wp\/v2\/posts\/166794","targetHints":{"allow":["GET"]}}],"collection":[{"href":"https:\/\/www.europesays.com\/fr\/wp-json\/wp\/v2\/posts"}],"about":[{"href":"https:\/\/www.europesays.com\/fr\/wp-json\/wp\/v2\/types\/post"}],"author":[{"embeddable":true,"href":"https:\/\/www.europesays.com\/fr\/wp-json\/wp\/v2\/users\/2"}],"replies":[{"embeddable":true,"href":"https:\/\/www.europesays.com\/fr\/wp-json\/wp\/v2\/comments?post=166794"}],"version-history":[{"count":0,"href":"https:\/\/www.europesays.com\/fr\/wp-json\/wp\/v2\/posts\/166794\/revisions"}],"wp:featuredmedia":[{"embeddable":true,"href":"https:\/\/www.europesays.com\/fr\/wp-json\/wp\/v2\/media\/166795"}],"wp:attachment":[{"href":"https:\/\/www.europesays.com\/fr\/wp-json\/wp\/v2\/media?parent=166794"}],"wp:term":[{"taxonomy":"category","embeddable":true,"href":"https:\/\/www.europesays.com\/fr\/wp-json\/wp\/v2\/categories?post=166794"},{"taxonomy":"post_tag","embeddable":true,"href":"https:\/\/www.europesays.com\/fr\/wp-json\/wp\/v2\/tags?post=166794"}],"curies":[{"name":"wp","href":"https:\/\/api.w.org\/{rel}","templated":true}]}}