{"id":166800,"date":"2025-06-10T23:15:10","date_gmt":"2025-06-10T23:15:10","guid":{"rendered":"https:\/\/www.europesays.com\/fr\/166800\/"},"modified":"2025-06-10T23:15:10","modified_gmt":"2025-06-10T23:15:10","slug":"previsions-du-mercredi-11-juin-2025-3","status":"publish","type":"post","link":"https:\/\/www.europesays.com\/fr\/166800\/","title":{"rendered":"pr\u00e9visions du mercredi 11 juin 2025"},"content":{"rendered":"<p>Un beau soleil est attendu aujourd&rsquo;hui \u00e0 Paris. On anticipe des temp\u00e9ratures d&rsquo;environ 20\u00b0C. Une brise d&rsquo;est soufflera l\u00e9g\u00e8rement. Il fera 21\u00b0C en moyenne le matin. Le temps va se r\u00e9chauffer l&rsquo;apr\u00e8s-midi avec une augmentation de plusieurs degr\u00e9s. Les maximales atteindront les 27\u00b0C alors que les minimales seront de 25\u00b0C. Il va faire environ 23\u00b0C, le soir. Un ciel d\u00e9pourvu de nuages est attendu dans la nuit reliant mercredi et jeudi.<\/p>\n<p>Demain, c&rsquo;est une hausse de quelques degr\u00e9s que vont enregistrer les temp\u00e9ratures dans la ville de Paris. L&rsquo;\u00e9pisode d&rsquo;importantes chaleurs est bien l\u00e0, avec des valeurs qui pourront aller jusqu&rsquo;\u00e0 31\u00b0C. Les temp\u00e9ratures s&rsquo;\u00e9chelonneront entre 16 et 31\u00b0C. Un petit vent de sud-ouest sera ressenti par les habitants. La ville aura quelques \u00e9claircies le matin. Les temp\u00e9ratures tourneront autour des 23\u00b0C. Cet apr\u00e8s-midi rimera avec grand soleil. Les temp\u00e9ratures vont conna\u00eetre une augmentation de plusieurs degr\u00e9s. Les fortes chaleurs sont install\u00e9es. Avec des valeurs situ\u00e9es entre 30 et 31\u00b0C. Les temp\u00e9ratures seront de 30\u00b0C au minimum et de 31\u00b0C au maximum. Apr\u00e8s un court \u00e9pisode nuageux, la m\u00e9t\u00e9o devrait s&rsquo;am\u00e9liorer pendant la soir\u00e9e. Les valeurs avoisineront les 27\u00b0C.<\/p>\n<p>Le temps restera stable les prochains jours. Il fera 25\u00b0C en moyenne pour des journ\u00e9es avec une m\u00e9t\u00e9o ensoleill\u00e9e.<\/p>\n<p><\/p>\n","protected":false},"excerpt":{"rendered":"Un beau soleil est attendu aujourd&rsquo;hui \u00e0 Paris. On anticipe des temp\u00e9ratures d&rsquo;environ 20\u00b0C. Une brise d&rsquo;est soufflera&hellip;\n","protected":false},"author":2,"featured_media":166801,"comment_status":"","ping_status":"","sticky":false,"template":"","format":"standard","meta":{"footnotes":""},"categories":[1888],"tags":[11,1777,674,1011,27,662,12,626,2119,25],"class_list":{"0":"post-166800","1":"post","2":"type-post","3":"status-publish","4":"format-standard","5":"has-post-thumbnail","7":"category-paris","8":"tag-actualites","9":"tag-eu","10":"tag-europe","11":"tag-fr","12":"tag-france","13":"tag-ile-de-france","14":"tag-news","15":"tag-paris","16":"tag-previsions-meteo","17":"tag-republique-francaise"},"share_on_mastodon":{"url":"https:\/\/pubeurope.com\/@fr\/114661617113172792","error":""},"_links":{"self":[{"href":"https:\/\/www.europesays.com\/fr\/wp-json\/wp\/v2\/posts\/166800","targetHints":{"allow":["GET"]}}],"collection":[{"href":"https:\/\/www.europesays.com\/fr\/wp-json\/wp\/v2\/posts"}],"about":[{"href":"https:\/\/www.europesays.com\/fr\/wp-json\/wp\/v2\/types\/post"}],"author":[{"embeddable":true,"href":"https:\/\/www.europesays.com\/fr\/wp-json\/wp\/v2\/users\/2"}],"replies":[{"embeddable":true,"href":"https:\/\/www.europesays.com\/fr\/wp-json\/wp\/v2\/comments?post=166800"}],"version-history":[{"count":0,"href":"https:\/\/www.europesays.com\/fr\/wp-json\/wp\/v2\/posts\/166800\/revisions"}],"wp:featuredmedia":[{"embeddable":true,"href":"https:\/\/www.europesays.com\/fr\/wp-json\/wp\/v2\/media\/166801"}],"wp:attachment":[{"href":"https:\/\/www.europesays.com\/fr\/wp-json\/wp\/v2\/media?parent=166800"}],"wp:term":[{"taxonomy":"category","embeddable":true,"href":"https:\/\/www.europesays.com\/fr\/wp-json\/wp\/v2\/categories?post=166800"},{"taxonomy":"post_tag","embeddable":true,"href":"https:\/\/www.europesays.com\/fr\/wp-json\/wp\/v2\/tags?post=166800"}],"curies":[{"name":"wp","href":"https:\/\/api.w.org\/{rel}","templated":true}]}}