{"id":16681,"date":"2025-04-11T06:43:31","date_gmt":"2025-04-11T06:43:31","guid":{"rendered":"https:\/\/www.europesays.com\/fr\/16681\/"},"modified":"2025-04-11T06:43:31","modified_gmt":"2025-04-11T06:43:31","slug":"embarquez-a-bord-du-mode-express-pour-vous-rendre-de-paris-a-milan","status":"publish","type":"post","link":"https:\/\/www.europesays.com\/fr\/16681\/","title":{"rendered":"Embarquez \u00e0 bord du \u00ab\u00a0mode express\u00a0\u00bb pour vous rendre de Paris \u00e0 Milan"},"content":{"rendered":"<p data-paragraph-id=\"5597986-1\">Auparavant la capitale du royaume d\u2019Italie, cette ville souvent n\u00e9glig\u00e9e n\u2019a rien perdu de son \u00e9l\u00e9gance atemporelle, gr\u00e2ce \u00e0 son abondance de palazzos et de porticos sur fond d\u2019Alpes italiennes. Pour une temp\u00e9rature agr\u00e9able, la meilleure saison est le printemps, vous pourrez en plus profiter de la <a href=\"https:\/\/turismotorino.org\/fr\" target=\"_blank\" rel=\"nofollow noopener noreferrer\">Nuit europ\u00e9enne des mus\u00e9es<\/a>, le 17\u00a0mai. Cette nuit-l\u00e0, bon nombre d\u2019institutions culturelles ouvrent gratuitement leurs portes pour des visites nocturnes de leurs collections.<\/p>\n<p data-paragraph-id=\"5597986-3\">La ville bat son plein durant la Design Week de Milan, du 8 au 13 avril. Des quartiers, comme Brera et Zona, se transforment en galeries en plein air. Ne manquez pas de visiter la <a href=\"https:\/\/pinacotecabrera.org\/\" target=\"_blank\" rel=\"nofollow noopener noreferrer\">Pinacoth\u00e8que de Brera<\/a>, qui a rouvert ses portes apr\u00e8s cinquante ans. Apr\u00e8s cela, le quartier de Citta Studi vous accueillera \u00e0 bras ouverts, avec ses nombreux caf\u00e9s et bars. Ou bien prenez la voie des eaux \u00e0 De Montel, qui sera bient\u00f4t le plus grand parc thermal urbain d\u2019Italie, \u00e0 son ouverture en avril.<\/p>\n","protected":false},"excerpt":{"rendered":"Auparavant la capitale du royaume d\u2019Italie, cette ville souvent n\u00e9glig\u00e9e n\u2019a rien perdu de son \u00e9l\u00e9gance atemporelle, gr\u00e2ce&hellip;\n","protected":false},"author":2,"featured_media":16682,"comment_status":"","ping_status":"","sticky":false,"template":"","format":"standard","meta":{"footnotes":""},"categories":[1888],"tags":[11,6824,1777,674,1011,27,12,626,25,586,6826,6825,6827],"class_list":{"0":"post-16681","1":"post","2":"type-post","3":"status-publish","4":"format-standard","5":"has-post-thumbnail","7":"category-paris","8":"tag-actualites","9":"tag-chemins-de-fer","10":"tag-eu","11":"tag-europe","12":"tag-fr","13":"tag-france","14":"tag-news","15":"tag-paris","16":"tag-republique-francaise","17":"tag-voyage","18":"tag-voyage-de-luxe","19":"tag-voyage-en-train","20":"tag-voyager"},"share_on_mastodon":{"url":"https:\/\/pubeurope.com\/@fr\/114317977726993625","error":""},"_links":{"self":[{"href":"https:\/\/www.europesays.com\/fr\/wp-json\/wp\/v2\/posts\/16681","targetHints":{"allow":["GET"]}}],"collection":[{"href":"https:\/\/www.europesays.com\/fr\/wp-json\/wp\/v2\/posts"}],"about":[{"href":"https:\/\/www.europesays.com\/fr\/wp-json\/wp\/v2\/types\/post"}],"author":[{"embeddable":true,"href":"https:\/\/www.europesays.com\/fr\/wp-json\/wp\/v2\/users\/2"}],"replies":[{"embeddable":true,"href":"https:\/\/www.europesays.com\/fr\/wp-json\/wp\/v2\/comments?post=16681"}],"version-history":[{"count":0,"href":"https:\/\/www.europesays.com\/fr\/wp-json\/wp\/v2\/posts\/16681\/revisions"}],"wp:featuredmedia":[{"embeddable":true,"href":"https:\/\/www.europesays.com\/fr\/wp-json\/wp\/v2\/media\/16682"}],"wp:attachment":[{"href":"https:\/\/www.europesays.com\/fr\/wp-json\/wp\/v2\/media?parent=16681"}],"wp:term":[{"taxonomy":"category","embeddable":true,"href":"https:\/\/www.europesays.com\/fr\/wp-json\/wp\/v2\/categories?post=16681"},{"taxonomy":"post_tag","embeddable":true,"href":"https:\/\/www.europesays.com\/fr\/wp-json\/wp\/v2\/tags?post=16681"}],"curies":[{"name":"wp","href":"https:\/\/api.w.org\/{rel}","templated":true}]}}