{"id":166814,"date":"2025-06-10T23:22:11","date_gmt":"2025-06-10T23:22:11","guid":{"rendered":"https:\/\/www.europesays.com\/fr\/166814\/"},"modified":"2025-06-10T23:22:11","modified_gmt":"2025-06-10T23:22:11","slug":"donald-trump-sen-prend-encore-a-leurope-et-juge-hors-de-controle-sa-gestion-de-limmigration","status":"publish","type":"post","link":"https:\/\/www.europesays.com\/fr\/166814\/","title":{"rendered":"Donald Trump s&rsquo;en prend (encore) \u00e0 l&rsquo;Europe et juge \u00ab\u00a0hors de contr\u00f4le\u00a0\u00bb sa gestion de l&rsquo;immigration"},"content":{"rendered":"<p class=\"article-p mdl\">Depuis le vendredi 6 juin, Los Angeles est le th\u00e9\u00e2tre d&rsquo;affrontements entre forces de l&rsquo;ordre et manifestants luttant contre la politique migratoire de Donald Trump. Pr\u00e8s de 5 000 soldats\u00a0<a class=\"link\" href=\"https:\/\/www.rtl.fr\/actu\/international\/californie-donald-trump-deploie-la-garde-nationale-apres-des-manifestations-anti-expulsions-7900513366\" target=\"_blank\" rel=\"nofollow noopener\">ainsi que la garde nationale<\/a>\u00a0ont \u00e9t\u00e9 mobilis\u00e9s par le pr\u00e9sident am\u00e9ricain afin de r\u00e9primer les mobilisations californienne.<\/p>\n<p class=\"article-p mdl\">Dans ce contexte sous tension,\u00a0<a class=\"link\" href=\"https:\/\/www.rtl.fr\/actu\/international\/clash-trump-musk-le-president-des-etats-unis-menace-de-tres-lourdes-consequences-7900513347\" target=\"_blank\" rel=\"nofollow noopener\">Donald Trump<\/a>\u00a0s&rsquo;est permis un comparatif \u00e0 l&rsquo;Europe. Un pic de plus envoyant au voisin outre-atlantique lorsqu&rsquo;il a affirm\u00e9, mardi 10 juin, que l&rsquo;Europe devait agir \u00ab\u00a0contre l&rsquo;immigration hors de contr\u00f4le\u00a0\u00bb et \u00ab\u00a0avant qu&rsquo;il ne soit trop tard\u00a0\u00bb.<\/p>\n<p class=\"article-p mdl\">\u00ab\u00a0Comme le monde entier peut d\u00e9sormais le constater, l&rsquo;immigration hors de contr\u00f4le conduit au chaos, <strong>au dysfonctionnement et au d\u00e9sordre<\/strong>. Et vous savez quoi ? C&rsquo;est aussi le cas en Europe. C&rsquo;est ce qui se passe dans de nombreux pays d&rsquo;Europe. Ils feraient mieux de faire quelque chose avant qu&rsquo;il ne soit trop tard\u00a0\u00bb, a-t-il d\u00e9clar\u00e9 lors d&rsquo;un discours sur une base militaire devant des soldats portant des treillis et des b\u00e9rets rouges.<\/p>\n<p class=\"article-p mdl\">Donald Trump a \u00e9galement assur\u00e9 que les manifestations organis\u00e9es \u00e0 Los Angeles \u00e9taient envahies par des \u00ab\u00a0ennemis \u00e9trangers\u00a0\u00bb. \u00ab\u00a0Cette anarchie ne se poursuivra pas. Nous ne permettrons pas que des agents f\u00e9d\u00e9raux soient attaqu\u00e9s et ne laisserons pas une ville am\u00e9ricaine \u00eatre envahie et conquise par des ennemis \u00e9trangers\u00a0\u00bb, a lanc\u00e9 lors d&rsquo;une prise de parole violente. Fid\u00e8le \u00e0 lui-m\u00eame, il a aussi fait huer les noms du gouverneur de Californie, Gavin Newsom, et de l&rsquo;ancien pr\u00e9sident Joe Biden, tous deux d\u00e9mocrates.<\/p>\n<p>    La r\u00e9daction vous recommande<\/p>\n<p class=\"s-newsletter__title\">\n                L\u2019actualit\u00e9 par la r\u00e9daction de RTL dans votre bo\u00eete mail.\n            <\/p>\n<p class=\"s-newsletter__subtitle\">\n                Gr\u00e2ce \u00e0 votre compte RTL abonnez-vous \u00e0 la newsletter RTL info pour suivre toute l&rsquo;actualit\u00e9 au quotidien\n            <\/p>\n<p>\n                                    Lire la suite\n                                <\/p>\n","protected":false},"excerpt":{"rendered":"Depuis le vendredi 6 juin, Los Angeles est le th\u00e9\u00e2tre d&rsquo;affrontements entre forces de l&rsquo;ordre et manifestants luttant&hellip;\n","protected":false},"author":2,"featured_media":166815,"comment_status":"","ping_status":"","sticky":false,"template":"","format":"standard","meta":{"footnotes":""},"categories":[1586],"tags":[11,75,1777,674,107,1011,27,1061,6116,12,25],"class_list":{"0":"post-166814","1":"post","2":"type-post","3":"status-publish","4":"format-standard","5":"has-post-thumbnail","7":"category-europe","8":"tag-actualites","9":"tag-donald-trump","10":"tag-eu","11":"tag-europe","12":"tag-fil-info","13":"tag-fr","14":"tag-france","15":"tag-immigration","16":"tag-los-angeles","17":"tag-news","18":"tag-republique-francaise"},"share_on_mastodon":{"url":"https:\/\/pubeurope.com\/@fr\/114661644245329179","error":""},"_links":{"self":[{"href":"https:\/\/www.europesays.com\/fr\/wp-json\/wp\/v2\/posts\/166814","targetHints":{"allow":["GET"]}}],"collection":[{"href":"https:\/\/www.europesays.com\/fr\/wp-json\/wp\/v2\/posts"}],"about":[{"href":"https:\/\/www.europesays.com\/fr\/wp-json\/wp\/v2\/types\/post"}],"author":[{"embeddable":true,"href":"https:\/\/www.europesays.com\/fr\/wp-json\/wp\/v2\/users\/2"}],"replies":[{"embeddable":true,"href":"https:\/\/www.europesays.com\/fr\/wp-json\/wp\/v2\/comments?post=166814"}],"version-history":[{"count":0,"href":"https:\/\/www.europesays.com\/fr\/wp-json\/wp\/v2\/posts\/166814\/revisions"}],"wp:featuredmedia":[{"embeddable":true,"href":"https:\/\/www.europesays.com\/fr\/wp-json\/wp\/v2\/media\/166815"}],"wp:attachment":[{"href":"https:\/\/www.europesays.com\/fr\/wp-json\/wp\/v2\/media?parent=166814"}],"wp:term":[{"taxonomy":"category","embeddable":true,"href":"https:\/\/www.europesays.com\/fr\/wp-json\/wp\/v2\/categories?post=166814"},{"taxonomy":"post_tag","embeddable":true,"href":"https:\/\/www.europesays.com\/fr\/wp-json\/wp\/v2\/tags?post=166814"}],"curies":[{"name":"wp","href":"https:\/\/api.w.org\/{rel}","templated":true}]}}