{"id":166826,"date":"2025-06-10T23:28:12","date_gmt":"2025-06-10T23:28:12","guid":{"rendered":"https:\/\/www.europesays.com\/fr\/166826\/"},"modified":"2025-06-10T23:28:12","modified_gmt":"2025-06-10T23:28:12","slug":"les-dates-du-debut-de-saison-un-match-par-semaine-le-jeudi-et-un-changement-de-format-ce-que-lon-sait-de-la-saison-2025-2026","status":"publish","type":"post","link":"https:\/\/www.europesays.com\/fr\/166826\/","title":{"rendered":"Les dates du d\u00e9but de saison, un match par semaine le jeudi et un changement de format\u2026 ce que l\u2019on sait de la saison 2025-2026"},"content":{"rendered":"<p>\n                                                                A quatre mois du lancement du prochain championnat de France, les premiers changements sont annonc\u00e9s. Ils concernent directement Montpellier, S\u00e8te et Narbonne.\n                            <\/p>\n<p>Selon nos informations, la Ligue Nationale de Volley-ball a d\u00e9cid\u00e9 de changer le format de la Marmara Spikeligue qui comptera 14 clubs contre 13 la saison derni\u00e8re. Les six premiers du classement de la saison r\u00e9guli\u00e8re se qualifieront directement pour les quarts de finale qui se d\u00e9rouleront au meilleur des trois matchs comme les demi-finales et la finale. Les \u00e9quipes class\u00e9es de la septi\u00e8me \u00e0 la dixi\u00e8me place disputeront un barrage appel\u00e9 play-in \u00e0 la mani\u00e8re de la ligue de basket nord-am\u00e9ricaine.<\/p>\n<p>Mais ce n\u2019est pas tout, le diffuseur officiel du championnat de France, beIN Sports aurait d\u00e9cid\u00e9 de d\u00e9caler l\u2019affiche qu\u2019il retransmet du vendredi au jeudi soir pour laisser la place aux matchs de Ligue 2 de football.<\/p>\n<p>Premi\u00e8re journ\u00e9e le 21\u00a0octobre<\/p>\n<p>Enfin, le d\u00e9but de saison sera dense puisque la premi\u00e8re journ\u00e9e de championnat est programm\u00e9e au mardi 21\u00a0octobre, la deuxi\u00e8me au samedi 25\u00a0octobre et la troisi\u00e8me au mardi 28\u00a0octobre.<\/p>\n<p>Qualifi\u00e9 en CEV Cup, Montpellier jouera le 16e de finale aller entre le 4 et le 6\u00a0novembre. Le match retour est pr\u00e9vu entre le 11 et le 13\u00a0novembre. Le club va n\u00e9anmoins formuler une demande d\u2019invitation pour la Ligue des champions.<\/p>\n","protected":false},"excerpt":{"rendered":"A quatre mois du lancement du prochain championnat de France, les premiers changements sont annonc\u00e9s. Ils concernent directement&hellip;\n","protected":false},"author":2,"featured_media":166827,"comment_status":"","ping_status":"","sticky":false,"template":"","format":"standard","meta":{"footnotes":""},"categories":[1417],"tags":[1011,27,60,1470,1469],"class_list":{"0":"post-166826","1":"post","2":"type-post","3":"status-publish","4":"format-standard","5":"has-post-thumbnail","7":"category-volley","8":"tag-fr","9":"tag-france","10":"tag-sports","11":"tag-volley","12":"tag-volleyball"},"share_on_mastodon":{"url":"https:\/\/pubeurope.com\/@fr\/114661667858308649","error":""},"_links":{"self":[{"href":"https:\/\/www.europesays.com\/fr\/wp-json\/wp\/v2\/posts\/166826","targetHints":{"allow":["GET"]}}],"collection":[{"href":"https:\/\/www.europesays.com\/fr\/wp-json\/wp\/v2\/posts"}],"about":[{"href":"https:\/\/www.europesays.com\/fr\/wp-json\/wp\/v2\/types\/post"}],"author":[{"embeddable":true,"href":"https:\/\/www.europesays.com\/fr\/wp-json\/wp\/v2\/users\/2"}],"replies":[{"embeddable":true,"href":"https:\/\/www.europesays.com\/fr\/wp-json\/wp\/v2\/comments?post=166826"}],"version-history":[{"count":0,"href":"https:\/\/www.europesays.com\/fr\/wp-json\/wp\/v2\/posts\/166826\/revisions"}],"wp:featuredmedia":[{"embeddable":true,"href":"https:\/\/www.europesays.com\/fr\/wp-json\/wp\/v2\/media\/166827"}],"wp:attachment":[{"href":"https:\/\/www.europesays.com\/fr\/wp-json\/wp\/v2\/media?parent=166826"}],"wp:term":[{"taxonomy":"category","embeddable":true,"href":"https:\/\/www.europesays.com\/fr\/wp-json\/wp\/v2\/categories?post=166826"},{"taxonomy":"post_tag","embeddable":true,"href":"https:\/\/www.europesays.com\/fr\/wp-json\/wp\/v2\/tags?post=166826"}],"curies":[{"name":"wp","href":"https:\/\/api.w.org\/{rel}","templated":true}]}}