{"id":166844,"date":"2025-06-10T23:38:17","date_gmt":"2025-06-10T23:38:17","guid":{"rendered":"https:\/\/www.europesays.com\/fr\/166844\/"},"modified":"2025-06-10T23:38:17","modified_gmt":"2025-06-10T23:38:17","slug":"une-bourse-aux-livres-inedite-a-cande","status":"publish","type":"post","link":"https:\/\/www.europesays.com\/fr\/166844\/","title":{"rendered":"une bourse aux livres in\u00e9dite \u00e0 Cand\u00e9"},"content":{"rendered":"<p>Ce week-end, des samedi\u00a07 et dimanche 8\u00a0juin 2025, de 10\u00a0h \u00e0 18\u00a0h, une \u00e9quipe de la biblioth\u00e8que d\u00e9partementale de Touraine organisait, pour la premi\u00e8re fois au domaine de Cand\u00e9, une bourse aux livres. Pour les visiteurs, c\u2019\u00e9tait l\u2019occasion de d\u00e9nicher des ouvrages \u00e0 petits prix (0,50\u00a0\u20ac et 2\u00a0\u20ac)\u00a0: BD adultes et enfants, livres lus (CD audio), romans de terroir,&#8230; <\/p>\n<p>    Cet article a \u00e9t\u00e9 tronqu\u00e9. Abonnez-vous pour lire l&rsquo;article complet sur notre site.<\/p>\n<p style=\"margin: 0 !important; padding: 0 !important; font-size: 12px !important;\">Cet article a \u00e9t\u00e9 tronqu\u00e9. Abonnez-vous pour lire l&rsquo;article complet.<\/p>\n<p>    <a href=\"https:\/\/www.lanouvellerepublique.fr\/abonnements\" style=\"display: inline-block; margin-top: 5px !important; padding: 6px 12px !important; background: #cb1c27; color: white; text-decoration: none; border-radius: 4px; font-size: 12px !important;\" target=\"_blank\" rel=\"noopener\"><br \/>\n      S&rsquo;abonner<br \/>\n    <\/a><\/p>\n","protected":false},"excerpt":{"rendered":"Ce week-end, des samedi\u00a07 et dimanche 8\u00a0juin 2025, de 10\u00a0h \u00e0 18\u00a0h, une \u00e9quipe de la biblioth\u00e8que d\u00e9partementale&hellip;\n","protected":false},"author":2,"featured_media":166845,"comment_status":"","ping_status":"","sticky":false,"template":"","format":"standard","meta":{"footnotes":""},"categories":[1357],"tags":[1379,1674,58,59,1011,27,1380,30042],"class_list":{"0":"post-166844","1":"post","2":"type-post","3":"status-publish","4":"format-standard","5":"has-post-thumbnail","7":"category-livres","8":"tag-books","9":"tag-communes","10":"tag-divertissement","11":"tag-entertainment","12":"tag-fr","13":"tag-france","14":"tag-livres","15":"tag-monts"},"share_on_mastodon":{"url":"https:\/\/pubeurope.com\/@fr\/114661707139669716","error":""},"_links":{"self":[{"href":"https:\/\/www.europesays.com\/fr\/wp-json\/wp\/v2\/posts\/166844","targetHints":{"allow":["GET"]}}],"collection":[{"href":"https:\/\/www.europesays.com\/fr\/wp-json\/wp\/v2\/posts"}],"about":[{"href":"https:\/\/www.europesays.com\/fr\/wp-json\/wp\/v2\/types\/post"}],"author":[{"embeddable":true,"href":"https:\/\/www.europesays.com\/fr\/wp-json\/wp\/v2\/users\/2"}],"replies":[{"embeddable":true,"href":"https:\/\/www.europesays.com\/fr\/wp-json\/wp\/v2\/comments?post=166844"}],"version-history":[{"count":0,"href":"https:\/\/www.europesays.com\/fr\/wp-json\/wp\/v2\/posts\/166844\/revisions"}],"wp:featuredmedia":[{"embeddable":true,"href":"https:\/\/www.europesays.com\/fr\/wp-json\/wp\/v2\/media\/166845"}],"wp:attachment":[{"href":"https:\/\/www.europesays.com\/fr\/wp-json\/wp\/v2\/media?parent=166844"}],"wp:term":[{"taxonomy":"category","embeddable":true,"href":"https:\/\/www.europesays.com\/fr\/wp-json\/wp\/v2\/categories?post=166844"},{"taxonomy":"post_tag","embeddable":true,"href":"https:\/\/www.europesays.com\/fr\/wp-json\/wp\/v2\/tags?post=166844"}],"curies":[{"name":"wp","href":"https:\/\/api.w.org\/{rel}","templated":true}]}}