{"id":166846,"date":"2025-06-10T23:39:26","date_gmt":"2025-06-10T23:39:26","guid":{"rendered":"https:\/\/www.europesays.com\/fr\/166846\/"},"modified":"2025-06-10T23:39:26","modified_gmt":"2025-06-10T23:39:26","slug":"vives-tensions-entre-hugo-clement-et-emmanuel-macron-sur-france-2-video","status":"publish","type":"post","link":"https:\/\/www.europesays.com\/fr\/166846\/","title":{"rendered":"Vives tensions entre Hugo Cl\u00e9ment et Emmanuel Macron sur France 2 (VIDEO)"},"content":{"rendered":"<p>Ce mardi 10 juin, France 2 bouleversait sa programmation pour diffuser d\u00e8s 20h30 Urgence Oc\u00e9an : un sommet pour tout changer. Au cours de l&rsquo;\u00e9mission, des tensions sont apparues entre Emmanuel Macron et Hugo Cl\u00e9ment. <\/p>\n<p>Moment de tension. Ce mardi 10 juin, France 2 bouleversait sa programmation pour diffuser d\u00e8s 20h30 &#8211; juste apr\u00e8s le journal de 20h &#8211; une \u00e9mission sp\u00e9ciale avec L\u00e9a Salam\u00e9 et Hugo Cl\u00e9ment. Depuis Nice, les deux journalistes ont pr\u00e9sent\u00e9 Urgence Oc\u00e9an : un sommet pour tout changer. Face \u00e0 l&rsquo;acc\u00e9l\u00e9ration de la fonte des glaces et de la pollution atmosph\u00e9rique, les Nations Unies organisent une troisi\u00e8me conf\u00e9rence sur les oc\u00e9ans afin de tenter de pr\u00e9server les fonds marins, menac\u00e9s par la surp\u00eache et la pollution. Copr\u00e9sid\u00e9e par la France et le Costa Rica, cette conf\u00e9rence r\u00e9unit 110 chefs d\u2019\u00c9tat, 3 000 scientifiques et 50 000 participants. En direct depuis la ville de la C\u00f4te d&rsquo;Azur, L\u00e9a Salam\u00e9 et Hugo Cl\u00e9ment &#8211; si sensible \u00e0 la pr\u00e9servation de l&rsquo;environnement &#8211; ont mis en lumi\u00e8re des Fran\u00e7ais, c\u00e9l\u00e8bres ou inconnus, qui usent des moyens disponibles afin de pr\u00e9server les oc\u00e9ans et des gestes du quotidien qui peuvent aider \u00e0 cette pr\u00e9servation. Invit\u00e9 au fil de l&rsquo;\u00e9mission, Emmanuel Macron a r\u00e9pondu aux questions sur France 2 mais un moment particuli\u00e8rement \u00e9lectrique a eu lieu entre le pr\u00e9sident de la R\u00e9publique et le <a href=\"https:\/\/www.programme-tv.net\/news\/people\/253782-alexandra-rosenfeld-partage-un-moment-calin-avec-son-compagnon-hugo-clement-photo\/\" data-api-deeplink=\"teleloisirs:\/\/news\/253782\" target=\"_blank\" rel=\"noopener\">compagnon d&rsquo;Alexandra Rosenfeld<\/a>.<\/p>\n<p>                        Une \u00e9mission sp\u00e9ciale pour les oc\u00e9ans sur France 2<\/p>\n<p>Alors que le chef de l&rsquo;Etat a mis en cause les effets de la fast fashion sur la pr\u00e9servation de l&rsquo;oc\u00e9an, Hugo Cl\u00e9ment l&rsquo;a imm\u00e9diatement interrompu pour lui poser une question sur <a href=\"https:\/\/www.programme-tv.net\/news\/tv\/301415-elisabeth-borne-nommee-premiere-ministre-christophe-castaner-agace-par-les-critiques-machistes-et-arrogantes-de-jean-luc-melenchon\/\" data-api-deeplink=\"teleloisirs:\/\/news\/301415\" target=\"_blank\" rel=\"noopener\">Christophe Castaner<\/a>. Intime du pr\u00e9sident de la R\u00e9publique, l&rsquo;ex-ministre de l&rsquo;Int\u00e9rieur a quitt\u00e9 la vie politique il y a quelques mois pour \u00eatre nomm\u00e9 au sein du comit\u00e9 responsabilit\u00e9 sociale et environnementale de Shein. La marque chinoise de fast fashion est r\u00e9put\u00e9e pour \u00eatre particuli\u00e8rement nocive en mati\u00e8re d&rsquo;environnement.<\/p>\n<p>Tensions entre Hugo Cl\u00e9ment et Emmanuel Macron<\/p>\n<p>Apr\u00e8s avoir affich\u00e9 une photo de Christophe Castaner \u00e0 l&rsquo;\u00e9cran, Emmanuel Macron a d\u00e9clar\u00e9, agac\u00e9 : \u00ab\u00a0Oh, ne le mettez pas au pilori !\u00a0\u00bb \u00ab\u00a0Il travaille pour Shein, il n&rsquo;y a rien qui vous g\u00eane ?\u00a0\u00bb, a rebondi le journaliste. \u00ab\u00a0<b>C&rsquo;est un peu nul ce que vous fa\u00eetes par rapport au d\u00e9bat. <\/b>D&rsquo;abord, c&rsquo;est maintenant un homme libre, il a donn\u00e9 beaucoup de son \u00e9nergie \u00e0 la chose publique. Il est aussi pr\u00e9sident du grand port de Marseille\u00a0\u00bb, a r\u00e9pondu Emmanuel Macron. \u00ab\u00a0Je n&rsquo;ai pas parl\u00e9 de Shein avec lui et c&rsquo;est pas parce qu&rsquo;il est de Shein que \u00e7a changera quelque chose au schmilblick\u00a0\u00bb, a-t-il continu\u00e9 avant d&rsquo;\u00eatre interrompu par Hugo Cl\u00e9ment qui a ass\u00e9n\u00e9 : \u00ab\u00a0Ah bah quand m\u00eame !\u00a0\u00bb. Tr\u00e8s agac\u00e9, le chef de l&rsquo;\u00c9tat a r\u00e9torqu\u00e9 : \u00ab\u00a0<b>Si vous voulez mettre des gens au pilori&#8230; Vous passez son image \u00e0 l&rsquo;\u00e9cran. Je trouve \u00e7a nul par rapport au d\u00e9bat\u00a0\u00bb<\/b>. Ambiance.<\/p>\n","protected":false},"excerpt":{"rendered":"Ce mardi 10 juin, France 2 bouleversait sa programmation pour diffuser d\u00e8s 20h30 Urgence Oc\u00e9an : un sommet&hellip;\n","protected":false},"author":2,"featured_media":166847,"comment_status":"","ping_status":"","sticky":false,"template":"","format":"standard","meta":{"footnotes":""},"categories":[1356],"tags":[244,58,1073,59,1011,27,30043,3775,252,1364],"class_list":{"0":"post-166846","1":"post","2":"type-post","3":"status-publish","4":"format-standard","5":"has-post-thumbnail","7":"category-television","8":"tag-commentaire","9":"tag-divertissement","10":"tag-emmanuel-macron","11":"tag-entertainment","12":"tag-fr","13":"tag-france","14":"tag-hugo-clu00e9ment","15":"tag-lu00e9a-salamu00e9","16":"tag-television","17":"tag-tv"},"share_on_mastodon":{"url":"https:\/\/pubeurope.com\/@fr\/114661711102374952","error":""},"_links":{"self":[{"href":"https:\/\/www.europesays.com\/fr\/wp-json\/wp\/v2\/posts\/166846","targetHints":{"allow":["GET"]}}],"collection":[{"href":"https:\/\/www.europesays.com\/fr\/wp-json\/wp\/v2\/posts"}],"about":[{"href":"https:\/\/www.europesays.com\/fr\/wp-json\/wp\/v2\/types\/post"}],"author":[{"embeddable":true,"href":"https:\/\/www.europesays.com\/fr\/wp-json\/wp\/v2\/users\/2"}],"replies":[{"embeddable":true,"href":"https:\/\/www.europesays.com\/fr\/wp-json\/wp\/v2\/comments?post=166846"}],"version-history":[{"count":0,"href":"https:\/\/www.europesays.com\/fr\/wp-json\/wp\/v2\/posts\/166846\/revisions"}],"wp:featuredmedia":[{"embeddable":true,"href":"https:\/\/www.europesays.com\/fr\/wp-json\/wp\/v2\/media\/166847"}],"wp:attachment":[{"href":"https:\/\/www.europesays.com\/fr\/wp-json\/wp\/v2\/media?parent=166846"}],"wp:term":[{"taxonomy":"category","embeddable":true,"href":"https:\/\/www.europesays.com\/fr\/wp-json\/wp\/v2\/categories?post=166846"},{"taxonomy":"post_tag","embeddable":true,"href":"https:\/\/www.europesays.com\/fr\/wp-json\/wp\/v2\/tags?post=166846"}],"curies":[{"name":"wp","href":"https:\/\/api.w.org\/{rel}","templated":true}]}}