{"id":16685,"date":"2025-04-11T06:45:09","date_gmt":"2025-04-11T06:45:09","guid":{"rendered":"https:\/\/www.europesays.com\/fr\/16685\/"},"modified":"2025-04-11T06:45:09","modified_gmt":"2025-04-11T06:45:09","slug":"des-bangladais-partis-en-russie-pour-un-emploi-disent-avoir-ete-enroles-dans-larmee","status":"publish","type":"post","link":"https:\/\/www.europesays.com\/fr\/16685\/","title":{"rendered":"des Bangladais partis en Russie pour un emploi disent avoir \u00e9t\u00e9 enr\u00f4l\u00e9s dans l&rsquo;arm\u00e9e"},"content":{"rendered":"<p>Le taux de ch\u00f4mage est \u00e9lev\u00e9 au Bangladesh, dont l\u2019\u00e9conomie a \u00e9t\u00e9 s\u00e9v\u00e8rement impact\u00e9e par les manifestations de l\u2019\u00e9t\u00e9 dernier qui ont pr\u00e9cipit\u00e9 la chute du gouvernement.<\/p>\n<p class=\"fig-paragraph\">Attir\u00e9s en Russie par la perspective d&rsquo;un emploi, ces jeunes\u00a0Bangladais affirment avoir \u00e9t\u00e9 enr\u00f4l\u00e9s\u00a0<a href=\"http:\/\/www.lefigaro.fr\/international\/dur-de-retourner-au-combat-ensuite-en-ukraine-femmes-et-soldats-se-retrouvent-le-temps-d-une-permission-a-kramatorsk-20250310\" data-fig-type=\"Article\" data-gtm-custom-categorie=\"navigation\" data-gtm-custom-action=\"crossclick\" data-gtm-custom-label=\"Contextuel\" data-gtm-event=\"customEventSPE\" data-fig-domain=\"LEFIGARO\" rel=\"nofollow noopener\" target=\"_blank\">pour combattre en Ukraine<\/a>. La mort r\u00e9cente de l&rsquo;un d&rsquo;eux sur le front a suscit\u00e9 une vive inqui\u00e9tude dans leurs familles, qui ont appel\u00e9 le gouvernement \u00e0 l&rsquo;aide. \u00abNous ne savions pas que nous finirions sur le champ de bataille&#8230;\u00bb, se d\u00e9sole Mohammad Akram Hossain. Comme son beau-fr\u00e8re, il a c\u00e9d\u00e9 aux sir\u00e8nes d&rsquo;une agence de recrutement, qui lui a offert un travail \u00e0 Chypre, puis en Russie.<\/p>\n<p class=\"fig-paragraph\">\u00abL&rsquo;agence nous a dit que seuls des visas de travail pour la Russie \u00e9taient possibles. Alors nous avons accept\u00e9 d&rsquo;y partir\u00bb, explique \u00e0 l&rsquo;AFP cet homme de 26 ans, aujourd&rsquo;hui rentr\u00e9 au pays. \u00abNous n&rsquo;avons jamais imagin\u00e9 \u00eatre abandonn\u00e9s comme \u00e7a\u00bb, poursuit-il. Le taux de ch\u00f4mage est \u00e9lev\u00e9 au Bangladesh, dont l&rsquo;\u00e9conomie a \u00e9t\u00e9 s\u00e9v\u00e8rement impact\u00e9e par les manifestations de l&rsquo;\u00e9t\u00e9 dernier qui ont pr\u00e9cipit\u00e9 la chute du gouvernement.<\/p>\n<p class=\"fig-body-link\">\n            \u00c0 lire aussi<br \/>\n        <a class=\"fig-body-link__link fig-premium-mark\" href=\"http:\/\/www.lefigaro.fr\/international\/guerre-en-ukraine-l-offensive-russe-de-printemps-a-deja-commence-met-en-garde-le-general-syrsky-20250409\" data-fig-type=\"NewsFlash\" data-gtm-custom-categorie=\"navigation\" data-gtm-custom-action=\"crossclick\" data-gtm-custom-label=\"Contextuel\" data-gtm-event=\"customEventSPE\" data-fig-domain=\"LEFIGARO\" rel=\"nofollow noopener\" target=\"_blank\">Guerre en Ukraine\u00a0: l\u2019offensive russe de printemps a \u00abd\u00e9j\u00e0 commenc\u00e9\u00bb, met en garde le g\u00e9n\u00e9ral Syrsky<br \/>\n    <\/a>\n<\/p>\n<p class=\"fig-paragraph\">C&rsquo;est en apprenant la mort sur le front ukrainien d&rsquo;un autre jeune Bangladais parti travailler en Russie qu&rsquo;une dizaine de familles ont pris contact avec leur ambassade \u00e0 Moscou. Selon ses proches, Mohammed Yasin Sheikh, 22 ans, est mort le 27 mars alors qu&rsquo;il combattait en Ukraine sous l&rsquo;uniforme de l&rsquo;arm\u00e9e russe. Son oncle, Abul Hashem, raconte \u00e0 l&rsquo;AFP avoir re\u00e7u l&rsquo;appel d&rsquo;un ami de son neveu, \u00abun Bangladais qui combat c\u00f4t\u00e9 russe, pour nous dire qu&rsquo;il avait \u00e9t\u00e9 tu\u00e9\u00bb. \u00abEnsuite, nous avons \u00e9t\u00e9 appel\u00e9s par un commandant russe\u00bb, ajoute-t-il.<\/p>\n<p>\u00abDernier adieu\u00bb<\/p>\n<p class=\"fig-paragraph\">La famille de Mohammed Yasin Sheikh l&rsquo;avait aid\u00e9 financi\u00e8rement \u00e0 quitter le Bangladesh en septembre 2024 pour un emploi d&rsquo;\u00e9lectricien dans une entreprise chinoise en Russie. Mais il s&rsquo;est retrouv\u00e9 enr\u00f4l\u00e9 dans l&rsquo;arm\u00e9e russe en d\u00e9cembre, affirme-t-elle. \u00abNous avons d\u00e9pens\u00e9 beaucoup d&rsquo;argent pour qu&rsquo;il parte et maintenant nous attendons son corps\u00bb, se d\u00e9sole Abul Hashem. \u00abNous avons demand\u00e9 au gouvernement de faire en sorte que sa m\u00e8re puisse lui faire un dernier adieu\u00bb. L&rsquo;AFP n&rsquo;a pas pu v\u00e9rifier les d\u00e9clarations de cette famille de mani\u00e8re ind\u00e9pendante.<\/p>\n<p class=\"fig-paragraph\">Mais Farhad Hossain, charg\u00e9 d&rsquo;affaires \u00e0 l&rsquo;ambassade du Bangladesh en Russie, affirme avoir \u00e9t\u00e9 inform\u00e9 de son cas. \u00abNous avons appris (son) existence il y a quelques jours et avons engag\u00e9 des discussions avec nos homologues russes \u00e0 son sujet\u00bb, pr\u00e9cise-t-il, ajoutant ne pas \u00eatre pour l&rsquo;heure en mesure de confirmer la mort du jeune homme. Le diplomate dit ne pas avoir eu connaissance d&rsquo;autres victimes bangladaises mais confirme que l&rsquo;ambassade a \u00e9t\u00e9 contact\u00e9e par d&rsquo;autres familles en qu\u00eate d&rsquo;information sur un proche.<\/p>\n<p class=\"fig-paragraph\">\u00abJusqu&rsquo;\u00e0 pr\u00e9sent, nous avons r\u00e9pondu \u00e0 une dizaine de demandes\u00bb, d\u00e9taille-t-il. La guerre en Ukraine a fait de nombreuses victimes au sein de l&rsquo;arm\u00e9e russe, qui recrute d\u00e9sormais des combattants au-del\u00e0 de ses fronti\u00e8res. Ni Moscou ni Kiev n&rsquo;ont r\u00e9v\u00e9l\u00e9 le nombre d&rsquo;\u00e9trangers qui servent dans leur arm\u00e9e, ni celui de ceux d\u00e9tenus comme prisonniers de guerre. Des nombreux t\u00e9moignages ont rapport\u00e9 que des ressortissants d&rsquo;autres pays d&rsquo;Asie du Sud, dont l&rsquo;Inde, le Sri Lanka ou le N\u00e9pal, ont combattu pour la Russie en Ukraine, attir\u00e9s eux aussi par des promesses d&#8217;emploi.<\/p>\n","protected":false},"excerpt":{"rendered":"Le taux de ch\u00f4mage est \u00e9lev\u00e9 au Bangladesh, dont l\u2019\u00e9conomie a \u00e9t\u00e9 s\u00e9v\u00e8rement impact\u00e9e par les manifestations de&hellip;\n","protected":false},"author":2,"featured_media":16686,"comment_status":"","ping_status":"","sticky":false,"template":"","format":"standard","meta":{"footnotes":""},"categories":[1590],"tags":[259,11,260,6811,1777,674,131,14,261,12,262,132,220],"class_list":{"0":"post-16685","1":"post","2":"type-post","3":"status-publish","4":"format-standard","5":"has-post-thumbnail","7":"category-ukraine","8":"tag-actualite-internationale","9":"tag-actualites","10":"tag-affaires-etrangeres","11":"tag-bangladesh","12":"tag-eu","13":"tag-europe","14":"tag-guerre-en-ukraine","15":"tag-international","16":"tag-ministere-des-affaires-etrangeres","17":"tag-news","18":"tag-politique-etrangere","19":"tag-russie","20":"tag-ukraine"},"share_on_mastodon":{"url":"https:\/\/pubeurope.com\/@fr\/114317985289414720","error":""},"_links":{"self":[{"href":"https:\/\/www.europesays.com\/fr\/wp-json\/wp\/v2\/posts\/16685","targetHints":{"allow":["GET"]}}],"collection":[{"href":"https:\/\/www.europesays.com\/fr\/wp-json\/wp\/v2\/posts"}],"about":[{"href":"https:\/\/www.europesays.com\/fr\/wp-json\/wp\/v2\/types\/post"}],"author":[{"embeddable":true,"href":"https:\/\/www.europesays.com\/fr\/wp-json\/wp\/v2\/users\/2"}],"replies":[{"embeddable":true,"href":"https:\/\/www.europesays.com\/fr\/wp-json\/wp\/v2\/comments?post=16685"}],"version-history":[{"count":0,"href":"https:\/\/www.europesays.com\/fr\/wp-json\/wp\/v2\/posts\/16685\/revisions"}],"wp:featuredmedia":[{"embeddable":true,"href":"https:\/\/www.europesays.com\/fr\/wp-json\/wp\/v2\/media\/16686"}],"wp:attachment":[{"href":"https:\/\/www.europesays.com\/fr\/wp-json\/wp\/v2\/media?parent=16685"}],"wp:term":[{"taxonomy":"category","embeddable":true,"href":"https:\/\/www.europesays.com\/fr\/wp-json\/wp\/v2\/categories?post=16685"},{"taxonomy":"post_tag","embeddable":true,"href":"https:\/\/www.europesays.com\/fr\/wp-json\/wp\/v2\/tags?post=16685"}],"curies":[{"name":"wp","href":"https:\/\/api.w.org\/{rel}","templated":true}]}}