{"id":166850,"date":"2025-06-10T23:41:15","date_gmt":"2025-06-10T23:41:15","guid":{"rendered":"https:\/\/www.europesays.com\/fr\/166850\/"},"modified":"2025-06-10T23:41:15","modified_gmt":"2025-06-10T23:41:15","slug":"ce-film-tourne-en-presquile-de-guerande-sort-en-salle-mercredi","status":"publish","type":"post","link":"https:\/\/www.europesays.com\/fr\/166850\/","title":{"rendered":"Ce film tourn\u00e9 en presqu\u2019\u00eele de Gu\u00e9rande sort en salle mercredi"},"content":{"rendered":"<p>            Par<br \/>\n        <strong><br \/>\n            <a href=\"https:\/\/actu.fr\/auteur\/cathy-ryo\" title=\"Consulter tous les articles de Cathy Ryo\" target=\"_blank\" rel=\"noopener\">Cathy Ryo<\/a><br \/>\n        <\/strong><\/p>\n<p>        Publi\u00e9 le<\/p>\n<p>            10 juin 2025 \u00e0 17h27        <\/p>\n<p>Diff\u00e9rente, le film de Lola Doillon, sort en salle ce mercredi 11\u00a0juin 2025.<\/p>\n<p class=\" wall-content\">Le long m\u00e9trage a \u00e9t\u00e9 tourn\u00e9 essentiellement \u00e0 <a href=\"https:\/\/actu.fr\/nantes\/\" target=\"_blank\" rel=\"noopener\">Nantes<\/a>, (Loire-Atlantique) du 29\u00a0janvier au 7\u00a0mars 2024 mais aussi sur le port de <a href=\"https:\/\/actu.fr\/pays-de-la-loire\/piriac-sur-mer_44125\" target=\"_blank\" rel=\"noopener\">Piriac-sur-Mer.<\/a><\/p>\n<p>Une histoire d\u2019amour et de diff\u00e9rence<\/p>\n<p class=\" wall-content\">Diff\u00e9rente \u00e9voque l\u2019histoire\u00a0de Katia, une brillante documentaliste de 35\u00a0ans qui fait preuve de singularit\u00e9 dans sa mani\u00e8re de vivre ses relations, toutes plus ou moins chaotiques. Sa participation \u00e0 un nouveau reportage l\u2019am\u00e8ne enfin \u00e0 mettre un mot sur sa diff\u00e9rence, l\u2019autisme. Cette r\u00e9v\u00e9lation va chambouler une vie d\u00e9j\u00e0 bien compliqu\u00e9e.<\/p>\n<p class=\" wall-content\">Jehnny Beth, Thibaut Evrard, Mireille Perrier, Irina Muluile assurent la distribution de cette<\/p>\n<p class=\" wall-content\">coproduction Ex Nihilo et Ping &amp; Pong Productions.<\/p>\n<p>Vid\u00e9os : en ce moment sur Actu<br \/>\n    <a href=\"https:\/\/www.youtube.com\/embed\/lT_vgobhA-E?si=XKssOLjPKtsqqOPT\" title=\"Ouvrie le lien\" target=\"_blank\" rel=\"noopener\">Cliquez ici pour visualiser le contenu<\/a><\/p>\n<p>Aide au tournage<\/p>\n<p class=\" wall-content\">L\u2019\u00e9quipe a \u00e9t\u00e9 accompagn\u00e9e par le bureau d\u2019accueil des tournages de la R\u00e9gion Pays de la Loire. Le conseil r\u00e9gional a d\u2019ailleurs octroy\u00e9 une aide de 200\u2009000\u00a0\u20ac en partenariat avec le CNC (centre national du cin\u00e9ma). Pr\u00e8s de 30 techniciens, 8 artistes-interpr\u00e8tes et plus de 190 figurants de la r\u00e9gion ont particip\u00e9 au tournage de Diff\u00e9rente.<\/p>\n<p>80 projets accompagn\u00e9s par la R\u00e9gion<\/p>\n<p class=\" wall-content\">Le fonds d\u2019aide, de la R\u00e9gion, \u00e0 la cr\u00e9ation cin\u00e9matographique, audiovisuelle et num\u00e9rique s\u2019\u00e9l\u00e8ve \u00e0 3,1 M\u20ac d en 2025, en lien avec le CNC, \u00ab\u00a0et permet d\u2019aider<\/p>\n<p class=\" wall-content\">chaque ann\u00e9e environ 80 projets de films\u00a0\u00bb.<\/p>\n<p class=\" wall-content\">Avec le Bureau d\u2019Accueil des Tournages des Pays de la Loire, la R\u00e9gion propose \u00e9galement \u00e0 l\u2019ensemble des professionnels un accompagnement technique personnalis\u00e9\u2009: promotion du territoire, aide au pr\u00e9rep\u00e9rage, contacts utiles pour l\u2019organisation de tournages, mise en relation avec les techniciens et com\u00e9diens locaux\u2026<\/p>\n<p class=\" wall-content\">Suivez toute l\u2019actualit\u00e9 de vos villes et m\u00e9dias favoris en vous inscrivant \u00e0 <a href=\"https:\/\/moncompte.actu.fr\" title=\"D\u00e9couvez Mon Actu\" rel=\"nofollow noopener\" data-trk=\"{&quot;cta&quot;:{&quot;action&quot;:&quot;https:\\\/\\\/moncompte.actu.fr&quot;,&quot;category&quot;:&quot;mon compte&quot;,&quot;from&quot;:&quot;article footer&quot;,&quot;name&quot;:&quot;Mon actu&quot;,&quot;type&quot;:&quot;cta&quot;}}\" target=\"_blank\">Mon Actu<\/a>.<\/p>\n<ul class=\"ac-article-tag wall-content\">\n<li><a href=\"https:\/\/actu.fr\/tag\/presquile-de-guerande\" data-trk=\"{&quot;cta&quot;:{&quot;action&quot;:&quot;Presqu&#039;\\u00eele de Gu\\u00e9rande&quot;,&quot;category&quot;:&quot;tag&quot;,&quot;from&quot;:&quot;article footer&quot;,&quot;name&quot;:&quot;Presqu&#039;\\u00eele de Gu\\u00e9rande&quot;,&quot;type&quot;:&quot;cta&quot;}}\" target=\"_blank\" rel=\"noopener\">#Presqu&rsquo;\u00eele de Gu\u00e9rande<\/a><\/li>\n<\/ul>\n","protected":false},"excerpt":{"rendered":"Par Cathy Ryo Publi\u00e9 le 10 juin 2025 \u00e0 17h27 Diff\u00e9rente, le film de Lola Doillon, sort en&hellip;\n","protected":false},"author":2,"featured_media":166851,"comment_status":"","ping_status":"","sticky":false,"template":"","format":"standard","meta":{"footnotes":""},"categories":[1354],"tags":[58,59,1346,1011,27,1652,1360,30044],"class_list":{"0":"post-166850","1":"post","2":"type-post","3":"status-publish","4":"format-standard","5":"has-post-thumbnail","7":"category-films","8":"tag-divertissement","9":"tag-entertainment","10":"tag-films","11":"tag-fr","12":"tag-france","13":"tag-loisirs-culture","14":"tag-movies","15":"tag-presquile-de-guerande"},"share_on_mastodon":{"url":"https:\/\/pubeurope.com\/@fr\/114661719114386410","error":""},"_links":{"self":[{"href":"https:\/\/www.europesays.com\/fr\/wp-json\/wp\/v2\/posts\/166850","targetHints":{"allow":["GET"]}}],"collection":[{"href":"https:\/\/www.europesays.com\/fr\/wp-json\/wp\/v2\/posts"}],"about":[{"href":"https:\/\/www.europesays.com\/fr\/wp-json\/wp\/v2\/types\/post"}],"author":[{"embeddable":true,"href":"https:\/\/www.europesays.com\/fr\/wp-json\/wp\/v2\/users\/2"}],"replies":[{"embeddable":true,"href":"https:\/\/www.europesays.com\/fr\/wp-json\/wp\/v2\/comments?post=166850"}],"version-history":[{"count":0,"href":"https:\/\/www.europesays.com\/fr\/wp-json\/wp\/v2\/posts\/166850\/revisions"}],"wp:featuredmedia":[{"embeddable":true,"href":"https:\/\/www.europesays.com\/fr\/wp-json\/wp\/v2\/media\/166851"}],"wp:attachment":[{"href":"https:\/\/www.europesays.com\/fr\/wp-json\/wp\/v2\/media?parent=166850"}],"wp:term":[{"taxonomy":"category","embeddable":true,"href":"https:\/\/www.europesays.com\/fr\/wp-json\/wp\/v2\/categories?post=166850"},{"taxonomy":"post_tag","embeddable":true,"href":"https:\/\/www.europesays.com\/fr\/wp-json\/wp\/v2\/tags?post=166850"}],"curies":[{"name":"wp","href":"https:\/\/api.w.org\/{rel}","templated":true}]}}