{"id":166852,"date":"2025-06-10T23:42:10","date_gmt":"2025-06-10T23:42:10","guid":{"rendered":"https:\/\/www.europesays.com\/fr\/166852\/"},"modified":"2025-06-10T23:42:10","modified_gmt":"2025-06-10T23:42:10","slug":"le-medecin-ignore-son-symptome-on-lui-diagnostique-finalement-un-cancer-a-32-ans","status":"publish","type":"post","link":"https:\/\/www.europesays.com\/fr\/166852\/","title":{"rendered":"Le m\u00e9decin ignore son sympt\u00f4me, on lui diagnostique finalement un cancer \u00e0 32 ans"},"content":{"rendered":"<p>Elle a fait confiance \u00e0 son instinct. Apr\u00e8s avoir remarqu\u00e9 la pr\u00e9sence d&rsquo;une petite marque subitement apparue sur sa joue droite, Jacqueline Mills, 32 ans, avait d\u00e9cid\u00e9 de consulter un dermatologue. \u00ab\u00a0La premi\u00e8re chose que j\u2019ai remarqu\u00e9e, c\u2019est qu\u2019il y avait une certaine d\u00e9coloration, un c\u00f4t\u00e9 \u00e9tait plus clair que l\u2019autre. Ce qui m&rsquo;a vraiment interpell\u00e9e, c&rsquo;est que les bordures \u00e9taient tr\u00e8s irr\u00e9guli\u00e8res. La forme \u00e9tait \u00e9galement \u00e9trange, ce n&rsquo;\u00e9tait pas un cercle parfait\u00a0\u00bb, d\u00e9taille la jeune femme.<\/p>\n<p><strong>LIRE AUSSI &gt;&gt;<\/strong> <a data-i13n=\"cpos:1;pos:1\" href=\"https:\/\/fr.news.yahoo.com\/ce-changement-a-peine-perceptible-sur-longle-de-son-orteil-etait-en-realite-le-signe-du-cancer-de-la-peau-le-plus-mortel-092020598.html\" data-ylk=\"slk:Ce changement \u00e0 peine perceptible sur l\u2019ongle de son orteil \u00e9tait en r\u00e9alit\u00e9 le signe du cancer de la peau le plus mortel;cpos:1;pos:1;elm:context_link;itc:0;sec:content-canvas;outcm:mb_qualified_link;_E:mb_qualified_link;ct:story;\" class=\"link  yahoo-link\" rel=\"nofollow noopener\" target=\"_blank\"><strong>Ce changement \u00e0 peine perceptible sur l\u2019ongle de son orteil \u00e9tait en r\u00e9alit\u00e9 le signe du cancer de la peau le plus mortel<\/strong><\/a><\/p>\n<p>Le sp\u00e9cialiste se montre rassurant comme le raconte la trentenaire au <a data-i13n=\"cpos:2;pos:1\" href=\"https:\/\/nypost.com\/2025\/06\/09\/health\/doctors-dismissed-my-mole-how-i-knew-it-was-skin-cancer\/?fbclid=IwY2xjawK1DS9leHRuA2FlbQIxMABicmlkETFBaXR4YUFtR2dQSFhySXpVAR7pQKSkK-tPJ5vKOfGe8dAcBEVGmQnvRXYe_vksyDhErqUNqwKtXbL_xaNV8Q_aem_RCxpBP0ihX2PnfBU4Du0uw\" rel=\"nofollow noopener\" target=\"_blank\" data-ylk=\"slk:New-York Post;cpos:2;pos:1;elm:context_link;itc:0;sec:content-canvas\" class=\"link \">New-York Post <\/a>: \u00ab\u00a0Il pensait que j&rsquo;avais une cicatrice sur le visage et ne voulait pas r\u00e9aliser de test. C&rsquo;est alors que j&rsquo;ai demand\u00e9 un deuxi\u00e8me avis\u00a0\u00bb. Mais elle n&rsquo;est pas rassur\u00e9e et souhaite r\u00e9aliser d&rsquo;autres examens. Et elle a eu raison de faire cette d\u00e9marche. Des examens r\u00e9alis\u00e9s \u00e0 l&rsquo;h\u00f4pital confirment la pr\u00e9sence d&rsquo;un m\u00e9lanome de stade z\u00e9ro. En raison d&rsquo;ant\u00e9c\u00e9dents familiaux de m\u00e9lanome, Jacqueline Mills r\u00e9alise un scanner complet du corps chaque ann\u00e9e.<\/p>\n<p>15 500 cas de m\u00e9lanome<\/p>\n<p>\u00ab\u00a0C&rsquo;\u00e9tait \u00e0 la fois une b\u00e9n\u00e9diction et une mal\u00e9diction que ce soit sur mon visage. \u00c7a a rendu le retrait plus difficile, et j&rsquo;ai une cicatrice, mais je pense que c&rsquo;est la raison pour laquelle j&rsquo;ai remarqu\u00e9 les changements si rapidement et qu&rsquo;ils l&rsquo;ont d\u00e9tect\u00e9 d\u00e8s le stade z\u00e9ro\u00a0\u00bb, assure la patiente. Et de compl\u00e9ter : \u00ab\u00a0Je pense que si cette tache avait \u00e9t\u00e9 sur une autre partie de mon corps, je n&rsquo;aurais pas remarqu\u00e9 \u00e0 quelle vitesse elle changeait et le r\u00e9sultat aurait pu \u00eatre tr\u00e8s diff\u00e9rent pour moi\u00a0\u00bb.<\/p>\n<p><strong>LIRE AUSSI &gt;&gt;<\/strong> <a data-i13n=\"cpos:3;pos:1\" href=\"https:\/\/fr.news.yahoo.com\/a-15-ans-il-souffre-dun-melanome-avance-le-medecin-confond-le-premier-signe-de-son-cancer-avec-un-symptome-de-puberte-104144031.html\" data-ylk=\"slk:\u00c0 15 ans, il souffre d&#039;un m\u00e9lanome avanc\u00e9, le m\u00e9decin confond le premier signe de son cancer avec un sympt\u00f4me de pubert\u00e9;cpos:3;pos:1;elm:context_link;itc:0;sec:content-canvas;outcm:mb_qualified_link;_E:mb_qualified_link;ct:story;\" class=\"link  yahoo-link\" rel=\"nofollow noopener\" target=\"_blank\"><strong>\u00c0 15 ans, il souffre d&rsquo;un m\u00e9lanome avanc\u00e9, le m\u00e9decin confond le premier signe de son cancer avec un sympt\u00f4me de pubert\u00e9<\/strong><\/a><\/p>\n<p>En 2018, 15 500 cas de m\u00e9lanome ont \u00e9t\u00e9 rapport\u00e9s en France. Ce cancer repr\u00e9sente environ 4 % de l&rsquo;ensemble des cancers. Depuis 30 ans, le nombre de m\u00e9lanomes a \u00e9t\u00e9 multipli\u00e9 par 5 rapporte <a data-i13n=\"cpos:4;pos:1\" href=\"https:\/\/www.ameli.fr\/gard\/assure\/sante\/themes\/melanome\/definition-facteurs-favorisants\" rel=\"nofollow noopener\" target=\"_blank\" data-ylk=\"slk:Ameli Sant\u00e9;cpos:4;pos:1;elm:context_link;itc:0;sec:content-canvas\" class=\"link \">Ameli Sant\u00e9<\/a>.<\/p>\n<p>Quels sont les signes d&rsquo;alerte ? La r\u00e8gle ABCDE permet de surveiller ses grains de beaut\u00e9 et d&rsquo;identifier un possible signe de gravit\u00e9 : A comme asym\u00e9trie ; B comme bord ; C comme couleur ; D comme diam\u00e8tre et E comme \u00e9volution (un changement de taille, de forme, de couleur, etc.)<\/p>\n<p>Quelques semaines apr\u00e8s le diagnostic, Jacqueline Mills a subi une op\u00e9ration qui consiste \u00e0 pr\u00e9lever la peau par couches puis \u00e0 l&rsquo;examiner au microscope jusqu&rsquo;\u00e0 l&rsquo;\u00e9limination compl\u00e8te des cellules canc\u00e9reuses. Environ une ann\u00e9e a \u00e9t\u00e9 n\u00e9cessaire pour que la plaie gu\u00e9risse compl\u00e8tement et que la cicatrice de la jeune femme s&rsquo;estompe.<\/p>\n","protected":false},"excerpt":{"rendered":"Elle a fait confiance \u00e0 son instinct. Apr\u00e8s avoir remarqu\u00e9 la pr\u00e9sence d&rsquo;une petite marque subitement apparue sur&hellip;\n","protected":false},"author":2,"featured_media":166853,"comment_status":"","ping_status":"","sticky":false,"template":"","format":"standard","meta":{"footnotes":""},"categories":[10],"tags":[101,1011,27,30046,72,30045,71],"class_list":{"0":"post-166852","1":"post","2":"type-post","3":"status-publish","4":"format-standard","5":"has-post-thumbnail","7":"category-sante","8":"tag-cancer","9":"tag-fr","10":"tag-france","11":"tag-grains-de-beaute","12":"tag-health","13":"tag-jacqueline-mills","14":"tag-sante"},"share_on_mastodon":{"url":"https:\/\/pubeurope.com\/@fr\/114661722934368373","error":""},"_links":{"self":[{"href":"https:\/\/www.europesays.com\/fr\/wp-json\/wp\/v2\/posts\/166852","targetHints":{"allow":["GET"]}}],"collection":[{"href":"https:\/\/www.europesays.com\/fr\/wp-json\/wp\/v2\/posts"}],"about":[{"href":"https:\/\/www.europesays.com\/fr\/wp-json\/wp\/v2\/types\/post"}],"author":[{"embeddable":true,"href":"https:\/\/www.europesays.com\/fr\/wp-json\/wp\/v2\/users\/2"}],"replies":[{"embeddable":true,"href":"https:\/\/www.europesays.com\/fr\/wp-json\/wp\/v2\/comments?post=166852"}],"version-history":[{"count":0,"href":"https:\/\/www.europesays.com\/fr\/wp-json\/wp\/v2\/posts\/166852\/revisions"}],"wp:featuredmedia":[{"embeddable":true,"href":"https:\/\/www.europesays.com\/fr\/wp-json\/wp\/v2\/media\/166853"}],"wp:attachment":[{"href":"https:\/\/www.europesays.com\/fr\/wp-json\/wp\/v2\/media?parent=166852"}],"wp:term":[{"taxonomy":"category","embeddable":true,"href":"https:\/\/www.europesays.com\/fr\/wp-json\/wp\/v2\/categories?post=166852"},{"taxonomy":"post_tag","embeddable":true,"href":"https:\/\/www.europesays.com\/fr\/wp-json\/wp\/v2\/tags?post=166852"}],"curies":[{"name":"wp","href":"https:\/\/api.w.org\/{rel}","templated":true}]}}