{"id":166856,"date":"2025-06-10T23:44:14","date_gmt":"2025-06-10T23:44:14","guid":{"rendered":"https:\/\/www.europesays.com\/fr\/166856\/"},"modified":"2025-06-10T23:44:14","modified_gmt":"2025-06-10T23:44:14","slug":"secret-story-ces-candidats-emblematiques-nous-ont-quittes","status":"publish","type":"post","link":"https:\/\/www.europesays.com\/fr\/166856\/","title":{"rendered":"Secret Story : ces candidats embl\u00e9matiques nous ont quitt\u00e9s"},"content":{"rendered":"<p>Si les fans de <strong><a href=\"https:\/\/www.public.fr\/tag\/secret-story\" target=\"_blank\" rel=\"noopener\">\u00ab\u00a0Secret Story\u00a0\u00bb<\/a><\/strong> se souviennent des gagnants de chaque saison, ils se souviennent \u00e9galement des anciens candidats qui nous ont tragiquement quitt\u00e9s. En effet, d\u2019anciens r\u00e9sidents de la Maison des secrets ne font malheureusement plus partie de ce monde depuis quelques ann\u00e9es.<\/p>\n<p>Nul doute que <a href=\"https:\/\/www.public.fr\/tag\/christophe-beaugrand\" target=\"_blank\" rel=\"noopener\">Christophe Beaugrand<\/a> aura une pens\u00e9e pour ces disparus dans quelques heures. Car une nouvelle saison de l\u2019\u00e9mission d\u00e9marre ce mardi 10 juin 2025, en seconde partie de soir\u00e9e, juste apr\u00e8s <strong>\u00ab\u00a0Koh-Lanta\u00a0\u00bb<\/strong>.\u00a0<\/p>\n<p>Et pourtant, ce n\u2019\u00e9tait pas gagn\u00e9. En effet, apr\u00e8s 7 ans d\u2019absence, \u00ab\u00a0<strong><a href=\"https:\/\/vsd.fr\/tag\/secret-story\/\" target=\"_blank\" rel=\"noopener\">Secret Story\u00a0\u00bb<\/a><\/strong> a fait son retour sur le groupe TF1. Si nombre de fans se disaient heureux de ce retour, certains ont n\u00e9anmoins regrett\u00e9 la programmation des quotidiennes et des primes.<\/p>\n<p>Cette ann\u00e9e encore, les primes auront lieu les jeudis \u00e0 21h05, avec l\u2019\u00e9limination d\u2019un des candidats nomm\u00e9s. Le candidat \u00e9limin\u00e9 sera accueilli en plateau et d\u00e9briefera de son exp\u00e9rience avec l\u2019animateur au cours de ces soir\u00e9es. Hormis cet \u00e9l\u00e9ment, rien ne change. Les t\u00e9l\u00e9spectateurs peuvent s\u2019attendre \u00e0 des secrets, des clashs, et peut-\u00eatre des histoires d\u2019amour \u00e0 venir.\u00a0<\/p>\n<p>Fran\u00e7ois-Xavier, l&rsquo;ancien candidat de \u00ab\u00a0Secret Story\u00a0\u00bb qui s&rsquo;est suicid\u00e9<\/p>\n<p>En parlant de clash, nombre de fans de \u00ab\u00a0<strong>Secret Story<\/strong>\u00a0\u00bb se souviennent d\u2019un clash devenu culte dans la saison 3, entre L\u00e9o et <a href=\"https:\/\/www.public.fr\/tag\/francois-xavier-leuridan\" target=\"_blank\" rel=\"noopener\">Fran\u00e7ois-Xavier<\/a>. Ce dernier candidat, ayant pris part \u00e0 la troisi\u00e8me saison en 2009, avec le secret \u00ab\u00a0je suis millionaire\u00a0\u00bb, a malheureusement perdu la vie plusieurs ann\u00e9es apr\u00e8s sa participation.\u00a0<\/p>\n<p>C\u2019est en 2011, quelques mois seulement apr\u00e8s avoir pris part \u00e0 <strong>\u00ab\u00a0Carr\u00e9 Viiip\u00a0\u00bb<\/strong>, \u00e9galement sur TF1, qu\u2019il a trouv\u00e9 la mort pr\u00e8s de Nantes en se faisant renverser par une voiture dans la nuit du 8 au 9 comme l\u2019indiquait Presse Oc\u00e9an.\u00a0<\/p>\n<p>\u00ab\u00a0Le choc n&rsquo;\u00e9tait pas accidentel.\u00a0Le jeune homme de 22 ans s&rsquo;est en effet suicid\u00e9 en se jetant sous les roues d&rsquo;un v\u00e9hicule\u00a0quelques minutes apr\u00e8s qu&rsquo;une premi\u00e8re voiture ait r\u00e9ussi \u00e0 l&rsquo;\u00e9viter de justesse\u00a0\u00bb, avait r\u00e9v\u00e9l\u00e9 la substitut du procureur de Saint-Nazaire, Sylvie Morin, apr\u00e8s l&rsquo;audition de quatre t\u00e9moins, confirmant le suicide de l\u2019ancien candidat de <strong>\u00ab\u00a0Secret Story\u00a0\u00bb<\/strong>.\u00a0<\/p>\n<p>Isabelle Guillaume, d\u00e9c\u00e9d\u00e9e 9 jours plus tard<\/p>\n<p>Malheureusement, Fran\u00e7ois-Xavier n\u2019est pas le seul ancien candidat de<strong> \u00ab\u00a0Secret Story\u00a0\u00bb<\/strong> \u00e0 avoir perdu la vie. Seulement 9 jours apr\u00e8s le suicide du jeune homme, Isabelle Guillaume perdait \u00e9galement la vie.<\/p>\n<p>La candidate belge de la saison 2 du programme de TF1, succombait en effet \u00e0 <strong>une rupture d&rsquo;an\u00e9vrisme \u00e0 l&rsquo;\u00e2ge de 30 ans<\/strong>. Elle se faisait conna\u00eetre pour son secret et surtout pour son m\u00e9tier plut\u00f4t atypique pour l&rsquo;\u00e9poque : \u00ab\u00a0Je suis croque-mort\u00a0\u00bb, secret d\u00e9couvert par Marilyn et John-David au cours du programme.\u00a0<\/p>\n<p>C\u2019est la radio belge Quartz, une station pour laquelle Isabelle travaillait, qui annon\u00e7ait la triste nouvelle. L\u2019ancienne candidate animait tous les dimanches soir une \u00e9mission consacr\u00e9e au m\u00e9tal. \u00ab\u00a0D\u2019une simplicit\u00e9 et d\u2019une gentillesse sans \u00e9gal, Isabelle nous manquera beaucoup\u00a0\u00bb, indiquait le site internet de la radio apr\u00e8s son d\u00e9c\u00e8s.<\/p>\n<p>      Mentionn\u00e9s dans cet article<\/p>\n<p>\u00c0 lire aussi<\/p>\n","protected":false},"excerpt":{"rendered":"Si les fans de \u00ab\u00a0Secret Story\u00a0\u00bb se souviennent des gagnants de chaque saison, ils se souviennent \u00e9galement des&hellip;\n","protected":false},"author":2,"featured_media":166857,"comment_status":"","ping_status":"","sticky":false,"template":"","format":"standard","meta":{"footnotes":""},"categories":[8],"tags":[58,59,1011,27,30047,29901,199],"class_list":{"0":"post-166856","1":"post","2":"type-post","3":"status-publish","4":"format-standard","5":"has-post-thumbnail","7":"category-divertissement","8":"tag-divertissement","9":"tag-entertainment","10":"tag-fr","11":"tag-france","12":"tag-francois-xavier-leuridan","13":"tag-secret-story","14":"tag-tf1"},"share_on_mastodon":{"url":"https:\/\/pubeurope.com\/@fr\/114661731057195941","error":""},"_links":{"self":[{"href":"https:\/\/www.europesays.com\/fr\/wp-json\/wp\/v2\/posts\/166856","targetHints":{"allow":["GET"]}}],"collection":[{"href":"https:\/\/www.europesays.com\/fr\/wp-json\/wp\/v2\/posts"}],"about":[{"href":"https:\/\/www.europesays.com\/fr\/wp-json\/wp\/v2\/types\/post"}],"author":[{"embeddable":true,"href":"https:\/\/www.europesays.com\/fr\/wp-json\/wp\/v2\/users\/2"}],"replies":[{"embeddable":true,"href":"https:\/\/www.europesays.com\/fr\/wp-json\/wp\/v2\/comments?post=166856"}],"version-history":[{"count":0,"href":"https:\/\/www.europesays.com\/fr\/wp-json\/wp\/v2\/posts\/166856\/revisions"}],"wp:featuredmedia":[{"embeddable":true,"href":"https:\/\/www.europesays.com\/fr\/wp-json\/wp\/v2\/media\/166857"}],"wp:attachment":[{"href":"https:\/\/www.europesays.com\/fr\/wp-json\/wp\/v2\/media?parent=166856"}],"wp:term":[{"taxonomy":"category","embeddable":true,"href":"https:\/\/www.europesays.com\/fr\/wp-json\/wp\/v2\/categories?post=166856"},{"taxonomy":"post_tag","embeddable":true,"href":"https:\/\/www.europesays.com\/fr\/wp-json\/wp\/v2\/tags?post=166856"}],"curies":[{"name":"wp","href":"https:\/\/api.w.org\/{rel}","templated":true}]}}