{"id":166858,"date":"2025-06-10T23:45:13","date_gmt":"2025-06-10T23:45:13","guid":{"rendered":"https:\/\/www.europesays.com\/fr\/166858\/"},"modified":"2025-06-10T23:45:13","modified_gmt":"2025-06-10T23:45:13","slug":"samsung-confirme-que-le-galaxy-z-fold-7-sera-le-plus-fin-et-leger-des-smartphones-pliants","status":"publish","type":"post","link":"https:\/\/www.europesays.com\/fr\/166858\/","title":{"rendered":"Samsung confirme que le Galaxy\u00a0Z Fold\u00a07 sera le plus fin et l\u00e9ger des smartphones pliants"},"content":{"rendered":"<p class=\"ed__a-p ed__bdy__l\">Avec le Galaxy Z Fold 7, Samsung s\u2019appr\u00eate \u00e0 monter en gamme par rapport \u00e0 ses pr\u00e9c\u00e9dentes g\u00e9n\u00e9rations. Pour r\u00e9pondre plus efficacement \u00e0 ses rivaux, la soci\u00e9t\u00e9 a d\u00e9j\u00e0 annonc\u00e9 qu\u2019elle apporterait <a href=\"https:\/\/www.lesnumeriques.com\/telephone-portable\/galaxy-z-fold-7-ultra-samsung-confirme-l-arrivee-d-un-smartphone-pliant-surequipe-n237672.html\" title=\"Galaxy Z Fold\u00a07 Ultra\u00a0: Samsung confirme l\u2019arriv\u00e9e d\u2019un smartphone pliant sur\u00e9quip\u00e9\" rel=\"nofollow noopener\" target=\"_blank\">une \u201cexp\u00e9rience Ultra\u201d<\/a>, et parle d\u00e9sormais de ce mod\u00e8le comme du plus fin et du plus l\u00e9ger des smartphones pliants.<\/p>\n<p>Le Samsung Galaxy Z Fold 7 devrait \u00eatre une prouesse de design<\/p>\n<p class=\"ed__a-p ed__bdy__l\">Publi\u00e9 ce 9 juin 2025, le billet de blog \u201cFins, l\u00e9gers et con\u00e7us pour durer : la nouvelle \u00e8re de la s\u00e9rie Galaxy Z\u201d de Samsung annonce clairement la couleur pour son prochain smartphone pliant.<\/p>\n<p class=\"ed__a-p ed__bdy__l\">La firme sud-cor\u00e9enne ne m\u00e2che en effet pas ses mots autour de son <a href=\"https:\/\/www.lesnumeriques.com\/telephone-portable\/galaxy-z-fold-7-samsung-veut-battre-le-galaxy-s25-ultra-sur-ce-point-cle-n236704.html\" title=\"Galaxy Z Fold 7 : Samsung veut battre le Galaxy S25 Ultra sur ce point cl\u00e9\" rel=\"nofollow noopener\" target=\"_blank\">Galaxy Z Fold 7<\/a> en d\u00e9clarant qu&rsquo;il sera \u201cle plus fin, le plus l\u00e9ger et le plus avanc\u00e9 des smartphones pliants \u00e0 ce jour\u201d.<\/p>\n<p class=\"ed__a-p ed__bdy__l\">Une affirmation qui suit les rumeurs, pr\u00e9disant que ce mod\u00e8le serait <a href=\"https:\/\/www.lesnumeriques.com\/telephone-portable\/le-samsung-galaxy-z-fold-7-promet-d-etre-le-smartphone-pliant-le-plus-fin-au-monde-n236063.html\" title=\"Le Samsung Galaxy Z Fold 7 promet d&#039;\u00eatre le smartphone pliant le plus fin au monde\" rel=\"nofollow noopener\" target=\"_blank\">le plus fin du march\u00e9<\/a>, avec 8,2 mm d\u2019\u00e9paisseur pli\u00e9 et 4,5 mm d\u00e9pli\u00e9 \u2014 battant ainsi les 8,93 mm et 4,21 mm du leader actuel, l\u2019Oppo Find N5.<\/p>\n<p class=\"ed__a-p ed__bdy__l\">Bien qu\u2019aucun d\u00e9tail \u00e0 ce sujet ne soit confirm\u00e9 par Samsung, Samsung a partag\u00e9 un nouveau GIF illustrant l\u2019extr\u00eame finesse du Galaxy Z Fold 7 \u2014 tout aussi impressionnant que la prouesse technologique d\u2019Apple avec l\u2019<a href=\"https:\/\/www.lesnumeriques.com\/tablette-tactile\/apple-ipad-pro-13-2024-p74965\/test.html\" title=\"iPad Pro 13 (2024) : la puissance \u00e0 tout prix\" rel=\"nofollow noopener\" target=\"_blank\">iPad Pro M4 de 13 pouces<\/a>.<\/p>\n<p class=\"ed__a-p ed__bdy__l\">Pour ceux qui n\u2019ont pas suivi les multiples rumeurs sur ce prochain smartphone pliant, sachez qu\u2019un article d\u00e9di\u00e9 aux <a href=\"https:\/\/www.lesnumeriques.com\/telephone-portable\/galaxy-z-fold-7-les-3-raisons-d-attendre-le-prochain-smartphone-pliant-de-samsung-n237492.html\" title=\"Galaxy\u00a0Z Fold\u00a07\u00a0: les 3\u00a0raisons d\u2019attendre le prochain smartphone pliant de Samsung\" rel=\"nofollow noopener\" target=\"_blank\">3 nouveaut\u00e9s majeures de cette g\u00e9n\u00e9ration<\/a> est disponible sur Les Num\u00e9riques.<\/p>\n<p class=\"ed__a-p ed__bdy__l\">Quant aux personnes souhaitant garder un peu de suspense, il faudra <a href=\"https:\/\/www.lesnumeriques.com\/telephone-portable\/galaxy-z-flip-7-et-z-fold-7-un-lancement-precoce-en-vue-pour-les-prochains-pliants-samsung-n235949.html\" title=\"Galaxy Z Flip 7 et Z Fold 7 : un lancement pr\u00e9coce en vue pour les prochains pliants Samsung\" rel=\"nofollow noopener\" target=\"_blank\">attendre le mois de juillet 2025<\/a> pour d\u00e9couvrir le Galaxy Z Fold 7 (mais aussi le <a href=\"https:\/\/www.lesnumeriques.com\/telephone-portable\/galaxy-z-flip-7-voici-3-bonnes-raisons-d-attendre-le-nouveau-pliant-a-clapet-de-samsung-n237819.html\" title=\"Galaxy Z Flip 7 : voici 3 bonnes raisons d\u2019attendre le nouveau pliant \u00e0 clapet de Samsung\" rel=\"nofollow noopener\" target=\"_blank\">Galaxy Z Flip 7<\/a>).<\/p>\n","protected":false},"excerpt":{"rendered":"Avec le Galaxy Z Fold 7, Samsung s\u2019appr\u00eate \u00e0 monter en gamme par rapport \u00e0 ses pr\u00e9c\u00e9dentes g\u00e9n\u00e9rations.&hellip;\n","protected":false},"author":2,"featured_media":166859,"comment_status":"","ping_status":"","sticky":false,"template":"","format":"standard","meta":{"footnotes":""},"categories":[7],"tags":[1011,27,43,40,41,39,42,44],"class_list":{"0":"post-166858","1":"post","2":"type-post","3":"status-publish","4":"format-standard","5":"has-post-thumbnail","7":"category-sciences-et-technologies","8":"tag-fr","9":"tag-france","10":"tag-science","11":"tag-science-and-technology","12":"tag-sciences","13":"tag-sciences-et-technologies","14":"tag-technologies","15":"tag-technology"},"share_on_mastodon":{"url":"https:\/\/pubeurope.com\/@fr\/114661734729604252","error":""},"_links":{"self":[{"href":"https:\/\/www.europesays.com\/fr\/wp-json\/wp\/v2\/posts\/166858","targetHints":{"allow":["GET"]}}],"collection":[{"href":"https:\/\/www.europesays.com\/fr\/wp-json\/wp\/v2\/posts"}],"about":[{"href":"https:\/\/www.europesays.com\/fr\/wp-json\/wp\/v2\/types\/post"}],"author":[{"embeddable":true,"href":"https:\/\/www.europesays.com\/fr\/wp-json\/wp\/v2\/users\/2"}],"replies":[{"embeddable":true,"href":"https:\/\/www.europesays.com\/fr\/wp-json\/wp\/v2\/comments?post=166858"}],"version-history":[{"count":0,"href":"https:\/\/www.europesays.com\/fr\/wp-json\/wp\/v2\/posts\/166858\/revisions"}],"wp:featuredmedia":[{"embeddable":true,"href":"https:\/\/www.europesays.com\/fr\/wp-json\/wp\/v2\/media\/166859"}],"wp:attachment":[{"href":"https:\/\/www.europesays.com\/fr\/wp-json\/wp\/v2\/media?parent=166858"}],"wp:term":[{"taxonomy":"category","embeddable":true,"href":"https:\/\/www.europesays.com\/fr\/wp-json\/wp\/v2\/categories?post=166858"},{"taxonomy":"post_tag","embeddable":true,"href":"https:\/\/www.europesays.com\/fr\/wp-json\/wp\/v2\/tags?post=166858"}],"curies":[{"name":"wp","href":"https:\/\/api.w.org\/{rel}","templated":true}]}}