{"id":166862,"date":"2025-06-10T23:47:09","date_gmt":"2025-06-10T23:47:09","guid":{"rendered":"https:\/\/www.europesays.com\/fr\/166862\/"},"modified":"2025-06-10T23:47:09","modified_gmt":"2025-06-10T23:47:09","slug":"israel-annule-la-derogation-permettant-aux-banques-palestiniennes-et-israeliennes-de-travailler-ensemble","status":"publish","type":"post","link":"https:\/\/www.europesays.com\/fr\/166862\/","title":{"rendered":"Isra\u00ebl annule la d\u00e9rogation permettant aux banques palestiniennes et isra\u00e9liennes de travailler ensemble"},"content":{"rendered":"<p class=\"fig-paragraph\">Le gouvernement\u00a0<a href=\"http:\/\/www.lefigaro.fr\/flash-actu\/washington-estime-extremement-peu-utiles-les-sanctions-contre-deux-ministres-du-gouvernement-israelien-20250610\" target=\"_blank\" data-fig-type=\"NewsFlash\" rel=\"noopener\" data-gtm-custom-categorie=\"navigation\" data-gtm-custom-action=\"crossclick\" data-gtm-custom-label=\"Contextuel\" data-gtm-event=\"customEventSPE\" data-fig-domain=\"LEFIGARO\">isra\u00e9lien<\/a>\u00a0a annonc\u00e9 mardi l&rsquo;annulation d&rsquo;une d\u00e9rogation permettant aux banques isra\u00e9liennes de travailler avec des banques\u00a0<a href=\"http:\/\/www.lefigaro.fr\/vox\/monde\/israel-palestine-le-mirage-de-la-solution-a-deux-etats-d-emmanuel-macron-20250605\" target=\"_blank\" data-fig-type=\"Article\" rel=\"noopener\" data-gtm-custom-categorie=\"navigation\" data-gtm-custom-action=\"crossclick\" data-gtm-custom-label=\"Contextuel\" data-gtm-event=\"customEventSPE\" data-fig-domain=\"LEFIGARO\">palestiniennes<\/a>, ce qui menace de paralyser les institutions financi\u00e8res palestiniennes.<\/p>\n<p class=\"fig-paragraph\">\u00abDans le contexte de la campagne de d\u00e9l\u00e9gitimation men\u00e9e par l&rsquo;Autorit\u00e9 palestinienne contre l&rsquo;\u00c9tat d&rsquo;Isra\u00ebl au niveau international, le ministre des Finances Bezalel Smotrich a demand\u00e9 (&#8230;) d&rsquo;annuler l&rsquo;indemnit\u00e9 accord\u00e9e aux banques traitant avec les banques exer\u00e7ant dans les territoires de l&rsquo;Autorit\u00e9 palestinienne\u00bb, a d\u00e9clar\u00e9 le minist\u00e8re isra\u00e9lien des Finances dans un communiqu\u00e9.<\/p>\n","protected":false},"excerpt":{"rendered":"Le gouvernement\u00a0isra\u00e9lien\u00a0a annonc\u00e9 mardi l&rsquo;annulation d&rsquo;une d\u00e9rogation permettant aux banques isra\u00e9liennes de travailler avec des banques\u00a0palestiniennes, ce qui&hellip;\n","protected":false},"author":2,"featured_media":166863,"comment_status":"","ping_status":"","sticky":false,"template":"","format":"standard","meta":{"footnotes":""},"categories":[5],"tags":[1111,47,11,1117,1109,1112,636,341,257,632,1108,107,1106,1107,1119,1011,27,1116,1110,1114,14,664,500,12,1113,1118,137,401,1115,28],"class_list":{"0":"post-166862","1":"post","2":"type-post","3":"status-publish","4":"format-standard","5":"has-post-thumbnail","7":"category-international","8":"tag-actu","9":"tag-actualite","10":"tag-actualites","11":"tag-assurance","12":"tag-breves","13":"tag-depeches","14":"tag-devises","15":"tag-emploi","16":"tag-entreprise","17":"tag-fcp","18":"tag-fil","19":"tag-fil-info","20":"tag-flash","21":"tag-flash-actu","22":"tag-formation","23":"tag-fr","24":"tag-france","25":"tag-immobilier","26":"tag-informations","27":"tag-infos","28":"tag-international","29":"tag-israel","30":"tag-medias","31":"tag-news","32":"tag-nouvelles","33":"tag-placement","34":"tag-retraite","35":"tag-sicav","36":"tag-taux","37":"tag-world"},"share_on_mastodon":{"url":"https:\/\/pubeurope.com\/@fr\/114661742646430735","error":""},"_links":{"self":[{"href":"https:\/\/www.europesays.com\/fr\/wp-json\/wp\/v2\/posts\/166862","targetHints":{"allow":["GET"]}}],"collection":[{"href":"https:\/\/www.europesays.com\/fr\/wp-json\/wp\/v2\/posts"}],"about":[{"href":"https:\/\/www.europesays.com\/fr\/wp-json\/wp\/v2\/types\/post"}],"author":[{"embeddable":true,"href":"https:\/\/www.europesays.com\/fr\/wp-json\/wp\/v2\/users\/2"}],"replies":[{"embeddable":true,"href":"https:\/\/www.europesays.com\/fr\/wp-json\/wp\/v2\/comments?post=166862"}],"version-history":[{"count":0,"href":"https:\/\/www.europesays.com\/fr\/wp-json\/wp\/v2\/posts\/166862\/revisions"}],"wp:featuredmedia":[{"embeddable":true,"href":"https:\/\/www.europesays.com\/fr\/wp-json\/wp\/v2\/media\/166863"}],"wp:attachment":[{"href":"https:\/\/www.europesays.com\/fr\/wp-json\/wp\/v2\/media?parent=166862"}],"wp:term":[{"taxonomy":"category","embeddable":true,"href":"https:\/\/www.europesays.com\/fr\/wp-json\/wp\/v2\/categories?post=166862"},{"taxonomy":"post_tag","embeddable":true,"href":"https:\/\/www.europesays.com\/fr\/wp-json\/wp\/v2\/tags?post=166862"}],"curies":[{"name":"wp","href":"https:\/\/api.w.org\/{rel}","templated":true}]}}