{"id":166866,"date":"2025-06-10T23:49:13","date_gmt":"2025-06-10T23:49:13","guid":{"rendered":"https:\/\/www.europesays.com\/fr\/166866\/"},"modified":"2025-06-10T23:49:13","modified_gmt":"2025-06-10T23:49:13","slug":"koh-lanta-la-revanche-des-4-terres-emission-15-du-10-juin-2025-partie-1-koh-lanta","status":"publish","type":"post","link":"https:\/\/www.europesays.com\/fr\/166866\/","title":{"rendered":"Koh-Lanta La Revanche des 4 Terres &#8211; Emission 15 du 10 juin 2025 &#8211; Partie 1 &#8211; Koh-Lanta"},"content":{"rendered":"<p id=\"descriptionPanel\" aria-labelledby=\"descriptionArrow\" aria-expanded=\"false\" class=\"mr-2 line-clamp-2 pr-2.5 text-secondary overflow-visible\">Vous allez d\u00e9couvrir les aventuriers qui atteindront la finale de \u00ab\u00a0Koh-Lanta La Revanche des 4 Terres\u00a0\u00bb. Voil\u00e0 maintenant 36 jours que Ma\u00ebl, J\u00e9r\u00f4me des Landes, Ga\u00eblle, C\u00e9line, Claire et J\u00e9r\u00f4me le Catalan ont \u00e9chou\u00e9 sur leurs \u00eeles respectives. Le Nord, le Sud, l&rsquo;Est et l&rsquo;Ouest ont chacun au moins un repr\u00e9sentant de leur r\u00e9gion. Ils r\u00eavent tous de l&rsquo;orientation, mais l&rsquo;un d&rsquo;entre eux devra quitter l&rsquo;aventure au porte de l&rsquo;orientation. Quels seront les prochains rebondissements de l&rsquo;aventure ? Le bluff de Claire et J\u00e9r\u00f4me va-t-il encore tenir ? Qui remportera les derni\u00e8res \u00e9preuves de de l&rsquo;aventure ? Koh-Lanta 2025 &#8211; La Revanche des 4 Terres Emission 15 du 10 juin 2025 Partie 1<br \/>En savoir plus sur <a class=\"text-white hover:text-blue-500\" href=\"https:\/\/www.tf1.fr\/dossier\/gaelle-koh-lanta-la-revanche-des-4-terres-38856247\" target=\"_blank\" rel=\"noopener\">Ga\u00eblle<\/a>, <a class=\"text-white hover:text-blue-500\" href=\"https:\/\/www.tf1.fr\/dossier\/jerome-koh-lanta-la-revanche-des-4-terres-sud-52955578\" target=\"_blank\" rel=\"noopener\">J\u00e9r\u00f4me<\/a>, <a class=\"text-white hover:text-blue-500\" href=\"https:\/\/www.tf1.fr\/dossier\/mael-koh-lanta-la-revanche-des-4-terres-35254443\" target=\"_blank\" rel=\"noopener\">Ma\u00ebl<\/a>, <a class=\"text-white hover:text-blue-500\" href=\"https:\/\/www.tf1.fr\/dossier\/claire-koh-lanta-la-revanche-des-4-terres-22935437\" target=\"_blank\" rel=\"noopener\">Claire<\/a>, <a class=\"text-white hover:text-blue-500\" href=\"https:\/\/www.tf1.fr\/dossier\/celine-koh-lanta-la-revanche-des-4-terres-67187529\" target=\"_blank\" rel=\"noopener\">C\u00e9line<\/a> ou <a class=\"text-white hover:text-blue-500\" href=\"https:\/\/www.tf1.fr\/dossier\/denis-brogniart\" target=\"_blank\" rel=\"noopener\">Denis Brogniart<\/a><\/p>\n<p><a class=\"shrink-0\" href=\"https:\/\/www.tf1.fr\/tf1\/koh-lanta\" target=\"_blank\" rel=\"noopener\"><img decoding=\"async\" src=\"https:\/\/www.europesays.com\/fr\/wp-content\/uploads\/2025\/05\/program-card-portrait-1-kl-la-revanche-des-4-terres-dcd130-d9492c-0@1x.jpg\" width=\"138\" height=\"184\" alt=\"\" loading=\"eager\" fetchpriority=\"auto\" class=\"aspect-[3\/4] h-24 w-auto rounded-3px\" aria-hidden=\"true\"\/><\/a><\/p>\n","protected":false},"excerpt":{"rendered":"Vous allez d\u00e9couvrir les aventuriers qui atteindront la finale de \u00ab\u00a0Koh-Lanta La Revanche des 4 Terres\u00a0\u00bb. Voil\u00e0 maintenant&hellip;\n","protected":false},"author":2,"featured_media":166867,"comment_status":"","ping_status":"","sticky":false,"template":"","format":"standard","meta":{"footnotes":""},"categories":[2],"tags":[11,2889,25779,1011,27,680,25780,12,13316,13317,13315],"class_list":{"0":"post-166866","1":"post","2":"type-post","3":"status-publish","4":"format-standard","5":"has-post-thumbnail","7":"category-actualites","8":"tag-actualites","9":"tag-emission","10":"tag-emission-koh-lanta","11":"tag-fr","12":"tag-france","13":"tag-koh-lanta","14":"tag-koh-lanta-emission","15":"tag-news","16":"tag-streaming-koh-lanta","17":"tag-video-en-streaming-koh-lanta","18":"tag-video-koh-lanta"},"share_on_mastodon":{"url":"https:\/\/pubeurope.com\/@fr\/114661750551814926","error":""},"_links":{"self":[{"href":"https:\/\/www.europesays.com\/fr\/wp-json\/wp\/v2\/posts\/166866","targetHints":{"allow":["GET"]}}],"collection":[{"href":"https:\/\/www.europesays.com\/fr\/wp-json\/wp\/v2\/posts"}],"about":[{"href":"https:\/\/www.europesays.com\/fr\/wp-json\/wp\/v2\/types\/post"}],"author":[{"embeddable":true,"href":"https:\/\/www.europesays.com\/fr\/wp-json\/wp\/v2\/users\/2"}],"replies":[{"embeddable":true,"href":"https:\/\/www.europesays.com\/fr\/wp-json\/wp\/v2\/comments?post=166866"}],"version-history":[{"count":0,"href":"https:\/\/www.europesays.com\/fr\/wp-json\/wp\/v2\/posts\/166866\/revisions"}],"wp:featuredmedia":[{"embeddable":true,"href":"https:\/\/www.europesays.com\/fr\/wp-json\/wp\/v2\/media\/166867"}],"wp:attachment":[{"href":"https:\/\/www.europesays.com\/fr\/wp-json\/wp\/v2\/media?parent=166866"}],"wp:term":[{"taxonomy":"category","embeddable":true,"href":"https:\/\/www.europesays.com\/fr\/wp-json\/wp\/v2\/categories?post=166866"},{"taxonomy":"post_tag","embeddable":true,"href":"https:\/\/www.europesays.com\/fr\/wp-json\/wp\/v2\/tags?post=166866"}],"curies":[{"name":"wp","href":"https:\/\/api.w.org\/{rel}","templated":true}]}}