{"id":16687,"date":"2025-04-11T06:46:08","date_gmt":"2025-04-11T06:46:08","guid":{"rendered":"https:\/\/www.europesays.com\/fr\/16687\/"},"modified":"2025-04-11T06:46:08","modified_gmt":"2025-04-11T06:46:08","slug":"les-freres-menendez-suspendus-a-une-nouvelle-audience-pour-leur-eventuelle-liberation","status":"publish","type":"post","link":"https:\/\/www.europesays.com\/fr\/16687\/","title":{"rendered":"les fr\u00e8res Menendez suspendus \u00e0 une nouvelle audience pour leur \u00e9ventuelle lib\u00e9ration"},"content":{"rendered":"<p class=\"fig-paragraph\">Le sort des<a href=\"http:\/\/www.lefigaro.fr\/international\/los-angeles-la-tristement-celebre-maison-des-freres-menendez-devient-une-attractivite-touristique-20241031\" target=\"_blank\" data-fig-type=\"Article\" rel=\"noopener\" data-gtm-custom-categorie=\"navigation\" data-gtm-custom-action=\"crossclick\" data-gtm-custom-label=\"Contextuel\" data-gtm-event=\"customEventSPE\" data-fig-domain=\"LEFIGARO\">\u00a0fr\u00e8res Menendez<\/a>, c\u00e9l\u00e8bres aux \u00c9tats-Unis pour avoir tu\u00e9 leurs richissimes parents en 1989, fait l&rsquo;objet d&rsquo;une nouvelle audience vendredi, dans le cadre de leur bataille judiciaire pour r\u00e9clamer leur lib\u00e9ration.<\/p>\n<p class=\"fig-paragraph\">Apr\u00e8s presque 35 ans pass\u00e9s derri\u00e8re les barreaux, Erik et Lyle Menendez r\u00e9clament un all\u00e8gement de peine, qui pourrait conduire \u00e0 leur lib\u00e9ration. Leur condamnation \u00e0 la perp\u00e9tuit\u00e9 incompressible, obtenue apr\u00e8s l&rsquo;un des premiers proc\u00e8s retransmis \u00e0 la t\u00e9l\u00e9vision &#8211;\u00a0<a href=\"http:\/\/www.lefigaro.fr\/flash-sport\/o-j-simpson-ex-star-du-foot-americain-acquittee-lors-du-proces-du-siecle-est-mort-20240411\" target=\"_blank\" data-fig-type=\"NewsFlash\" rel=\"noopener\" data-gtm-custom-categorie=\"navigation\" data-gtm-custom-action=\"crossclick\" data-gtm-custom-label=\"Contextuel\" data-gtm-event=\"customEventSPE\" data-fig-domain=\"LEFIGARO\">avant m\u00eame celui du joueur de football am\u00e9ricain O.J. Simpson<\/a>\u00a0&#8211; est rest\u00e9e grav\u00e9e dans la m\u00e9moire collective am\u00e9ricaine.<\/p>\n<p>Une tentative d\u00e9sesp\u00e9r\u00e9e d\u2019autod\u00e9fense<\/p>\n<p class=\"fig-paragraph\">\u00c0 l\u2019\u00e9poque, le parquet avait accus\u00e9 les deux jeunes hommes, \u00e2g\u00e9s de 18 et 21 ans au moment des faits, d&rsquo;avoir assassin\u00e9 leurs parents pour h\u00e9riter de leur fortune de 14 millions de dollars. Les fr\u00e8res ont, eux, pr\u00e9sent\u00e9 ces meurtres comme une tentative d\u00e9sesp\u00e9r\u00e9e d&rsquo;autod\u00e9fense, en affirmant avoir \u00e9t\u00e9 viol\u00e9s pendant des ann\u00e9es par leur p\u00e8re.<\/p>\n<p class=\"fig-paragraph\"><a href=\"http:\/\/tvmag.lefigaro.fr\/programme-tv\/series\/monstres-les-freres-menendez-auxquels-netflix-a-consacre-une-fiction-et-un-documentaire-seront-ils-liberes-20250107\" target=\"_blank\" data-fig-type=\"Article\" rel=\"noopener\" data-gtm-custom-categorie=\"navigation\" data-gtm-custom-action=\"crossclick\" data-gtm-custom-label=\"Contextuel\" data-gtm-event=\"customEventSPE\" data-fig-domain=\"TVMAG\">La s\u00e9rie \u00abMonstres: L&rsquo;histoire de Lyle et Erik Menendez\u00bb<\/a> \u00a0ainsi qu&rsquo;un documentaire produit par Netflix ont r\u00e9cemment relanc\u00e9 l&rsquo;int\u00e9r\u00eat pour cette affaire, dans un monde o\u00f9 le mouvement #MeToo\u00a0a chang\u00e9 la perception des victimes de violences sexuelles. Plusieurs membres de leur famille r\u00e9clament leur lib\u00e9ration, ainsi que des stars comme\u00a0<a href=\"http:\/\/madame.lefigaro.fr\/celebrites\/actu-people\/ce-ne-sont-pas-des-monstres-kim-kardashian-enjoint-a-liberer-les-freres-menendez-accuses-d-avoir-assassine-leurs-parents-20241004\" target=\"_blank\" data-fig-type=\"Article\" rel=\"noopener\" data-gtm-custom-categorie=\"navigation\" data-gtm-custom-action=\"crossclick\" data-gtm-custom-label=\"Contextuel\" data-gtm-event=\"customEventSPE\" data-fig-domain=\"MADAME\">Kim Kardashian.\u00a0<\/a>Mais en mars, le nouveau procureur de Los Angeles, Nathan Hochman, s&rsquo;est oppos\u00e9 \u00e0 leur sortie de prison. \u00abLes fr\u00e8res Menendez n&rsquo;ont pas fait la lumi\u00e8re sur leurs crimes et n&rsquo;en assument pas la responsabilit\u00e9 (&#8230;). Ils ont racont\u00e9 20 mensonges diff\u00e9rents, ils ont admis quatre d&rsquo;entre eux, mais 16 mensonges n&rsquo;ont pas \u00e9t\u00e9 reconnus\u00bb, a-t-il expliqu\u00e9.<\/p>\n<p>Un tel all\u00e8gement pourrait conduire \u00e0 leur lib\u00e9ration conditionnelle<\/p>\n<p class=\"fig-paragraph\">Le procureur r\u00e9clame au tribunal de retirer une motion d\u00e9pos\u00e9e par son pr\u00e9d\u00e9cesseur, qui recommandait un all\u00e8gement de peine formul\u00e9e pour les fr\u00e8res Menendez. L&rsquo;audience de vendredi dira si le juge accepte ce retrait, ou d\u00e9cide au contraire d&rsquo;examiner cette demande. Un tel all\u00e8gement pourrait conduire \u00e0 leur lib\u00e9ration conditionnelle, \u00e9tant donn\u00e9 le temps d\u00e9j\u00e0 pass\u00e9 derri\u00e8re les barreaux par le duo. La demande de nouvelle condamnation est l&rsquo;une des trois voies distinctes suivies par les avocats des deux hommes, qui cherchent \u00e9galement \u00e0 obtenir un nouveau proc\u00e8s et demandent aussi au gouverneur de Californie, Gavin Newsom, de commuer leur peine. Nathan Hochman s&rsquo;oppose \u00e9galement \u00e0 un nouveau proc\u00e8s.<\/p>\n<p class=\"fig-paragraph\">De son c\u00f4t\u00e9, le gouverneur Newsom doit se voir remettre en juin un rapport sur la conduite en prison des deux fr\u00e8res pendant toutes ces ann\u00e9es, qui l&rsquo;aidera \u00e0 se prononcer sur leur sort. Il assure ne pas avoir regard\u00e9 la s\u00e9rie et le documentaire r\u00e9cemment sortis sur leur affaire, pour \u00abne pas \u00eatre influenc\u00e9\u00bb.<\/p>\n","protected":false},"excerpt":{"rendered":"Le sort des\u00a0fr\u00e8res Menendez, c\u00e9l\u00e8bres aux \u00c9tats-Unis pour avoir tu\u00e9 leurs richissimes parents en 1989, fait l&rsquo;objet d&rsquo;une&hellip;\n","protected":false},"author":2,"featured_media":16688,"comment_status":"","ping_status":"","sticky":false,"template":"","format":"standard","meta":{"footnotes":""},"categories":[1589],"tags":[1111,47,11,1109,1112,73,1866,118,1108,107,1106,1107,27,1110,1114,14,12,1113,316,1864,1865,1863,308],"class_list":{"0":"post-16687","1":"post","2":"type-post","3":"status-publish","4":"format-standard","5":"has-post-thumbnail","7":"category-etats-unis","8":"tag-actu","9":"tag-actualite","10":"tag-actualites","11":"tag-breves","12":"tag-depeches","13":"tag-etats-unis","14":"tag-etats-unis-damerique","15":"tag-faits-divers","16":"tag-fil","17":"tag-fil-info","18":"tag-flash","19":"tag-flash-actu","20":"tag-france","21":"tag-informations","22":"tag-infos","23":"tag-international","24":"tag-news","25":"tag-nouvelles","26":"tag-politique","27":"tag-united-states","28":"tag-united-states-of-america","29":"tag-us","30":"tag-usa"},"share_on_mastodon":{"url":"https:\/\/pubeurope.com\/@fr\/114317989197266501","error":""},"_links":{"self":[{"href":"https:\/\/www.europesays.com\/fr\/wp-json\/wp\/v2\/posts\/16687","targetHints":{"allow":["GET"]}}],"collection":[{"href":"https:\/\/www.europesays.com\/fr\/wp-json\/wp\/v2\/posts"}],"about":[{"href":"https:\/\/www.europesays.com\/fr\/wp-json\/wp\/v2\/types\/post"}],"author":[{"embeddable":true,"href":"https:\/\/www.europesays.com\/fr\/wp-json\/wp\/v2\/users\/2"}],"replies":[{"embeddable":true,"href":"https:\/\/www.europesays.com\/fr\/wp-json\/wp\/v2\/comments?post=16687"}],"version-history":[{"count":0,"href":"https:\/\/www.europesays.com\/fr\/wp-json\/wp\/v2\/posts\/16687\/revisions"}],"wp:featuredmedia":[{"embeddable":true,"href":"https:\/\/www.europesays.com\/fr\/wp-json\/wp\/v2\/media\/16688"}],"wp:attachment":[{"href":"https:\/\/www.europesays.com\/fr\/wp-json\/wp\/v2\/media?parent=16687"}],"wp:term":[{"taxonomy":"category","embeddable":true,"href":"https:\/\/www.europesays.com\/fr\/wp-json\/wp\/v2\/categories?post=16687"},{"taxonomy":"post_tag","embeddable":true,"href":"https:\/\/www.europesays.com\/fr\/wp-json\/wp\/v2\/tags?post=16687"}],"curies":[{"name":"wp","href":"https:\/\/api.w.org\/{rel}","templated":true}]}}