{"id":166875,"date":"2025-06-10T23:54:23","date_gmt":"2025-06-10T23:54:23","guid":{"rendered":"https:\/\/www.europesays.com\/fr\/166875\/"},"modified":"2025-06-10T23:54:23","modified_gmt":"2025-06-10T23:54:23","slug":"lancien-maire-de-toulon-hubert-falco-definitivement-condamne-pour-detournement-de-fonds-publics","status":"publish","type":"post","link":"https:\/\/www.europesays.com\/fr\/166875\/","title":{"rendered":"L\u2019ancien maire de Toulon, Hubert Falco, d\u00e9finitivement condamn\u00e9 pour d\u00e9tournement de fonds publics"},"content":{"rendered":"<p>La sentence est tomb\u00e9e pour l\u2019ex-baron de la politique varoise. <a href=\"https:\/\/www.humanite.fr\/feminisme\/pornographie\/proces-french-bukkake-la-cour-de-cassation-va-t-elle-retenir-la-torture-comme-chef-daccusation-contre-la-plateforme-pornographique\" target=\"_blank\" rel=\"noopener\">La Cour de cassation<\/a> vient de confirmer la condamnation prononc\u00e9e par la Cour d\u2019appel d\u2019Aix-en-Provence en mai dernier, \u00e0 l\u2019encontre d\u2019<a href=\"https:\/\/www.humanite.fr\/politique\/toulon\/le-maire-hubert-falco-demis-de-ses-fonctions-791314\" data-type=\"link\" data-id=\"https:\/\/www.humanite.fr\/politique\/toulon\/le-maire-hubert-falco-demis-de-ses-fonctions-791314\" target=\"_blank\" rel=\"noopener\">Hubert Falco<\/a>. Ce dernier avait saisi la Haute juridiction apr\u00e8s avoir \u00e9t\u00e9 reconnu coupable le 14\u00a0mai 2024 de \u00ab\u00a0recel de d\u00e9tournement de fonds publics\u00a0\u00bb dans l\u2019affaire dite du \u00ab\u00a0frigo de Falco\u00a0\u00bb. En appel l\u2019ancien maire de <a href=\"https:\/\/www.humanite.fr\/culture-et-savoir\/theatre\/charles-berling-acteur-et-metteur-en-scene-on-est-cerne-par-des-gens-sortis-decoles-de-commerce-qui-ne-comprennent-pas-la-culture\" target=\"_blank\" rel=\"noopener\">Toulon<\/a> a \u00e9t\u00e9 condamn\u00e9 en appel \u00e0 18 mois de prison avec sursis, 30\u00a0000\u00a0euros d\u2019amende et surtout \u00e0 cinq ans d\u2019in\u00e9ligibilit\u00e9 assortie de l\u2019ex\u00e9cution provisoire, entra\u00eenant <a href=\"https:\/\/www.humanite.fr\/politique\/toulon\/le-maire-hubert-falco-demis-de-ses-fonctions-791314\" target=\"_blank\" rel=\"noopener\">sa d\u00e9mission imm\u00e9diate de ses mandats de maire de Toulon et de pr\u00e9sident de la m\u00e9tropole Toulon Provence M\u00e9diterran\u00e9e<\/a>. Celle-ci avait pris effet en avril 2023 \u00e0 la suite du jugement en premi\u00e8re instance.<\/p>\n<p>L\u2019ancien \u00e9lu avait profit\u00e9 abusivement, entre 2002 et 2018, de repas gratuits au si\u00e8ge du conseil d\u00e9partemental du Var dont il n\u2019\u00e9tait plus le pr\u00e9sident et plus membre depuis\u00a0plusieurs ann\u00e9es. <a href=\"https:\/\/www.humanite.fr\/politique\/detournement-de-fonds\/rn-la-justice-a-ouvert-une-enquete-contre-le-depute-et-conseiller-de-marine-le-pen-franck-allisio-pour-detournement-de-biens-publics\" target=\"_blank\" rel=\"noopener\">Il lui est \u00e9galement reproch\u00e9 d\u2019avoir us\u00e9 de frais de pressing r\u00e9gl\u00e9s par les fonds publics de la collectivit\u00e9<\/a>. Lors de son jugement en appel, Hubert Falco avait reconnu avoir d\u00e9jeun\u00e9 r\u00e9guli\u00e8rement au Conseil d\u00e9partemental mais avait r\u00e9fut\u00e9 les autres chefs d\u2019accusation. Cette affaire de d\u00e9tournement de fonds a \u00e9t\u00e9 r\u00e9v\u00e9l\u00e9e en 2016 gr\u00e2ce au t\u00e9moignage d\u2019un chef cuisinier du si\u00e8ge d\u00e9partemental, puis confirm\u00e9e par d\u2019autres t\u00e9moins. Ce cuisinier s\u2019est suicid\u00e9 au cours de l\u2019enqu\u00eate. Il avait d\u00e9clar\u00e9 \u00eatre victime de harc\u00e8lement depuis sa r\u00e9v\u00e9lation. L\u2019affaire du \u00ab\u00a0frigo de Falco\u00a0\u00bb a cr\u00e9\u00e9 un vrai s\u00e9isme politique \u00e0 Toulon. Hubert Falcon, figure de la politique varoise, ex-LR devenu macroniste, avait \u00e9t\u00e9 r\u00e9\u00e9lu trois fois au premier tour \u00e0 la t\u00eate de la mairie de la ville.<\/p>\n<p>Devant la Cour de cassation \u2013 aupr\u00e8s de laquelle l\u2019ancien maire a formul\u00e9 un pourvoi afin de contester sa peine d\u2019in\u00e9ligibilit\u00e9 imm\u00e9diate \u2013 son avocate H\u00e9l\u00e8ne Farge avait plaid\u00e9 fin avril dernier qu\u2019 \u00ab\u00a0aucun des motifs\u00a0\u00bb retenus par la Cour d\u2019appel ne serait conforme avec <a href=\"https:\/\/www.humanite.fr\/politique\/budget\/plfss-la-taxe-lapin-et-13-autres-articles-censures-par-le-conseil-constitutionnel\" target=\"_blank\" rel=\"noopener\">les r\u00e9centes d\u00e9cisions du Conseil constitutionnel<\/a> en ce qui concerne l\u2019ex\u00e9cution provisoire de la privation de mandat. Une interpr\u00e9tation d\u2019une d\u00e9claration des \u00ab\u00a0sages\u00a0\u00bb estimant qu\u2019il revenait au juge \u00ab\u00a0d\u2019appr\u00e9cier le caract\u00e8re proportionn\u00e9 de l\u2019atteinte que cette mesure est susceptible de porter \u00e0 l\u2019exercice d\u2019un mandat en cours et \u00e0 la pr\u00e9servation de la libert\u00e9 de l\u2019\u00e9lecteur\u00a0\u00bb. L\u2019avocat g\u00e9n\u00e9ral avait quant \u00e0 lui \u00e9mis un avis contre le pourvoi tout en reconnaissant un doute sur la conformit\u00e9 de la condamnation de l\u2019ancien maire de Toulon.<\/p>\n<p>Le rejet de la Cour de cassation du pourvoi d\u2019Hubert Falco, rend sa condamnation d\u00e9finitive. Il ne peut donc plus pr\u00e9tendre \u00e0 aucune candidature, notamment pour les prochaines \u00e9lections municipales en 2026. <a href=\"https:\/\/www.humanite.fr\/politique\/detournement-de-fonds\/marine-le-pen-condamnee-comment-le-rn-a-fait-le-pari-dune-trumpisation-de-son-discours-et-du-debat-public\" target=\"_blank\" rel=\"noopener\">Le Rassemblement National <\/a>qui nourrit de grandes ambitions dans le Var esp\u00e8re profiter de l\u2019occasion.<\/p>\n<p>Avant de partir, une derni\u00e8re chose\u2026<\/p>\n<p>Contrairement \u00e0 90% des m\u00e9dias fran\u00e7ais aujourd\u2019hui, <strong>l\u2019Humanit\u00e9 ne d\u00e9pend ni de grands groupes ni de milliardaires<\/strong>. Cela signifie que : <\/p>\n<ul class=\"wp-block-list\">\n<li>nous vous apportons des informations impartiales, sans compromis. Mais aussi que <\/li>\n<li>nous n\u2019avons pas les moyens financiers dont b\u00e9n\u00e9ficient les autres m\u00e9dias.<\/li>\n<\/ul>\n<p><strong>L\u2019information ind\u00e9pendante et de qualit\u00e9 a un co\u00fbt<\/strong>. Payez-le.<br \/><a href=\"https:\/\/stage.preprod.humanite.fr\/lhumanite-cest-vous\" data-type=\"link\" data-id=\"https:\/\/stage.preprod.humanite.fr\/lhumanite-cest-vous\" target=\"_blank\" rel=\"noopener\">Je veux en savoir plus<\/a><\/p>\n","protected":false},"excerpt":{"rendered":"La sentence est tomb\u00e9e pour l\u2019ex-baron de la politique varoise. La Cour de cassation vient de confirmer la&hellip;\n","protected":false},"author":2,"featured_media":166876,"comment_status":"","ping_status":"","sticky":false,"template":"","format":"standard","meta":{"footnotes":""},"categories":[9619],"tags":[1111,11,8424,28290,1777,674,1011,27,12,882,25,2310],"class_list":{"0":"post-166875","1":"post","2":"type-post","3":"status-publish","4":"format-standard","5":"has-post-thumbnail","7":"category-toulon","8":"tag-actu","9":"tag-actualites","10":"tag-cour-de-cassation","11":"tag-du00e9tournement-de-fonds","12":"tag-eu","13":"tag-europe","14":"tag-fr","15":"tag-france","16":"tag-news","17":"tag-provence-alpes-cote-dazur","18":"tag-republique-francaise","19":"tag-toulon"},"share_on_mastodon":{"url":"https:\/\/pubeurope.com\/@fr\/114661770230706381","error":""},"_links":{"self":[{"href":"https:\/\/www.europesays.com\/fr\/wp-json\/wp\/v2\/posts\/166875","targetHints":{"allow":["GET"]}}],"collection":[{"href":"https:\/\/www.europesays.com\/fr\/wp-json\/wp\/v2\/posts"}],"about":[{"href":"https:\/\/www.europesays.com\/fr\/wp-json\/wp\/v2\/types\/post"}],"author":[{"embeddable":true,"href":"https:\/\/www.europesays.com\/fr\/wp-json\/wp\/v2\/users\/2"}],"replies":[{"embeddable":true,"href":"https:\/\/www.europesays.com\/fr\/wp-json\/wp\/v2\/comments?post=166875"}],"version-history":[{"count":0,"href":"https:\/\/www.europesays.com\/fr\/wp-json\/wp\/v2\/posts\/166875\/revisions"}],"wp:featuredmedia":[{"embeddable":true,"href":"https:\/\/www.europesays.com\/fr\/wp-json\/wp\/v2\/media\/166876"}],"wp:attachment":[{"href":"https:\/\/www.europesays.com\/fr\/wp-json\/wp\/v2\/media?parent=166875"}],"wp:term":[{"taxonomy":"category","embeddable":true,"href":"https:\/\/www.europesays.com\/fr\/wp-json\/wp\/v2\/categories?post=166875"},{"taxonomy":"post_tag","embeddable":true,"href":"https:\/\/www.europesays.com\/fr\/wp-json\/wp\/v2\/tags?post=166875"}],"curies":[{"name":"wp","href":"https:\/\/api.w.org\/{rel}","templated":true}]}}