{"id":166879,"date":"2025-06-10T23:56:09","date_gmt":"2025-06-10T23:56:09","guid":{"rendered":"https:\/\/www.europesays.com\/fr\/166879\/"},"modified":"2025-06-10T23:56:09","modified_gmt":"2025-06-10T23:56:09","slug":"previsions-du-mercredi-11-juin-2025-4","status":"publish","type":"post","link":"https:\/\/www.europesays.com\/fr\/166879\/","title":{"rendered":"pr\u00e9visions du mercredi 11 juin 2025"},"content":{"rendered":"<p>Montpellier va \u00eatre baign\u00e9e de soleil durant cette journ\u00e9e. Les temp\u00e9ratures avoisineront les 25\u00b0C. Les valeurs avoisineront les 27\u00b0C au cours de la matin\u00e9e. Un petit vent de sud soufflera. Les importantes chaleurs sont install\u00e9es. Avec des valeurs comprises entre 26 et 30\u00b0C. L&rsquo;apr\u00e8s-midi, les temp\u00e9ratures s&rsquo;\u00e9chelonneront entre 26 et 30\u00b0C. Il va faire 22\u00b0C en moyenne le soir. C&rsquo;est un ciel clair que conna\u00eetra la nuit de mercredi \u00e0 jeudi.<\/p>\n<p>C&rsquo;est un soleil splendide qui va briller demain sur Montpellier. Une baisse des temp\u00e9ratures est attendue. On pr\u00e9voit des valeurs avoisinant 22\u00b0C. Un vent de sud-est rafra\u00eechira quelque peu l&rsquo;atmosph\u00e8re. Les temp\u00e9ratures seront de 24\u00b0C au plus bas et de 25\u00b0C au maximum l&rsquo;apr\u00e8s-midi. Demain soir, le mercure affichera 22\u00b0C en moyenne.<\/p>\n<p>Les jours suivants s&rsquo;annoncent identiques. Comptez sur 23\u00b0C en moyenne qui accompagneront des journ\u00e9es ensoleill\u00e9es.<\/p>\n<p><\/p>\n","protected":false},"excerpt":{"rendered":"Montpellier va \u00eatre baign\u00e9e de soleil durant cette journ\u00e9e. Les temp\u00e9ratures avoisineront les 25\u00b0C. Les valeurs avoisineront les&hellip;\n","protected":false},"author":2,"featured_media":166880,"comment_status":"","ping_status":"","sticky":false,"template":"","format":"standard","meta":{"footnotes":""},"categories":[9599],"tags":[1111,11,1777,674,1011,27,7089,2681,2208,12,2680,2119,25],"class_list":{"0":"post-166879","1":"post","2":"type-post","3":"status-publish","4":"format-standard","5":"has-post-thumbnail","7":"category-montpellier","8":"tag-actu","9":"tag-actualites","10":"tag-eu","11":"tag-europe","12":"tag-fr","13":"tag-france","14":"tag-herault","15":"tag-languedoc-roussillon","16":"tag-montpellier","17":"tag-news","18":"tag-occitanie","19":"tag-previsions-meteo","20":"tag-republique-francaise"},"share_on_mastodon":{"url":"https:\/\/pubeurope.com\/@fr\/114661778101476238","error":""},"_links":{"self":[{"href":"https:\/\/www.europesays.com\/fr\/wp-json\/wp\/v2\/posts\/166879","targetHints":{"allow":["GET"]}}],"collection":[{"href":"https:\/\/www.europesays.com\/fr\/wp-json\/wp\/v2\/posts"}],"about":[{"href":"https:\/\/www.europesays.com\/fr\/wp-json\/wp\/v2\/types\/post"}],"author":[{"embeddable":true,"href":"https:\/\/www.europesays.com\/fr\/wp-json\/wp\/v2\/users\/2"}],"replies":[{"embeddable":true,"href":"https:\/\/www.europesays.com\/fr\/wp-json\/wp\/v2\/comments?post=166879"}],"version-history":[{"count":0,"href":"https:\/\/www.europesays.com\/fr\/wp-json\/wp\/v2\/posts\/166879\/revisions"}],"wp:featuredmedia":[{"embeddable":true,"href":"https:\/\/www.europesays.com\/fr\/wp-json\/wp\/v2\/media\/166880"}],"wp:attachment":[{"href":"https:\/\/www.europesays.com\/fr\/wp-json\/wp\/v2\/media?parent=166879"}],"wp:term":[{"taxonomy":"category","embeddable":true,"href":"https:\/\/www.europesays.com\/fr\/wp-json\/wp\/v2\/categories?post=166879"},{"taxonomy":"post_tag","embeddable":true,"href":"https:\/\/www.europesays.com\/fr\/wp-json\/wp\/v2\/tags?post=166879"}],"curies":[{"name":"wp","href":"https:\/\/api.w.org\/{rel}","templated":true}]}}