{"id":166889,"date":"2025-06-11T00:04:09","date_gmt":"2025-06-11T00:04:09","guid":{"rendered":"https:\/\/www.europesays.com\/fr\/166889\/"},"modified":"2025-06-11T00:04:09","modified_gmt":"2025-06-11T00:04:09","slug":"previsions-du-mercredi-11-juin-2025-6","status":"publish","type":"post","link":"https:\/\/www.europesays.com\/fr\/166889\/","title":{"rendered":"pr\u00e9visions du mercredi 11 juin 2025"},"content":{"rendered":"<p>Strasbourg aura le plaisir de pouvoir profiter d&rsquo;une belle journ\u00e9e ensoleill\u00e9e. Il fera 19\u00b0C en moyenne. Un vent de nord-est rafra\u00eechira sensiblement l&rsquo;atmosph\u00e8re. Les temp\u00e9ratures vont monter pendant l&rsquo;apr\u00e8s-midi de quelques degr\u00e9s. Les maximales pourront atteindre 24\u00b0C tandis que les minimales seront de 22\u00b0C. Dans la soir\u00e9e, les temp\u00e9ratures seront de 18\u00b0C. Entre mercredi et jeudi, la nuit sera claire.<\/p>\n<p>Un bel ensoleillement est pr\u00e9vu demain \u00e0 Strasbourg. C&rsquo;est une hausse de quelques degr\u00e9s que vont conna\u00eetre les temp\u00e9ratures. Le thermom\u00e8tre affichera 21\u00b0C en moyenne. Il va faire environ 21\u00b0C, le matin. Une petite brise de nord-est soufflera. Les temp\u00e9ratures vont enregistrer une augmentation de plusieurs degr\u00e9s dans l&rsquo;apr\u00e8s-midi. Les valeurs afficheront entre 27\u00b0C et 29\u00b0C. Un vent de nord-est soufflera doucement dans la soir\u00e9e.<\/p>\n<p>Le temps restera inchang\u00e9 les prochains jours. Il fera 25\u00b0C en moyenne pour des journ\u00e9es avec un ciel ensoleill\u00e9.<\/p>\n<p><\/p>\n","protected":false},"excerpt":{"rendered":"Strasbourg aura le plaisir de pouvoir profiter d&rsquo;une belle journ\u00e9e ensoleill\u00e9e. Il fera 19\u00b0C en moyenne. Un vent&hellip;\n","protected":false},"author":2,"featured_media":166890,"comment_status":"","ping_status":"","sticky":false,"template":"","format":"standard","meta":{"footnotes":""},"categories":[2820],"tags":[1111,11,2389,2649,1777,674,1011,27,775,12,2119,25,640],"class_list":{"0":"post-166889","1":"post","2":"type-post","3":"status-publish","4":"format-standard","5":"has-post-thumbnail","7":"category-strasbourg","8":"tag-actu","9":"tag-actualites","10":"tag-alsace","11":"tag-bas-rhin","12":"tag-eu","13":"tag-europe","14":"tag-fr","15":"tag-france","16":"tag-grand-est","17":"tag-news","18":"tag-previsions-meteo","19":"tag-republique-francaise","20":"tag-strasbourg"},"share_on_mastodon":{"url":"https:\/\/pubeurope.com\/@fr\/114661809521055359","error":""},"_links":{"self":[{"href":"https:\/\/www.europesays.com\/fr\/wp-json\/wp\/v2\/posts\/166889","targetHints":{"allow":["GET"]}}],"collection":[{"href":"https:\/\/www.europesays.com\/fr\/wp-json\/wp\/v2\/posts"}],"about":[{"href":"https:\/\/www.europesays.com\/fr\/wp-json\/wp\/v2\/types\/post"}],"author":[{"embeddable":true,"href":"https:\/\/www.europesays.com\/fr\/wp-json\/wp\/v2\/users\/2"}],"replies":[{"embeddable":true,"href":"https:\/\/www.europesays.com\/fr\/wp-json\/wp\/v2\/comments?post=166889"}],"version-history":[{"count":0,"href":"https:\/\/www.europesays.com\/fr\/wp-json\/wp\/v2\/posts\/166889\/revisions"}],"wp:featuredmedia":[{"embeddable":true,"href":"https:\/\/www.europesays.com\/fr\/wp-json\/wp\/v2\/media\/166890"}],"wp:attachment":[{"href":"https:\/\/www.europesays.com\/fr\/wp-json\/wp\/v2\/media?parent=166889"}],"wp:term":[{"taxonomy":"category","embeddable":true,"href":"https:\/\/www.europesays.com\/fr\/wp-json\/wp\/v2\/categories?post=166889"},{"taxonomy":"post_tag","embeddable":true,"href":"https:\/\/www.europesays.com\/fr\/wp-json\/wp\/v2\/tags?post=166889"}],"curies":[{"name":"wp","href":"https:\/\/api.w.org\/{rel}","templated":true}]}}