{"id":166893,"date":"2025-06-11T00:06:13","date_gmt":"2025-06-11T00:06:13","guid":{"rendered":"https:\/\/www.europesays.com\/fr\/166893\/"},"modified":"2025-06-11T00:06:13","modified_gmt":"2025-06-11T00:06:13","slug":"previsions-du-mercredi-11-juin-2025-7","status":"publish","type":"post","link":"https:\/\/www.europesays.com\/fr\/166893\/","title":{"rendered":"pr\u00e9visions du mercredi 11 juin 2025"},"content":{"rendered":"<p>Cette journ\u00e9e rimera avec grand soleil pour Nice. Il fera 23\u00b0C en moyenne. Un vent de nord-est soufflera doucement. Les temp\u00e9ratures s&rsquo;\u00e9chelonneront entre 22\u00b0C et 25\u00b0C dans la matin\u00e9e. Les valeurs afficheront entre 23 et 25\u00b0C l&rsquo;apr\u00e8s-midi. Les maximales pourront atteindre 23\u00b0C dans la soir\u00e9e tandis que les minimales seront de 21\u00b0C. Entre mercredi et jeudi, la nuit sera claire.<\/p>\n<p>C&rsquo;est un soleil magnifique qui va briller demain sur Nice. La m\u00e9t\u00e9o va se r\u00e9chauffer avec une augmentation de quelques degr\u00e9s. Les temp\u00e9ratures seront comprises entre 20 et 27\u00b0C. Il va faire environ 25\u00b0C, le matin. Un vent de sud soufflera un peu, avec 7 km\/h. Les valeurs seront de 25\u00b0C au plus bas et de 27\u00b0C au plus haut l&rsquo;apr\u00e8s-midi. Les temp\u00e9ratures s&rsquo;\u00e9chelonneront entre 23 et 25\u00b0C pendant la soir\u00e9e. Un vent de sud-ouest rafra\u00eechira quelque peu l&rsquo;atmosph\u00e8re.<\/p>\n<p>Pour la suite, le temps ne bougera pas. Des temp\u00e9ratures dans les 25\u00b0C accompagneront un ciel ensoleill\u00e9.<\/p>\n<p><\/p>\n","protected":false},"excerpt":{"rendered":"Cette journ\u00e9e rimera avec grand soleil pour Nice. Il fera 23\u00b0C en moyenne. Un vent de nord-est soufflera&hellip;\n","protected":false},"author":2,"featured_media":166894,"comment_status":"","ping_status":"","sticky":false,"template":"","format":"standard","meta":{"footnotes":""},"categories":[2819],"tags":[1111,11,2898,1777,674,1011,27,12,2401,883,2119,882,25],"class_list":{"0":"post-166893","1":"post","2":"type-post","3":"status-publish","4":"format-standard","5":"has-post-thumbnail","7":"category-nice","8":"tag-actu","9":"tag-actualites","10":"tag-alpes-maritimes","11":"tag-eu","12":"tag-europe","13":"tag-fr","14":"tag-france","15":"tag-news","16":"tag-nice","17":"tag-paca","18":"tag-previsions-meteo","19":"tag-provence-alpes-cote-dazur","20":"tag-republique-francaise"},"share_on_mastodon":{"url":"https:\/\/pubeurope.com\/@fr\/114661817290097799","error":""},"_links":{"self":[{"href":"https:\/\/www.europesays.com\/fr\/wp-json\/wp\/v2\/posts\/166893","targetHints":{"allow":["GET"]}}],"collection":[{"href":"https:\/\/www.europesays.com\/fr\/wp-json\/wp\/v2\/posts"}],"about":[{"href":"https:\/\/www.europesays.com\/fr\/wp-json\/wp\/v2\/types\/post"}],"author":[{"embeddable":true,"href":"https:\/\/www.europesays.com\/fr\/wp-json\/wp\/v2\/users\/2"}],"replies":[{"embeddable":true,"href":"https:\/\/www.europesays.com\/fr\/wp-json\/wp\/v2\/comments?post=166893"}],"version-history":[{"count":0,"href":"https:\/\/www.europesays.com\/fr\/wp-json\/wp\/v2\/posts\/166893\/revisions"}],"wp:featuredmedia":[{"embeddable":true,"href":"https:\/\/www.europesays.com\/fr\/wp-json\/wp\/v2\/media\/166894"}],"wp:attachment":[{"href":"https:\/\/www.europesays.com\/fr\/wp-json\/wp\/v2\/media?parent=166893"}],"wp:term":[{"taxonomy":"category","embeddable":true,"href":"https:\/\/www.europesays.com\/fr\/wp-json\/wp\/v2\/categories?post=166893"},{"taxonomy":"post_tag","embeddable":true,"href":"https:\/\/www.europesays.com\/fr\/wp-json\/wp\/v2\/tags?post=166893"}],"curies":[{"name":"wp","href":"https:\/\/api.w.org\/{rel}","templated":true}]}}