{"id":166895,"date":"2025-06-11T00:07:09","date_gmt":"2025-06-11T00:07:09","guid":{"rendered":"https:\/\/www.europesays.com\/fr\/166895\/"},"modified":"2025-06-11T00:07:09","modified_gmt":"2025-06-11T00:07:09","slug":"un-important-dispositif-aeromaritime-pour-securiser-lunoc-a-nice","status":"publish","type":"post","link":"https:\/\/www.europesays.com\/fr\/166895\/","title":{"rendered":"Un important dispositif a\u00e9romaritime pour s\u00e9curiser l\u2019UNOC \u00e0 Nice"},"content":{"rendered":"<p>\n      A l\u2019instar des Jeux Olympiques de l\u2019\u00e9t\u00e9 2024, dont les \u00e9preuves de voile s\u2019\u00e9taient d\u00e9roul\u00e9es \u00e0 Marseille, la pr\u00e9fecture maritime de la M\u00e9diterran\u00e9e mobilise un important dispositif de surveillance et de protection pour couvrir la Conf\u00e9rence des Nations unies sur l\u2019oc\u00e9an qui se d\u00e9roule cette semaine \u00e0 Nice.\n    <\/p>\n<p>L\u2019UNOC 3, la Conf\u00e9rence des Nations unies sur l\u2019oc\u00e9an qui se d\u00e9roule du 8 au 13 juin \u00e0 Nice, est plac\u00e9e sous tr\u00e8s haute surveillance. Il s\u2019agit en effet d\u2019un \u00e9v\u00e8nement de port\u00e9e mondiale avec des rencontres cons\u00e9quentes et la pr\u00e9sence de nombreux chefs d\u2019\u00c9tat et de gouvernement. Dans cette perspective, les autorit\u00e9s fran\u00e7aises ont mis en place un dispositif de surveillance et de s\u00e9curit\u00e9 de premier plan. Il combine des moyens a\u00e9riens, terrestres et maritimes, y compris de d\u00e9fense a\u00e9rienne et de lutte anti-drones.\u00a0<\/p>\n<p>Y participent de nombreux services de l\u2018\u00c9tat, \u00e0 commencer par les forces arm\u00e9es et de s\u00e9curit\u00e9 (arm\u00e9e de l\u2019Air, Marine nationale, Gendarmerie maritime et nationale&#8230;). La mise en \u0153uvre des moyens rel\u00e8ve, selon les comp\u00e9tences, de diff\u00e9rentes autorit\u00e9s, dont le pr\u00e9fet du D\u00e9partement des Alpes Maritimes et le pr\u00e9fet maritime de la M\u00e9diterran\u00e9e.\u00a0<\/p>\n<p>Ce dernier a notamment pris un arr\u00eat\u00e9 r\u00e8glementant\u00a0\u00ab\u00a0la navigation, le mouillage, la baignade et la plong\u00e9e sous-marine au droit du littoral des communes de Cagnes-sur-Mer, Saint-Laurent-du-Var, Nice, Villefranche-sur-Mer et Saint-Jean-Cap-Ferrat\u00a0\u00bb. Parall\u00e8lement, un dispositif particulier de surveillance maritime (DPSM) a \u00e9t\u00e9 mis en place. \u00ab\u00a0L\u2019arr\u00eat\u00e9 r\u00e8glementant la navigation permet d\u2019assurer la compatibilit\u00e9 des usages en mer avec les contraintes de s\u00e9curit\u00e9 li\u00e9es \u00e0 l\u2019\u00e9v\u00e8nement, pour lequel aucune menace ne doit s\u2019approcher. Il y a donc des p\u00e9rim\u00e8tres o\u00f9 la r\u00e8glementation et la tol\u00e9rance sont plus ou moins fortes. Il y a dans le m\u00eame temps un DPSM qui permet d\u2019\u00e9tablir une d\u00e9fense en rideaux et en profondeur, depuis le large jusqu\u2019\u00e0 la c\u00f4te\u00a0\u00bb, explique-t-on \u00e0 Mer et Marine de sources militaires.\u00a0<\/p>\n<p>\u00a0<\/p>\n<p>\u00a0<\/p>\n<p>Une fr\u00e9gate multi-missions (FREMM) de la Marine nationale est notamment positionn\u00e9e au large de Nice, assurant une capacit\u00e9 avanc\u00e9e de d\u00e9fense a\u00e9rienne avec son radar Herakles et ses missiles surface-air Aster. Elle compl\u00e8te le dispositif a\u00e9rien mobilis\u00e9 par l\u2019arm\u00e9e de l\u2019Air et assure \u00e9galement une veille du trafic maritime, et m\u00eame l\u2019activit\u00e9 sous la surface de l\u2019eau car les menaces peuvent \u00eatre multi-milieux. Puis, en se rapprochant du littoral, le DPSM s\u2019appuie sur des patrouilleurs de plusieurs administrations, et au plus pr\u00e8s des c\u00f4tes sur des moyens d\u2019interception nautique, tels des semi-rigides des fusiliers marins ou des gendarmes maritimes. Le dispositif est compl\u00e9t\u00e9 par des patrouilles et dispositifs de surveillance et d\u2019intervention le long du rivage.\u00a0<\/p>\n<p>En tout, plusieurs centaines d\u2019agents de l\u2019\u00c9tat, 14 administrations et 6 minist\u00e8res sont mobilis\u00e9s, dont le minist\u00e8re des Arm\u00e9es (Marine nationale, Gendarmerie maritime), le minist\u00e8re de l\u2019Int\u00e9rieur (Police nationale, Police maritime et a\u00e9roportuaire, Gendarmerie nationale), le minist\u00e8re du Budget et des Comptes publics (Douanes), le minist\u00e8re charg\u00e9 de la Mer (Affaires maritimes, Centre r\u00e9gional op\u00e9rationnel de surveillance et de sauvetage de la M\u00e9diterran\u00e9e), la police municipale de Nice, le service d\u00e9partemental d\u2019incendie et de secours des Alpes Maritimes (SDIS 06) qui dispose de moyens nautiques, le minist\u00e8re de la Sant\u00e9 (SAMU de coordination m\u00e9dicale maritime) et m\u00eame le minist\u00e8re de la Culture avec le D\u00e9partement des recherches arch\u00e9ologiques subaquatiques et sous-marines (DRASSM) et son navire amiral, l\u2019Alfred Merlin, \u00e0 partir duquel peuvent \u00eatre conduites des op\u00e9rations sous-marines. A ces services de l\u2019\u00c9tat s\u2019ajoutent d\u2019autres organismes comme les sauveteurs en mer de la SNSM.\u00a0<\/p>\n<p>\u00a0<\/p>\n<p>      Moyens d&rsquo;interception c\u00f4tiers d\u00e9ploy\u00e9s pour l&rsquo;UNOC.\u00a0<\/p>\n<p>\u00a0<\/p>\n<p>      Moyens d&rsquo;interception c\u00f4tiers d\u00e9ploy\u00e9s pour l&rsquo;UNOC.\u00a0<\/p>\n<p>\u00a0<\/p>\n<p>      Moyens d&rsquo;interception c\u00f4tiers d\u00e9ploy\u00e9s pour l&rsquo;UNOC.\u00a0<\/p>\n<p>\u00a0<\/p>\n<p>Car au-del\u00e0 de l\u2019aspect s\u00e9curitaire et militaire, visant en premier lieu \u00e0 ce qu\u2019aucune attaque terroriste ou commandit\u00e9e par un pays hostile ne soit men\u00e9e contre le sommet, ou que des activistes viennent le perturber, ce dispositif comprend \u00e9galement un important volet de secours en mer.\u00a0<\/p>\n<p>C\u2019est dans cette perspective que s\u2019est d\u2019ailleurs d\u00e9roul\u00e9 le 26 mars, au large de Menton et de Monaco, l\u2019exercice SAMAR MED 25, qui a fait partie de la mont\u00e9e en puissance du dispositif a\u00e9rien et maritime de s\u00e9curit\u00e9 et de secours mis en place \u00e0 l\u2019occasion de l\u2019UNOC 3. Organis\u00e9 par la pr\u00e9fecture maritime de la M\u00e9diterran\u00e9e, en coop\u00e9ration avec la pr\u00e9fecture des Alpes Maritimes mais aussi la principaut\u00e9 de Monaco, qui a accueilli les 7 et 8 juin <a href=\"https:\/\/www.meretmarine.com\/fr\/marine-marchande\/avant-l-unoc-de-nice-un-forum-pour-allier-finance-et-protection-des-oceans-a-monaco\" target=\"_blank\" rel=\"noopener\">le Blue Economy and Finance Forum (BEFF)<\/a>, cet exercice avait pour objectif d\u2019entrainer la chaine de commandement et de secours \u00e0 la gestion d\u2019une \u00e9ventuelle crise majeure durant l\u2019\u00e9v\u00e8nement. Le sc\u00e9nario retenu portait sur un crash a\u00e9rien en mer suite \u00e0 la collision entre un h\u00e9licopt\u00e8re militaire de type Puma mobilis\u00e9 pour l\u2019UNOC (avec 10 personnes \u00e0 bord, dont des \u00ab\u00a0VIP\u00a0\u00bb) et un avion de ligne A320 faisant la liaison Venise-Nice avec 106 passagers. Un accident de grande ampleur n\u00e9cessitant l\u2019activation du niveau le plus \u00e9lev\u00e9 du plan ORSEC Maritime, le niveau 3, avec une mobilisation maximale du syst\u00e8me de gestion de crise et de la cha\u00eene de secours. Le tout dans une zone transfrontali\u00e8re n\u00e9cessitant de travailler avec les pays voisins, ce que permettent diff\u00e9rents accords conclus avec Monaco, l\u2019Italie ou encore l\u2019Espagne pour la fa\u00e7ade m\u00e9diterran\u00e9enne et qui donnent d\u2019ailleurs lieu \u00e0 des exercices r\u00e9guliers.\u00a0<\/p>\n<p>\u00a0<\/p>\n<p>      Vedettes de la SNSM et de la Gendarmerie maritime lors de l&rsquo;exercice SARMED.\u00a0<\/p>\n<p>\u00a0<\/p>\n<p>\n                  Diaporama                <\/p>\n<p>Durant l&rsquo;exercice SARMED, qui s&rsquo;est d\u00e9roul\u00e9 le 26 mars au large de Menton et de Monaco.<\/p>\n<p>\u00a0<\/p>\n<p>      Le remorqueur d&rsquo;intervention, d&rsquo;assistance et de sauvetage (RIAS) Abeille M\u00e9diterran\u00e9e avec un h\u00e9licopt\u00e8re H160 de la Marine nationale lors de l&rsquo;exercice SARMED.\u00a0<\/p>\n<p>\u00a0<\/p>\n<p>Le sc\u00e9nario retenu pour SAMAR MED 25 est int\u00e9ressant car il permet de comprendre, en cas de catastrophe de ce type, les diff\u00e9rents niveuax d&rsquo;alerte et de d\u00e9cision. Ainsi, l\u2019a\u00e9roport de Nice, constatant la perte du contact radar et radio avec les appareils alors en approche, rendrait compte au bureau de transmission des infos en vol (BITV) d\u2019Aix-en Provence, qui alerterait imm\u00e9diatement le Centre de coordination de sauvetage a\u00e9rien (Air Rescue Coordination Center \u2013 ARCC) de Lyon &#8211; Mont Verdun. Parall\u00e8lement, car les alertes peuvent provenir de diff\u00e9rentes sources et \u00eatre agr\u00e9g\u00e9es pour v\u00e9rifier une situation d\u2019urgence, dans le sc\u00e9nario de l\u2019exercice qui s\u2019est d\u00e9roul\u00e9 en mars, le s\u00e9maphore de la Marine nationale \u00e0 Saint-Jean Cap Ferrat avait aussi un visuel sur l\u2019accident, constatant une explosion et des fum\u00e9es en mer. ce qui a conduit le s\u00e9maphore \u00e0 alerter le CROSS MED, alors que le Centre de supervision et de commandement op\u00e9rationnel de la Direction de la s\u00fbret\u00e9 publique de la principaut\u00e9 de Monaco \u00e9tait alert\u00e9 par un t\u00e9moin depuis la c\u00f4te.\u00a0<\/p>\n<p>L\u2019ARCC, install\u00e9 sur la base a\u00e9rienne 942 de l\u2019arm\u00e9e de l\u2019Air et de l\u2019Espace, demanderait alors l\u2019ouverture d\u2019une op\u00e9ration SAR (Search and Rescue) \u00e0 la Haute autorit\u00e9 de d\u00e9fense a\u00e9rienne (HADA). Et comme la zone probable d\u2019accident est exclusivement maritime, l\u2019ARCC d\u00e9l\u00e8guerait les op\u00e9rations de recherche et de sauvetage au Centre des op\u00e9rations de la M\u00e9diterran\u00e9e (CENTOPS MED) de la Marine nationale \u00e0 Toulon, au titre de la comp\u00e9tence de ce dernier comme ARSC (Air Rescue Secondary Center).\u00a0<\/p>\n<p>Le dispositif ORSEC Maritime serait alors activ\u00e9 par le pr\u00e9fet maritime qui, en coordination avec le pr\u00e9fet de r\u00e9gion, prendrait la direction des op\u00e9rations de secours en mer, jusqu\u2019au recueil des naufrag\u00e9s \u00e0 la c\u00f4te. G\u00e9r\u00e9 depuis un centre de crise, un tel dispositif n\u00e9cessiterait des moyens a\u00e9riens et maritimes tr\u00e8s cons\u00e9quents, provenant de diff\u00e9rents services de l\u2019\u00c9tat, d\u2019organismes comme la SNSM et au besoin de moyens priv\u00e9s d\u00e9rout\u00e9s sur zone pour participer \u00e0 la recherche, au recueil, \u00e0 l\u2019\u00e9vacuation et la prise en charge vers la c\u00f4te de naufrag\u00e9s et bless\u00e9s.\u00a0<\/p>\n<p><strong>\u00a9 Un article de la r\u00e9daction de Mer et Marine.\u00a0Reproduction interdite sans consentement du ou des auteurs.<\/strong><\/p>\n<p>\u00a0<\/p>\n","protected":false},"excerpt":{"rendered":"A l\u2019instar des Jeux Olympiques de l\u2019\u00e9t\u00e9 2024, dont les \u00e9preuves de voile s\u2019\u00e9taient d\u00e9roul\u00e9es \u00e0 Marseille, la&hellip;\n","protected":false},"author":2,"featured_media":166896,"comment_status":"","ping_status":"","sticky":false,"template":"","format":"standard","meta":{"footnotes":""},"categories":[2819],"tags":[1111,11,6130,6141,6131,6138,2380,6135,554,1777,6136,674,1011,27,6139,6134,3135,6128,567,6129,6127,12,2401,6132,4838,882,6133,25,6140,6137],"class_list":{"0":"post-166895","1":"post","2":"type-post","3":"status-publish","4":"format-standard","5":"has-post-thumbnail","7":"category-nice","8":"tag-actu","9":"tag-actualites","10":"tag-chantiers","11":"tag-commando","12":"tag-construction-navale","13":"tag-costa","14":"tag-croisiere","15":"tag-dcns","16":"tag-defense","17":"tag-eu","18":"tag-euronaval","19":"tag-europe","20":"tag-fr","21":"tag-france","22":"tag-fremm","23":"tag-interviews","24":"tag-littoral","25":"tag-marine","26":"tag-marine-nationale","27":"tag-maritime","28":"tag-mer","29":"tag-news","30":"tag-nice","31":"tag-offshore","32":"tag-peche","33":"tag-provence-alpes-cote-dazur","34":"tag-reportages","35":"tag-republique-francaise","36":"tag-sncm","37":"tag-stx"},"share_on_mastodon":{"url":"https:\/\/pubeurope.com\/@fr\/114661821249837970","error":""},"_links":{"self":[{"href":"https:\/\/www.europesays.com\/fr\/wp-json\/wp\/v2\/posts\/166895","targetHints":{"allow":["GET"]}}],"collection":[{"href":"https:\/\/www.europesays.com\/fr\/wp-json\/wp\/v2\/posts"}],"about":[{"href":"https:\/\/www.europesays.com\/fr\/wp-json\/wp\/v2\/types\/post"}],"author":[{"embeddable":true,"href":"https:\/\/www.europesays.com\/fr\/wp-json\/wp\/v2\/users\/2"}],"replies":[{"embeddable":true,"href":"https:\/\/www.europesays.com\/fr\/wp-json\/wp\/v2\/comments?post=166895"}],"version-history":[{"count":0,"href":"https:\/\/www.europesays.com\/fr\/wp-json\/wp\/v2\/posts\/166895\/revisions"}],"wp:featuredmedia":[{"embeddable":true,"href":"https:\/\/www.europesays.com\/fr\/wp-json\/wp\/v2\/media\/166896"}],"wp:attachment":[{"href":"https:\/\/www.europesays.com\/fr\/wp-json\/wp\/v2\/media?parent=166895"}],"wp:term":[{"taxonomy":"category","embeddable":true,"href":"https:\/\/www.europesays.com\/fr\/wp-json\/wp\/v2\/categories?post=166895"},{"taxonomy":"post_tag","embeddable":true,"href":"https:\/\/www.europesays.com\/fr\/wp-json\/wp\/v2\/tags?post=166895"}],"curies":[{"name":"wp","href":"https:\/\/api.w.org\/{rel}","templated":true}]}}