{"id":166897,"date":"2025-06-11T00:08:09","date_gmt":"2025-06-11T00:08:09","guid":{"rendered":"https:\/\/www.europesays.com\/fr\/166897\/"},"modified":"2025-06-11T00:08:09","modified_gmt":"2025-06-11T00:08:09","slug":"previsions-du-mercredi-11-juin-2025-8","status":"publish","type":"post","link":"https:\/\/www.europesays.com\/fr\/166897\/","title":{"rendered":"pr\u00e9visions du mercredi 11 juin 2025"},"content":{"rendered":"<p>Nantes aura la chance de pouvoir profiter d&rsquo;une belle journ\u00e9e ensoleill\u00e9e. Les temp\u00e9ratures iront de 14 \u00e0 33\u00b0C. Le matin, on pr\u00e9voit des valeurs d&rsquo;environ 23\u00b0C. Un vent d&rsquo;est, enregistrant 21 km\/h, soufflera. L&rsquo;air ambiant va se r\u00e9chauffer l&rsquo;apr\u00e8s-midi avec une hausse de plusieurs degr\u00e9s. Attention \u00e0 la vague de chaleur. Des temp\u00e9ratures de 30 \u00e0 33\u00b0C sont attendues. Des \u00e9claircies sont attendues : on passera une soir\u00e9e cl\u00e9mente. On pr\u00e9voit une nuit claire entre mercredi et jeudi.<\/p>\n<p>Demain, une chute du mercure est \u00e0 craindre \u00e0 Nantes. Il va faire environ 21\u00b0C. Une l\u00e9g\u00e8re brise de sud-ouest sera ressentie par les habitants. Le soleil se montrerait plus t\u00f4t dans la matin\u00e9e si des nuages n&rsquo;\u00e9taient pas pr\u00e9sents dans le ciel. Des pluies \u00e9parses vont tomber sur la ville. Le thermom\u00e8tre affichera 21\u00b0C en moyenne. L&rsquo;apr\u00e8s-midi qui s&rsquo;annonce, promet d&rsquo;\u00eatre superbe et ensoleill\u00e9 ! Les temp\u00e9ratures vont conna\u00eetre une augmentation de quelques degr\u00e9s. Les maximales pourront atteindre 26\u00b0C et les minimales seront de 23\u00b0C. Il fera 19\u00b0C en moyenne demain soir.<\/p>\n<p>La m\u00e9t\u00e9o sera pluvieuse vendredi mais elle conna\u00eetra une am\u00e9lioration samedi.<\/p>\n<p><\/p>\n","protected":false},"excerpt":{"rendered":"Nantes aura la chance de pouvoir profiter d&rsquo;une belle journ\u00e9e ensoleill\u00e9e. Les temp\u00e9ratures iront de 14 \u00e0 33\u00b0C.&hellip;\n","protected":false},"author":2,"featured_media":166898,"comment_status":"","ping_status":"","sticky":false,"template":"","format":"standard","meta":{"footnotes":""},"categories":[2818],"tags":[1111,11,1777,674,1011,27,3047,766,12,2636,2119,25],"class_list":{"0":"post-166897","1":"post","2":"type-post","3":"status-publish","4":"format-standard","5":"has-post-thumbnail","7":"category-nantes","8":"tag-actu","9":"tag-actualites","10":"tag-eu","11":"tag-europe","12":"tag-fr","13":"tag-france","14":"tag-loire-atlantique","15":"tag-nantes","16":"tag-news","17":"tag-pays-de-la-loire","18":"tag-previsions-meteo","19":"tag-republique-francaise"},"share_on_mastodon":{"url":"https:\/\/pubeurope.com\/@fr\/114661825161375186","error":""},"_links":{"self":[{"href":"https:\/\/www.europesays.com\/fr\/wp-json\/wp\/v2\/posts\/166897","targetHints":{"allow":["GET"]}}],"collection":[{"href":"https:\/\/www.europesays.com\/fr\/wp-json\/wp\/v2\/posts"}],"about":[{"href":"https:\/\/www.europesays.com\/fr\/wp-json\/wp\/v2\/types\/post"}],"author":[{"embeddable":true,"href":"https:\/\/www.europesays.com\/fr\/wp-json\/wp\/v2\/users\/2"}],"replies":[{"embeddable":true,"href":"https:\/\/www.europesays.com\/fr\/wp-json\/wp\/v2\/comments?post=166897"}],"version-history":[{"count":0,"href":"https:\/\/www.europesays.com\/fr\/wp-json\/wp\/v2\/posts\/166897\/revisions"}],"wp:featuredmedia":[{"embeddable":true,"href":"https:\/\/www.europesays.com\/fr\/wp-json\/wp\/v2\/media\/166898"}],"wp:attachment":[{"href":"https:\/\/www.europesays.com\/fr\/wp-json\/wp\/v2\/media?parent=166897"}],"wp:term":[{"taxonomy":"category","embeddable":true,"href":"https:\/\/www.europesays.com\/fr\/wp-json\/wp\/v2\/categories?post=166897"},{"taxonomy":"post_tag","embeddable":true,"href":"https:\/\/www.europesays.com\/fr\/wp-json\/wp\/v2\/tags?post=166897"}],"curies":[{"name":"wp","href":"https:\/\/api.w.org\/{rel}","templated":true}]}}