{"id":166913,"date":"2025-06-11T00:16:13","date_gmt":"2025-06-11T00:16:13","guid":{"rendered":"https:\/\/www.europesays.com\/fr\/166913\/"},"modified":"2025-06-11T00:16:13","modified_gmt":"2025-06-11T00:16:13","slug":"a-marseille-lancement-de-la-sca-fonciere-bellevilles","status":"publish","type":"post","link":"https:\/\/www.europesays.com\/fr\/166913\/","title":{"rendered":"\u00c0 Marseille, lancement de la SCA \u201cFonci\u00e8re Bellevilles\u201d"},"content":{"rendered":"<p>                    <img loading=\"lazy\" decoding=\"async\" src=\"https:\/\/www.europesays.com\/fr\/wp-content\/uploads\/2025\/06\/22252a58aadffbee78681ebdb501ac.png\" class=\"img-responsive post-image\" width=\"680\" height=\"510\" alt=\"\u00c0 Marseille, lancement de\" title=\"\u00c0 Marseille, lancement de la SCA \u201cFonci\u00e8re Bellevilles\u201d\"\/><\/p>\n<p class=\"chapo\">Une nouvelle soci\u00e9t\u00e9 d\u2019investissement d\u00e9di\u00e9e \u00e0 l\u2019immobilier solidaire.<\/p>\n<p>Bellevilles lance la SCA (soci\u00e9t\u00e9 en commandite par action) Fonci\u00e8re Bellevilles, une nouvelle soci\u00e9t\u00e9 d\u2019investissement d\u00e9di\u00e9e \u00e0 l\u2019immobilier solidaire pour acc\u00e9l\u00e9rer, p\u00e9renniser et amplifier les projets qui transforment les territoires gr\u00e2ce \u00e0 la mobilisation de l\u2019\u00e9pargne citoyenne et institutionnelle. \u00c0 l\u2019occasion de ce lancement, la Fonci\u00e8re Bellevilles s\u2019associe \u00e0 FEVE, fonci\u00e8re agricole qui facilite l\u2019acc\u00e8s au foncier pour la nouvelle g\u00e9n\u00e9ration d\u2019agricultrices et agriculteurs gr\u00e2ce \u00e0 des outils d\u2019investissement engag\u00e9s. Une soir\u00e9e commune \u00e0 Marseille pour croiser deux approches du foncier solidaire et faire entendre les voix de celles et ceux qui changent le territoire.<\/p>\n<p>Au programme <\/p>\n<p>Visite du lieu, pr\u00e9sentation de la Fonci\u00e8re Bellevilles et de FEVE, t\u00e9moignages de porteurs de projet, toast collectif (la programmation compl\u00e8te sera d\u00e9voil\u00e9e bient\u00f4t). La SCA Fonci\u00e8re Bellevilles est une soci\u00e9t\u00e9 non cot\u00e9e, agr\u00e9\u00e9e ESUS et labellis\u00e9e Finansol. L\u2019investissement prend la forme d\u2019actions, accessibles d\u00e8s 100\u20ac. Il s\u2019agit d\u2019un placement \u00e0 long terme, avec une dur\u00e9e conseill\u00e9e de dix ans. Les actifs immobiliers repr\u00e9sentent 85\u00a0% du portefeuille de la soci\u00e9t\u00e9. Un avantage fiscal de 25\u00a0% (IR-PME ESUS) est \u00e9galement propos\u00e9 aux investisseurs.<br class=\"autobr\"\/><br \/>\n<strong>Le mardi 17 juin &#8211; \u00c0 partir de 19h30 &#8211; Tiers-Lab des Transitions LICA, 15 Boulevard L\u00e9glize, 13004 Marseille. <\/strong> <br class=\"autobr\"\/><br \/>\n<a href=\"https:\/\/www.lica-europe.org\/event-details\/soiree-fonciere-bellevilles-feve\" class=\"spip_out\" rel=\"external nofollow noopener\" target=\"_blank\">Inscription obligatoire \u2013 places limit\u00e9es.<\/a><\/p>\n<p>Photo de Une \u00a9 SCA \u201cFonci\u00e8re Bellevilles\u201d<\/p>\n","protected":false},"excerpt":{"rendered":"Une nouvelle soci\u00e9t\u00e9 d\u2019investissement d\u00e9di\u00e9e \u00e0 l\u2019immobilier solidaire. Bellevilles lance la SCA (soci\u00e9t\u00e9 en commandite par action) Fonci\u00e8re&hellip;\n","protected":false},"author":2,"featured_media":166914,"comment_status":"","ping_status":"","sticky":false,"template":"","format":"standard","meta":{"footnotes":""},"categories":[2814],"tags":[1111,11,2408,1777,674,1011,27,884,12,882,25],"class_list":{"0":"post-166913","1":"post","2":"type-post","3":"status-publish","4":"format-standard","5":"has-post-thumbnail","7":"category-marseille","8":"tag-actu","9":"tag-actualites","10":"tag-appels-d","11":"tag-eu","12":"tag-europe","13":"tag-fr","14":"tag-france","15":"tag-marseille","16":"tag-news","17":"tag-provence-alpes-cote-dazur","18":"tag-republique-francaise"},"share_on_mastodon":{"url":"https:\/\/pubeurope.com\/@fr\/114661856645978544","error":""},"_links":{"self":[{"href":"https:\/\/www.europesays.com\/fr\/wp-json\/wp\/v2\/posts\/166913","targetHints":{"allow":["GET"]}}],"collection":[{"href":"https:\/\/www.europesays.com\/fr\/wp-json\/wp\/v2\/posts"}],"about":[{"href":"https:\/\/www.europesays.com\/fr\/wp-json\/wp\/v2\/types\/post"}],"author":[{"embeddable":true,"href":"https:\/\/www.europesays.com\/fr\/wp-json\/wp\/v2\/users\/2"}],"replies":[{"embeddable":true,"href":"https:\/\/www.europesays.com\/fr\/wp-json\/wp\/v2\/comments?post=166913"}],"version-history":[{"count":0,"href":"https:\/\/www.europesays.com\/fr\/wp-json\/wp\/v2\/posts\/166913\/revisions"}],"wp:featuredmedia":[{"embeddable":true,"href":"https:\/\/www.europesays.com\/fr\/wp-json\/wp\/v2\/media\/166914"}],"wp:attachment":[{"href":"https:\/\/www.europesays.com\/fr\/wp-json\/wp\/v2\/media?parent=166913"}],"wp:term":[{"taxonomy":"category","embeddable":true,"href":"https:\/\/www.europesays.com\/fr\/wp-json\/wp\/v2\/categories?post=166913"},{"taxonomy":"post_tag","embeddable":true,"href":"https:\/\/www.europesays.com\/fr\/wp-json\/wp\/v2\/tags?post=166913"}],"curies":[{"name":"wp","href":"https:\/\/api.w.org\/{rel}","templated":true}]}}