{"id":166919,"date":"2025-06-11T00:19:40","date_gmt":"2025-06-11T00:19:40","guid":{"rendered":"https:\/\/www.europesays.com\/fr\/166919\/"},"modified":"2025-06-11T00:19:40","modified_gmt":"2025-06-11T00:19:40","slug":"interview-lyon-place-bellecour-vegetalisation-espaces-verts-ladjoint-gautier-chapuis-repond","status":"publish","type":"post","link":"https:\/\/www.europesays.com\/fr\/166919\/","title":{"rendered":"Interview. Lyon. Place Bellecour, v\u00e9g\u00e9talisation, espaces verts&#8230; L&rsquo;adjoint Gautier Chapuis r\u00e9pond"},"content":{"rendered":"<p>            Par<br \/>\n        <strong><br \/>\n            <a href=\"https:\/\/actu.fr\/auteur\/nicolas-zaugra\" title=\"Consulter tous les articles de Nicolas Zaugra\" target=\"_blank\" rel=\"noopener\">Nicolas Zaugra<\/a><br \/>\n        <\/strong><\/p>\n<p>        Publi\u00e9 le<\/p>\n<p>            10 juin 2025 \u00e0 17h34        <\/p>\n<p>L\u2019adjoint \u00e9cologiste est en premi\u00e8re ligne depuis le d\u00e9but du mandat : proche du maire <a href=\"https:\/\/actu.fr\/tag\/gregory-doucet\" target=\"_blank\" rel=\"noopener\">Gr\u00e9gory Doucet<\/a>, <strong>Gautier Chapuis<\/strong>, adjoint en charge de la v\u00e9g\u00e9talisation, biodiversit\u00e9, condition animale et alimentation, est aussi co-pr\u00e9sident du groupe de la majorit\u00e9 au conseil municipal. L\u2019\u00e9lu fait le point avec actu Lyon sur un sujet majeur de ce mandat : <strong>la v\u00e9g\u00e9talisation<\/strong>. Nombre d\u2019arbres plant\u00e9s \u00e0 <a href=\"https:\/\/actu.fr\/auvergne-rhone-alpes\/lyon_69123\" target=\"_blank\" rel=\"noopener\">Lyon<\/a>, avenir de la place Bellecour, v\u00e9g\u00e9talisation de la Presqu\u2019\u00eele et du Vieux-Lyon, entretien des espaces verts\u2026 <strong>Interview<\/strong>.<\/p>\n<p>\u00ab\u00a028 hectares de v\u00e9g\u00e9talisation gagn\u00e9s sur le bitume sur tout le mandat\u00a0\u00bb<\/p>\n<p class=\"ac-article-content__question wall-content\"><strong class=\"color-primary\">Actu : <\/strong>Nous approchons de la fin du mandat, quel bilan d\u00e9fendez-vous sur la v\u00e9g\u00e9talisation de Lyon ? C&rsquo;\u00e9tait une immense attente des Lyonnais&#8230;<\/p>\n<p class=\" wall-content\"><strong class=\"color-primary\">Gautier Chapuis : <\/strong>Les trois axes \u00e0 retenir \u00e0 Lyon : on v\u00e9g\u00e9talise davantage, diff\u00e9remment et avec les habitants, ce qui est nouveau. <\/p>\n<p>Notre action de v\u00e9g\u00e9taliser prend en compte les enjeux de la sant\u00e9, on ne le fait pas uniquement pour des raisons esth\u00e9tiques ou juste pour rafraichir. La Ville de Lyon a pu r\u00e9cup\u00e9rer 14 hectares de pleine terre avec de nouvelles zones v\u00e9g\u00e9talis\u00e9es \u00e0 la place du bitume. Nous avons plant\u00e9 plus de 7 000 arbres depuis 2020.<\/p>\n<p class=\"ac-article-content__question wall-content\">Votre promesse est de planter 10 000 nouveaux arbres \u00e0 Lyon d&rsquo;ici la fin du mandat. O\u00f9 en \u00eates-vous ? <\/p>\n<p class=\" wall-content\"><strong class=\"color-primary\">GC : <\/strong>L&rsquo;objectif est de 100 000 arbres au total dans Lyon d&rsquo;ici 2030 dans le patrimoine v\u00e9g\u00e9tal, on y sera d&rsquo;ailleurs avant, d&rsquo;ici fin 2026-2027. Nous sommes entre 7 000 et 7 500 arbres nouveaux plant\u00e9s depuis 2020. Nous plantons deux fois plus d&rsquo;arbres par saison qu&rsquo;au mandat pr\u00e9c\u00e9dent, entre 1 300 et 1 700 par saison.<\/p>\n<p class=\"ac-article-content__question wall-content\">Les 14 hectares de v\u00e9g\u00e9talisation gagn\u00e9s sur le bitume, c&rsquo;est le chiffre que vous avancez. C&rsquo;est un peu plus de deux fois la place Bellecour sur une ville de 4 800 hectares. C&rsquo;est assez peu finalement, non ?<\/p>\n<p class=\" wall-content\"><strong class=\"color-primary\">GC : <\/strong>C&rsquo;est pratiquement autant que le parc Blandan. Nous sommes sur un grand parc sur l&rsquo;ensemble de la ville. Chaque hectare r\u00e9cup\u00e9r\u00e9 est incroyable dans une ville tr\u00e8s urbanis\u00e9e. C&rsquo;est 14 hectares net, en arr\u00eatant de b\u00e9tonner la ville. Il y a eu les rues des enfants, des cours v\u00e9g\u00e9tales dans 39 cr\u00e8ches et 40 \u00e9coles&#8230;<\/p>\n<p>On sera \u00e0 plus de 28 hectares gagn\u00e9s \u00e0 la fin du mandat, en r\u00e9alit\u00e9. C&rsquo;est le parc Blandan et le parc de Gerland additionn\u00e9s en un seul mandat. Nous avons lanc\u00e9 d&rsquo;autres projets comme le parc des Balmes qui sortira de terre au prochain mandat, la rive droite du Rh\u00f4ne&#8230;<\/p>\n<p>    <img   decoding=\"async\" loading=\"lazy\" src=\"https:\/\/www.europesays.com\/fr\/wp-content\/uploads\/2025\/06\/cour-decole-vegetalisee-lyon-960x640.jpg\" alt=\"Une cour d'\u00e9cole v\u00e9g\u00e9talis\u00e9e dans le 6e arrondissement de Lyon.\" width=\"960\" height=\"640\"\/><br \/>\n    Une cour d\u2019\u00e9cole v\u00e9g\u00e9talis\u00e9e dans le 6e arrondissement de Lyon. (\u00a9Nicolas Zaugra\/ actu Lyon)\u00ab\u00a0Dans les rues du 6e arrondissement, on pourrait aller plus loin\u2026\u00a0\u00bb<\/p>\n<p class=\"ac-article-content__question wall-content\">Vous d\u00e9fendez un bilan de v\u00e9g\u00e9talisation par arrondissement. En avril, on apprenait que seulement 218 m2 ont \u00e9t\u00e9 v\u00e9g\u00e9talis\u00e9s l&rsquo;hiver dernier dans le 6e, contre 3 346 m2 dans le 3e. Pourquoi ? C&rsquo;est le grand oubli\u00e9 de votre politique ?<\/p>\n<p class=\" wall-content\"><strong class=\"color-primary\">GC : <\/strong>Ce n&rsquo;est pas un arrondissement oubli\u00e9. Nous investissons 15 millions d&rsquo;euros au parc de la T\u00eate d&rsquo;or avec la r\u00e9novation des petites serres et notre travail sur le zoo. Notre action a \u00e9t\u00e9 prioritaire sur les secteurs carenc\u00e9s, ceux o\u00f9 il y a des passages en masse d&rsquo;habitants&#8230;<br \/>La part belle de l&rsquo;investissement a \u00e9t\u00e9 mise dans le 8e, le 7e et le 3e. Le 6e a un grand parc, les berges du Rh\u00f4ne et il y a le beau projet de la place Edgar Quinet, m\u00eame si on voulait aller plus loin en pi\u00e9tonisant devant l&rsquo;\u00e9glise. <\/p>\n<p>Dans les rues du 6e, on pourrait aller plus loin mais on reste respectueux des souhaits de la mairie d&rsquo;arrondissement. La voirie est aujourd&rsquo;hui r\u00e9serv\u00e9e \u00e0 70% aux voitures, il faut prendre l&rsquo;espace quelque part&#8230;<\/p>\n<p>Deux places v\u00e9g\u00e9talis\u00e9es dans le Vieux Lyon cet automne<\/p>\n<p class=\"ac-article-content__question wall-content\">Sur le Vieux-Lyon, o\u00f9 en \u00eates-vous ? C&rsquo;est un secteur historique difficile \u00e0 v\u00e9g\u00e9taliser, surtout devant la cath\u00e9drale&#8230;<\/p>\n<p class=\" wall-content\"><strong class=\"color-primary\">GC : <\/strong>C&rsquo;est possible de v\u00e9g\u00e9taliser ce secteur, \u00e7a a pris beaucoup de temps. Nous sommes dans une d\u00e9marche novatrice avec les architectes des b\u00e2timents de France. Avant la fin de ce mandat, nous allons v\u00e9g\u00e9taliser de mani\u00e8re exp\u00e9rimentale deux espaces dans le Vieux-Lyon. <\/p>\n<p>Deux places seront v\u00e9g\u00e9talis\u00e9es que nous devons trancher avec la mairie d&rsquo;arrondissement. Ce n&rsquo;est pas la place Saint-Jean \u00e0 ce stade. Le chantier aura lieu \u00e0 l&rsquo;automne 2025.<\/p>\n<p>Une r\u00e9flexion en cours sur la v\u00e9g\u00e9talisation de Bellecour<\/p>\n<p class=\"ac-article-content__question wall-content\">Sur la Presqu&rsquo;\u00eele, quel bilan d\u00e9fendez-vous en mati\u00e8re de v\u00e9g\u00e9talisation ? Que reste-t-il \u00e0 faire d&rsquo;ici \u00e0 2026 ?<\/p>\n<p class=\" wall-content\"><strong class=\"color-primary\">GC : <\/strong>Nous avons v\u00e9g\u00e9talis\u00e9 plusieurs rues (Ferrandi\u00e8re, Quatre Chapeaux, \u00c9mile-Zola, place des Jacobins&#8230;). La Presqu&rsquo;\u00eele est un enjeu fort avec beaucoup de contraintes comme les r\u00e9seaux, la logistique, les parkings, les m\u00e9tros. Le bilan est assez important en v\u00e9g\u00e9talisant autant sur un secteur si contraint.<\/p>\n<p>Il restera encore la partie nord de la Presqu&rsquo;\u00eele autour de la Martini\u00e8re, le projet avance. Nous allons v\u00e9g\u00e9taliser la Rue Joseph-Serlin, le long de l&rsquo;H\u00f4tel de ville. <\/p>\n<p>Nous esp\u00e9rons aussi pouvoir planter quelques arbres sur la rue \u00c9douard-Herriot, c\u00f4t\u00e9 place des Terreaux, la Voie lyonnaise qui passera rue de la Barre apr\u00e8s 2026 et qui permettra de v\u00e9g\u00e9taliser&#8230;<\/p>\n<p class=\"ac-article-content__question wall-content\">La place Bellecour est un sujet clivant \u00e0 Lyon. Vous aviez promis une v\u00e9g\u00e9talisation de la place Bellecour dans le cadre du budget participatif. Finalement, c&rsquo;est une \u0153uvre \u00e9ph\u00e9m\u00e8re. Il y a de la d\u00e9ception. Que r\u00e9pondez-vous aux critiques ?<\/p>\n<p class=\" wall-content\"><strong class=\"color-primary\">GC : <\/strong>C&rsquo;est une premi\u00e8re \u00e9tape. Le prisme a \u00e9t\u00e9 donn\u00e9 sur la v\u00e9g\u00e9talisation mais c&rsquo;est une addition d&rsquo;id\u00e9es o\u00f9 il n&rsquo;y a pas que \u00e7a (changer les usagers, apporter de la fraicheur&#8230;). Le projet n&rsquo;est pas termin\u00e9. Quand on parle v\u00e9g\u00e9talisation, les gens imaginent des arbres mais il y a le parking, le m\u00e9tro&#8230; <\/p>\n<p>Nous sommes toujours \u00e0 l&rsquo;\u00e9tude pour v\u00e9g\u00e9taliser la travers\u00e9e pi\u00e9tonne nord. Nous allons v\u00e9g\u00e9taliser sous les ch\u00eanes existants avec des plantations basses d&rsquo;ici 2026. <\/p>\n<p>    <img   decoding=\"async\" loading=\"lazy\" src=\"https:\/\/www.europesays.com\/fr\/wp-content\/uploads\/2025\/06\/place-bellecour-lyon-960x640.jpeg\" alt=\"La place Bellecour sera davantage v\u00e9g\u00e9talis\u00e9e gr\u00e2ce au budget participatif de la Ville de Lyon.\" width=\"960\" height=\"640\"\/><br \/>\n    La place Bellecour sera davantage v\u00e9g\u00e9talis\u00e9e \u00e0 droite sur la photo (en dessous des arbres existants). (\u00a9Adobestock)\u00ab\u00a0Notre mani\u00e8re d\u2019entretenir les espaces verts est la bonne\u00a0\u00bb<\/p>\n<p class=\"ac-article-content__question wall-content\">Il y a un sujet qui revient beaucoup chez les Lyonnais : ils sont pour plus d&rsquo;espaces verts mais ils ne sont pas assez entretenus selon certains. Quelles actions menez-vous pour am\u00e9liorer \u00e7a ?<\/p>\n<p class=\" wall-content\"><strong class=\"color-primary\">GC : <\/strong>Il y a deux choses : est-ce que cela vient des incivilit\u00e9s ou de l&rsquo;image que l&rsquo;on a de l&rsquo;entretien des espaces verts ? Il y a une coordination avec la M\u00e9tropole pour le nettoyage sur ces nouveaux espaces. C&rsquo;est une discussion quotidienne avec le d\u00e9ploiement de plus de moyens et de r\u00e9organisation. Nous entretenons davantage, il y a plus de passages.<\/p>\n<p>Sur l&rsquo;entretien de la pousse, il y a une mani\u00e8re tr\u00e8s diff\u00e9rente d&rsquo;appr\u00e9hender le sujet. Nous avons eu 4 fleurs aux \u00ab\u00a0Villes fleuries\u00a0\u00bb. Notre mani\u00e8re d&rsquo;entretenir est la bonne. Ce n&rsquo;est pas moins beau, c&rsquo;est une autre mani\u00e8re de faire ! C&rsquo;est bon pour la biodiversit\u00e9. C&rsquo;est une autre mani\u00e8re de voir la ville.<\/p>\n<p class=\" wall-content\">Suivez toute l\u2019actualit\u00e9 de vos villes et m\u00e9dias favoris en vous inscrivant \u00e0 <a href=\"https:\/\/moncompte.actu.fr\" title=\"D\u00e9couvez Mon Actu\" rel=\"nofollow noopener\" data-trk=\"{&quot;cta&quot;:{&quot;action&quot;:&quot;https:\\\/\\\/moncompte.actu.fr&quot;,&quot;category&quot;:&quot;mon compte&quot;,&quot;from&quot;:&quot;article footer&quot;,&quot;name&quot;:&quot;Mon actu&quot;,&quot;type&quot;:&quot;cta&quot;}}\" target=\"_blank\">Mon Actu<\/a>.<\/p>\n","protected":false},"excerpt":{"rendered":"Par Nicolas Zaugra Publi\u00e9 le 10 juin 2025 \u00e0 17h34 L\u2019adjoint \u00e9cologiste est en premi\u00e8re ligne depuis le&hellip;\n","protected":false},"author":2,"featured_media":166920,"comment_status":"","ping_status":"","sticky":false,"template":"","format":"standard","meta":{"footnotes":""},"categories":[1889],"tags":[1111,11,2430,5272,1777,674,1011,27,2428,3434,12,316,2809,25],"class_list":{"0":"post-166919","1":"post","2":"type-post","3":"status-publish","4":"format-standard","5":"has-post-thumbnail","7":"category-lyon","8":"tag-actu","9":"tag-actualites","10":"tag-auvergne-rhone-alpes","11":"tag-bellecour","12":"tag-eu","13":"tag-europe","14":"tag-fr","15":"tag-france","16":"tag-lyon","17":"tag-municipales-2026","18":"tag-news","19":"tag-politique","20":"tag-presquile","21":"tag-republique-francaise"},"share_on_mastodon":{"url":"https:\/\/pubeurope.com\/@fr\/114661868480993570","error":""},"_links":{"self":[{"href":"https:\/\/www.europesays.com\/fr\/wp-json\/wp\/v2\/posts\/166919","targetHints":{"allow":["GET"]}}],"collection":[{"href":"https:\/\/www.europesays.com\/fr\/wp-json\/wp\/v2\/posts"}],"about":[{"href":"https:\/\/www.europesays.com\/fr\/wp-json\/wp\/v2\/types\/post"}],"author":[{"embeddable":true,"href":"https:\/\/www.europesays.com\/fr\/wp-json\/wp\/v2\/users\/2"}],"replies":[{"embeddable":true,"href":"https:\/\/www.europesays.com\/fr\/wp-json\/wp\/v2\/comments?post=166919"}],"version-history":[{"count":0,"href":"https:\/\/www.europesays.com\/fr\/wp-json\/wp\/v2\/posts\/166919\/revisions"}],"wp:featuredmedia":[{"embeddable":true,"href":"https:\/\/www.europesays.com\/fr\/wp-json\/wp\/v2\/media\/166920"}],"wp:attachment":[{"href":"https:\/\/www.europesays.com\/fr\/wp-json\/wp\/v2\/media?parent=166919"}],"wp:term":[{"taxonomy":"category","embeddable":true,"href":"https:\/\/www.europesays.com\/fr\/wp-json\/wp\/v2\/categories?post=166919"},{"taxonomy":"post_tag","embeddable":true,"href":"https:\/\/www.europesays.com\/fr\/wp-json\/wp\/v2\/tags?post=166919"}],"curies":[{"name":"wp","href":"https:\/\/api.w.org\/{rel}","templated":true}]}}