{"id":166925,"date":"2025-06-11T00:23:09","date_gmt":"2025-06-11T00:23:09","guid":{"rendered":"https:\/\/www.europesays.com\/fr\/166925\/"},"modified":"2025-06-11T00:23:09","modified_gmt":"2025-06-11T00:23:09","slug":"a-paris-ehoud-olmert-et-nasser-al-qidwa-rappellent-lurgence-dun-etat-palestinien","status":"publish","type":"post","link":"https:\/\/www.europesays.com\/fr\/166925\/","title":{"rendered":"\u00c0 Paris, Ehoud Olmert et Nasser al-Qidwa rappellent l\u2019urgence d\u2019un \u00c9tat palestinien"},"content":{"rendered":"<p>L\u2019Isra\u00e9lien r\u00e9clame la fin de la guerre \u00e0 Gaza et le neveu de Yasser Arafat des r\u00e9formes de l\u2019Autorit\u00e9 palestinienne. Chacun est isol\u00e9 au sein de son propre camp.<\/p>\n<p class=\"fig-paragraph\">Face \u00e0 leurs opinions publiques insensibles au malheur de l\u2019autre camp, l\u2019Isra\u00e9lien\u00a0Ehoud Olmert, ancien premier ministre, et le Palestinien Nasser al-Qidwa, ancien ministre des Affaires \u00e9trang\u00e8res, maintiennent vaille que vaille l\u2019espoir t\u00e9nu d\u2019un r\u00e8glement n\u00e9goci\u00e9 du\u00a0<a href=\"http:\/\/www.lefigaro.fr\/international\/dans-gaza-devastee-tsahal-devoile-la-derniere-cache-du-chef-du-hamas-le-recit-de-l-envoye-special-du-figaro-20250609\" target=\"_blank\" data-fig-type=\"Article\" rel=\"noopener nofollow\" data-gtm-custom-categorie=\"navigation\" data-gtm-custom-action=\"crossclick\" data-gtm-custom-label=\"Contextuel\" data-gtm-event=\"customEventSPE\" data-fig-domain=\"LEFIGARO\">conflit isra\u00e9lo-palestinien<\/a>, au moment o\u00f9 la guerre fait toujours rage dans la bande de Gaza.<\/p>\n<p class=\"fig-paragraph\">\u00ab\u00a0Assez, c\u2019est assez\u00a0\u00bb, a lanc\u00e9 lundi soir Ehoud Olmert dans un entretien \u00e0 l\u2019AFP o\u00f9 il d\u00e9nonce la poursuite \u00ab\u00a0criminelle\u00a0\u00bb de l\u2019offensive militaire \u00e0 Gaza par le premier ministre Benyamin Netanyahou pour \u00ab\u00a0des int\u00e9r\u00eats personnels\u00a0\u00bb.<\/p>\n<p class=\"fig-paragraph\">Mardi \u00e0 Paris devant la Fondation Jean Jaur\u00e8s pour le lancement du laboratoire d\u2019id\u00e9es Atlantic Middle East Forum, M.\u00a0Olmert a rappel\u00e9 que \u00ab\u00a0Bibi\u00a0\u00bb avait \u00ab\u00a0totalement \u00e9chou\u00e9\u00a0\u00bb \u00e0 prot\u00e9ger son peuple lors de l\u2019attaque terroriste du\u00a0Hamas\u00a0<a href=\"http:\/\/www.lefigaro.fr\/international\/7-octobre-le-hamas-voulait-que-l-iran-et-le-hezbollah-participent-20241013\" target=\"_blank\" data-fig-type=\"NewsFlash\" rel=\"noopener nofollow\" data-gtm-custom-categorie=\"navigation\" data-gtm-custom-action=\"crossclick\" data-gtm-custom-label=\"Contextuel\" data-gtm-event=\"customEventSPE\" data-fig-domain=\"LEFIGARO\">le 7\u00a0octobre 2023<\/a>. Celle-ci a entra\u00een\u00e9 la mort de 1219\u00a0personnes c\u00f4t\u00e9 isra\u00e9lien, des civils en majorit\u00e9, et plus de 54.000 Palestiniens dans l\u2019offensive\u2026<\/p>\n<p class=\"fig-premium-paywall__infos\">\n        Cet article est r\u00e9serv\u00e9 aux abonn\u00e9s.        Il vous reste 82% \u00e0 d\u00e9couvrir.\n    <\/p>\n<p>                <img  data- alt=\"Le Figaro\" class=\"fig-img--complete fig-img\"\/><\/p>\n<p class=\"fig-premium-paywall__title\">Vente Flash<\/p>\n<p class=\"fig-premium-paywall__subtitle\">3,99\u20ac par mois pendant 12 mois. Sans engagement.<\/p>\n<p class=\"fig-premium-paywall__connect\">\n                D\u00e9j\u00e0 abonn\u00e9\u00a0?                <a class=\"fig-premium-paywall__connect-link\" href=\"https:\/\/connect.lefigaro.fr\/login?client=horizon_web&amp;type=main&amp;redirect_uri=https%3A%2F%2Fwww.lefigaro.fr%2Finternational%2Fa-paris-ehoud-olmert-et-nasser-al-qidwa-rappellent-l-urgence-d-un-etat-palestinien-20250610\" data-js-gtm=\"{&quot;customCategorie&quot;: &quot;conversion&quot;, &quot;customAction&quot;: &quot;before_Landing_Connexion_paywall_auto&quot;, &quot;customLabel&quot;: &quot;bGVmaWdhcm8uZnJfXzFmMDQ1ZmRmLTE4YTQtNjA0YS05YmVkLWIzMmQzMjM5MGVhY19fQXJ0aWNsZQ==_\u00c0 Paris, Ehoud Olmert et Nasser al-Qidwa rappellent l\u2019urgence d\u2019un \u00c9tat palestinien_389&quot;, &quot;customIDSPE&quot;: &quot;bGVmaWdhcm8uZnJfXzFmMDQ1ZmRmLTE4YTQtNjA0YS05YmVkLWIzMmQzMjM5MGVhY19fQXJ0aWNsZQ==&quot;, &quot;event&quot;: &quot;customEventSPE&quot;}\" rel=\"nofollow noopener\" target=\"_blank\"><br \/>\n                    Connectez-vous<br \/>\n                <\/a>\n            <\/p>\n","protected":false},"excerpt":{"rendered":"L\u2019Isra\u00e9lien r\u00e9clame la fin de la guerre \u00e0 Gaza et le neveu de Yasser Arafat des r\u00e9formes de&hellip;\n","protected":false},"author":2,"featured_media":166926,"comment_status":"","ping_status":"","sticky":false,"template":"","format":"standard","meta":{"footnotes":""},"categories":[1888],"tags":[1111,1928,259,11,1927,260,1777,674,1011,27,14,664,261,12,1926,3518,626,1925,262,25],"class_list":{"0":"post-166925","1":"post","2":"type-post","3":"status-publish","4":"format-standard","5":"has-post-thumbnail","7":"category-paris","8":"tag-actu","9":"tag-actu-paris","10":"tag-actualite-internationale","11":"tag-actualites","12":"tag-actualites-paris","13":"tag-affaires-etrangeres","14":"tag-eu","15":"tag-europe","16":"tag-fr","17":"tag-france","18":"tag-international","19":"tag-israel","20":"tag-ministere-des-affaires-etrangeres","21":"tag-news","22":"tag-news-paris","23":"tag-palestine","24":"tag-paris","25":"tag-paris-news","26":"tag-politique-etrangere","27":"tag-republique-francaise"},"share_on_mastodon":{"url":"https:\/\/pubeurope.com\/@fr\/114661884189085798","error":""},"_links":{"self":[{"href":"https:\/\/www.europesays.com\/fr\/wp-json\/wp\/v2\/posts\/166925","targetHints":{"allow":["GET"]}}],"collection":[{"href":"https:\/\/www.europesays.com\/fr\/wp-json\/wp\/v2\/posts"}],"about":[{"href":"https:\/\/www.europesays.com\/fr\/wp-json\/wp\/v2\/types\/post"}],"author":[{"embeddable":true,"href":"https:\/\/www.europesays.com\/fr\/wp-json\/wp\/v2\/users\/2"}],"replies":[{"embeddable":true,"href":"https:\/\/www.europesays.com\/fr\/wp-json\/wp\/v2\/comments?post=166925"}],"version-history":[{"count":0,"href":"https:\/\/www.europesays.com\/fr\/wp-json\/wp\/v2\/posts\/166925\/revisions"}],"wp:featuredmedia":[{"embeddable":true,"href":"https:\/\/www.europesays.com\/fr\/wp-json\/wp\/v2\/media\/166926"}],"wp:attachment":[{"href":"https:\/\/www.europesays.com\/fr\/wp-json\/wp\/v2\/media?parent=166925"}],"wp:term":[{"taxonomy":"category","embeddable":true,"href":"https:\/\/www.europesays.com\/fr\/wp-json\/wp\/v2\/categories?post=166925"},{"taxonomy":"post_tag","embeddable":true,"href":"https:\/\/www.europesays.com\/fr\/wp-json\/wp\/v2\/tags?post=166925"}],"curies":[{"name":"wp","href":"https:\/\/api.w.org\/{rel}","templated":true}]}}