{"id":166929,"date":"2025-06-11T00:25:09","date_gmt":"2025-06-11T00:25:09","guid":{"rendered":"https:\/\/www.europesays.com\/fr\/166929\/"},"modified":"2025-06-11T00:25:09","modified_gmt":"2025-06-11T00:25:09","slug":"pas-de-graves-dysfonctionnements-du-dispositif-policier-a-paris-selon-le-prefet-de-police","status":"publish","type":"post","link":"https:\/\/www.europesays.com\/fr\/166929\/","title":{"rendered":"\u00abpas de graves dysfonctionnements\u00bb du dispositif policier \u00e0 Paris, selon le pr\u00e9fet de police"},"content":{"rendered":"<p>Laurent Nu\u00f1ez \u00e9tait entendu mardi par la commission des Lois de l\u2019Assembl\u00e9e nationale sur les violences survenues en marge de la victoire du PSG en finale de la Ligue des Champions les 30 mai et 1er juin.<\/p>\n<p class=\"fig-paragraph\">Le pr\u00e9fet de police de Paris, Laurent Nu\u00f1ez, a affirm\u00e9 mardi 10 juin au soir qu&rsquo;il n&rsquo;avait \u00abpas eu de graves dysfonctionnements\u00bb dans le dispositif de s\u00e9curit\u00e9 mis en place pour la finale de\u00a0<a href=\"http:\/\/www.lefigaro.fr\/sports\/football\/ligue-des-champions\/ligue-des-champions-a-l-issue-d-une-finale-de-reve-le-psg-au-sommet-de-l-europe-20250531\" target=\"_blank\" data-fig-type=\"NewsFlash\" rel=\"noopener nofollow\" data-gtm-custom-categorie=\"navigation\" data-gtm-custom-action=\"crossclick\" data-gtm-custom-label=\"Contextuel\" data-gtm-event=\"customEventSPE\" data-fig-domain=\"LEFIGARO\">la Ligue des Champions remport\u00e9e par le PSG<\/a>, en le qualifiant de \u00abpr\u00e9par\u00e9, robuste et calibr\u00e9\u00bb. \u00abJ&rsquo;assume la totale responsabilit\u00e9 de ce dispositif, pr\u00e9par\u00e9 et calibr\u00e9 (&#8230;) Pour moi, il n&rsquo;y a pas de graves dysfonctionnements\u00bb, a d\u00e9clar\u00e9 le pr\u00e9fet de police \u00e0 la commission des Lois de l&rsquo;Assembl\u00e9e nationale, lors de son audition sur les incidents et\u00a0<a href=\"http:\/\/www.lefigaro.fr\/actualite-france\/pres-de-600-interpellations-deux-deces-700-incendies-l-accablant-bilan-securitaire-du-match-psg-inter-20250601\" target=\"_blank\" data-fig-type=\"NewsFlash\" rel=\"noopener nofollow\" data-gtm-custom-categorie=\"navigation\" data-gtm-custom-action=\"crossclick\" data-gtm-custom-label=\"Contextuel\" data-gtm-event=\"customEventSPE\" data-fig-domain=\"LEFIGARO\">les violences survenues dans la capitale en marge de la victoire du PSG<\/a>, le 30 mai et le 1er juin.<\/p>\n<p class=\"fig-paragraph\">Les images des violences survenues principalement sur l&rsquo;avenue des Champs \u00c9lys\u00e9es et autour du Parc des Princes, le stade historique du PSG, ont d\u00e9clench\u00e9 une vive pol\u00e9mique sur le format du dispositif s\u00e9curitaire. Tr\u00e8s vite, le ministre de l&rsquo;Int\u00e9rieur Bruno Retailleau, qui n&rsquo;\u00e9tait pas \u00e0 Paris le soir du match, et le pr\u00e9fet de police ont \u00e9t\u00e9 accus\u00e9s d&rsquo;\u00eatre responsables d&rsquo;un \u00abfiasco s\u00e9curitaire\u00bb. \u00abCe n&rsquo;\u00e9tait pas un fiasco s\u00e9curitaire. On ne peut pas dire des choses comme cela. Je n&rsquo;accepte pas cela\u00bb, a-t-il dit lors de son audition. \u00abOn a \u00e9vit\u00e9 bien des exactions\u00bb.<\/p>\n<p>\u00abDes gens venus pour casser, pour piller\u00bb<\/p>\n<p class=\"fig-paragraph\">Laurent Nu\u00f1ez a d\u00e9fendu pied \u00e0 pied son dispositif massif &#8211; 5.400 policiers et gendarmes &#8211; qu&rsquo;il a qualifi\u00e9 de \u00abrobuste\u00bb. Il a insist\u00e9 sur le fait que la consigne donn\u00e9e aux forces de l&rsquo;ordre \u00e9tait, d&rsquo;\u00eatre r\u00e9actives, \u00abd&rsquo;aller au contact, d&rsquo;interpeller et de disperser\u00bb \u00e0 chaque incident. Les forces de l&rsquo;ordre, a-t-il dit, ont eu \u00abune action offensive, efficace et proportionn\u00e9e\u00bb. Laurent Nunez a r\u00e9p\u00e9t\u00e9 que les policiers et gendarmes avaient eu affaire \u00e0 \u00abdes gens venus pour casser, pour piller\u00bb, pas pour \u00abune manifestation festive\u00bb.<\/p>\n<p class=\"fig-paragraph\">Concernant le profil des mis en cause, il a assur\u00e9 qu&rsquo;il s&rsquo;agissait \u00abde jeunes des quartiers de petite et grande couronne\u00bb. \u00abUn gros quart (des gard\u00e9s \u00e0 vue) \u00e9tait des mineurs et pour 70% d&rsquo;entre eux, ils provenaient de la petite et de la grande couronne\u00bb. Sur \u00abun \u00e9chantillon de 160 gard\u00e9s \u00e0 vue\u00bb \u00e0 Paris, \u00abpr\u00e8s de 130 \u00e9taient d\u00e9j\u00e0 connus des services. Ce n&rsquo;\u00e9tait pas des primo-d\u00e9linquants\u00bb, a-t-il ajout\u00e9, en faisant \u00e9tat d&rsquo;un premier examen par ses services des gard\u00e9s \u00e0 vue. \u00abSur les Champs-\u00c9lys\u00e9es, il y avait des gens plut\u00f4t jeunes qui tr\u00e8s vite ont commenc\u00e9 avec une extr\u00eame violence \u00e0 prendre \u00e0 partie les forces de l&rsquo;ordre.\u00bb \u00abIls avaient une attitude belliqueuse.\u00bb \u00abIl y avait des milliers de personnes venues pour casser\u00bb, a-t-il r\u00e9p\u00e9t\u00e9.<\/p>\n<p>559 interpellations<\/p>\n<p class=\"fig-paragraph\">Le pr\u00e9fet a affirm\u00e9 que \u00ab70% des interpellations\u00bb avaient eu lieu dans \u00ables 8e, 16e et 17e arrondissements\u00bb de Paris. Interrog\u00e9 sur les incursions de personnes sur le p\u00e9riph\u00e9rique parisien pr\u00e8s du Parc des Princes pour en bloquer la circulation, Laurent Nunez a \u00abregrett\u00e9\u00bb d&rsquo;avoir lev\u00e9 le dispositif de s\u00e9curit\u00e9 \u00e0 00h30 le lundi. Trois quarts d&rsquo;heure plus tard, des incidents &#8211; barricades et blocage de la circulation &#8211; sont survenus, ce qui, a estim\u00e9 le pr\u00e9fet, \u00e9tait \u00abin\u00e9dit\u00bb. Lors de ces derniers, les forces de l&rsquo;ordre ont essuy\u00e9 des jets de projectiles jet\u00e9s depuis les ponts au-dessus du p\u00e9riph\u00e9rique.<\/p>\n<p class=\"fig-paragraph\">Il y a eu 559 interpellations dont 491 \u00e0 Paris, qui ont conduit \u00e0 320 gardes \u00e0 vue dont 254 dans la capitale, selon un bilan du 2 juin du minist\u00e8re de l&rsquo;Int\u00e9rieur. Durant la soir\u00e9e du samedi au dimanche deux personnes sont d\u00e9c\u00e9d\u00e9es, 22 membres des forces de l&rsquo;ordre ont \u00e9t\u00e9 bless\u00e9es, sept sapeurs-pompiers et 192 manifestants.<\/p>\n","protected":false},"excerpt":{"rendered":"Laurent Nu\u00f1ez \u00e9tait entendu mardi par la commission des Lois de l\u2019Assembl\u00e9e nationale sur les violences survenues en&hellip;\n","protected":false},"author":2,"featured_media":166930,"comment_status":"","ping_status":"","sticky":false,"template":"","format":"standard","meta":{"footnotes":""},"categories":[1888],"tags":[47,1058,1054,1059,1060,1055,11,1057,1777,674,118,1011,27,1061,303,12,626,1062,93,25,656,104,1056,809],"class_list":{"0":"post-166929","1":"post","2":"type-post","3":"status-publish","4":"format-standard","5":"has-post-thumbnail","7":"category-paris","8":"tag-actualite","9":"tag-actualite-education","10":"tag-actualite-france","11":"tag-actualite-justice","12":"tag-actualite-securite","13":"tag-actualite-societe","14":"tag-actualites","15":"tag-education","16":"tag-eu","17":"tag-europe","18":"tag-faits-divers","19":"tag-fr","20":"tag-france","21":"tag-immigration","22":"tag-justice","23":"tag-news","24":"tag-paris","25":"tag-polemique","26":"tag-psg","27":"tag-republique-francaise","28":"tag-securite","29":"tag-societe","30":"tag-societe-francaise","31":"tag-violence"},"share_on_mastodon":{"url":"https:\/\/pubeurope.com\/@fr\/114661891978308898","error":""},"_links":{"self":[{"href":"https:\/\/www.europesays.com\/fr\/wp-json\/wp\/v2\/posts\/166929","targetHints":{"allow":["GET"]}}],"collection":[{"href":"https:\/\/www.europesays.com\/fr\/wp-json\/wp\/v2\/posts"}],"about":[{"href":"https:\/\/www.europesays.com\/fr\/wp-json\/wp\/v2\/types\/post"}],"author":[{"embeddable":true,"href":"https:\/\/www.europesays.com\/fr\/wp-json\/wp\/v2\/users\/2"}],"replies":[{"embeddable":true,"href":"https:\/\/www.europesays.com\/fr\/wp-json\/wp\/v2\/comments?post=166929"}],"version-history":[{"count":0,"href":"https:\/\/www.europesays.com\/fr\/wp-json\/wp\/v2\/posts\/166929\/revisions"}],"wp:featuredmedia":[{"embeddable":true,"href":"https:\/\/www.europesays.com\/fr\/wp-json\/wp\/v2\/media\/166930"}],"wp:attachment":[{"href":"https:\/\/www.europesays.com\/fr\/wp-json\/wp\/v2\/media?parent=166929"}],"wp:term":[{"taxonomy":"category","embeddable":true,"href":"https:\/\/www.europesays.com\/fr\/wp-json\/wp\/v2\/categories?post=166929"},{"taxonomy":"post_tag","embeddable":true,"href":"https:\/\/www.europesays.com\/fr\/wp-json\/wp\/v2\/tags?post=166929"}],"curies":[{"name":"wp","href":"https:\/\/api.w.org\/{rel}","templated":true}]}}