{"id":166935,"date":"2025-06-11T00:28:10","date_gmt":"2025-06-11T00:28:10","guid":{"rendered":"https:\/\/www.europesays.com\/fr\/166935\/"},"modified":"2025-06-11T00:28:10","modified_gmt":"2025-06-11T00:28:10","slug":"nouvelle-reunion-iran-usa-a-mascate","status":"publish","type":"post","link":"https:\/\/www.europesays.com\/fr\/166935\/","title":{"rendered":"Nouvelle r\u00e9union Iran-USA \u00e0 Mascate"},"content":{"rendered":"<p>Le pr\u00e9sident am\u00e9ricain avait auparavant annonc\u00e9 que cette r\u00e9union aurait lieu jeudi. <\/p>\n<p>Par ailleurs, selon M. Bagha\u00ef, le ministre iranien des Affaires \u00e9trang\u00e8res et n\u00e9gociateur en chef, Abbas Araghchi, \u00ab\u00a0se rendra en Norv\u00e8ge mercredi et jeudi\u00a0\u00bb pour assister \u00e0 un \u00e9v\u00e9nement \u00e0 Oslo. <\/p>\n<p>Lundi, le porte-parole iranien avait annonc\u00e9 que son pays allait proposer \u00ab\u00a0bient\u00f4t\u00a0\u00bb sa propre proposition pour un potentiel accord sur le nucl\u00e9aire, apr\u00e8s la remise d&rsquo;une offre am\u00e9ricaine qui ne semble pas avoir convaincu T\u00e9h\u00e9ran. <\/p>\n<p>Les discussions butent toujours sur la question de l&rsquo;enrichissement d&rsquo;uranium iranien. <\/p>\n<p>\u00ab\u00a0Ils veulent l&rsquo;enrichissement (d&rsquo;uranium), ils ne peuvent pas avoir l&rsquo;enrichissement\u00a0\u00bb d&rsquo;uranium, a insist\u00e9 Donald Trump. <\/p>\n<p>Ennemis depuis quatre d\u00e9cennies, l&rsquo;Iran et les Etats-Unis ont tenu depuis avril cinq s\u00e9ries de pourparlers, sous la m\u00e9diation d&rsquo;Oman. Ils tentent de conclure un accord cens\u00e9 emp\u00eacher T\u00e9h\u00e9ran de se doter de l&rsquo;arme atomique, en \u00e9change d&rsquo;une lev\u00e9e des sanctions qui paralysent son \u00e9conomie. <\/p>\n<p>Un pr\u00e9c\u00e9dent accord sur le nucl\u00e9aire iranien avait \u00e9t\u00e9 conclu en 2015 entre l&rsquo;Iran et les cinq membres permanents du Conseil de S\u00e9curit\u00e9 de l&rsquo;ONU (Chine, Etats-Unis, France, Royaume-Uni, Russie) plus l&rsquo;Allemagne. Mais en 2018, apr\u00e8s plusieurs mois de menaces, Donald Trump avait annonc\u00e9 le retrait des Etats-Unis de cet accord. <\/p>\n<p>L&rsquo;enrichissement d&rsquo;uranium est central dans les n\u00e9gociations actuelles. Les Etats-Unis exigent que l&rsquo;Iran y renonce totalement, tandis que T\u00e9h\u00e9ran consid\u00e8re cette demande comme non n\u00e9gociable, arguant qu&rsquo;elle est contraire au Trait\u00e9 de non-prolif\u00e9ration nucl\u00e9aire (TNP) dont il est signataire. <br \/>\u00a0<\/p>\n<p>  \u00ab\u00a0Nous proposerons bient\u00f4t notre propre plan \u00e0 l&rsquo;autre partie, par l&rsquo;interm\u00e9diaire d&rsquo;Oman\u00a0\u00bb, a d\u00e9clar\u00e9 lundi Esma\u00efl Bagha\u00ef. La proposition de l&rsquo;Iran en vue d&rsquo;un accord est \u00ab\u00a0raisonnable, logique et \u00e9quilibr\u00e9e, et nous recommandons vivement \u00e0 la partie am\u00e9ricaine de saisir cette occasion\u00a0\u00bb, a-t-il ajout\u00e9. <\/p>\n<p>Donald Trump a inform\u00e9 lundi le Premier ministre isra\u00e9lien Benjamin Netanyahu que Washington avait transmis \u00e0 T\u00e9h\u00e9ran une \u00ab\u00a0offre raisonnable\u00a0\u00bb, selon un bref communiqu\u00e9 du bureau de M. Netanyahu. Le contenu de cette offre am\u00e9ricaine n&rsquo;est pas connu. Mais le pr\u00e9sident du Parlement iranien, Mohammad-Bagher Ghalibaf, a d\u00e9clar\u00e9 dimanche qu&rsquo;elle n&rsquo;abordait pas la question de la lev\u00e9e des sanctions, dont l&rsquo;Iran fait une priorit\u00e9. <\/p>\n<p>La semaine derni\u00e8re, l&rsquo;Iran avait dit avoir re\u00e7u des \u00ab\u00a0\u00e9l\u00e9ments\u00a0\u00bb d&rsquo;une proposition am\u00e9ricaine d&rsquo;accord, mais estim\u00e9 qu&rsquo;elle contenait de \u00ab\u00a0nombreuses ambigu\u00eft\u00e9s\u00a0\u00bb. La proposition am\u00e9ricaine \u00ab\u00a0manque d&rsquo;honn\u00eatet\u00e9\u00a0\u00bb, a estim\u00e9 Ghalibaf, appelant Trump \u00e0 \u00ab\u00a0changer d&rsquo;approche s&rsquo;il cherche vraiment un accord\u00a0\u00bb, dans une vid\u00e9o diffus\u00e9e par la t\u00e9l\u00e9vision d&rsquo;Etat. <\/p>\n<p>Mercredi d\u00e9j\u00e0, le guide supr\u00eame iranien, l&rsquo;ayatollah Ali Khamenei, avait qualifi\u00e9 la proposition am\u00e9ricaine de \u00ab\u00a0100% contraire\u00a0\u00bb aux int\u00e9r\u00eats de son pays.<\/p>\n","protected":false},"excerpt":{"rendered":"Le pr\u00e9sident am\u00e9ricain avait auparavant annonc\u00e9 que cette r\u00e9union aurait lieu jeudi. Par ailleurs, selon M. Bagha\u00ef, le&hellip;\n","protected":false},"author":2,"featured_media":166936,"comment_status":"","ping_status":"","sticky":false,"template":"","format":"standard","meta":{"footnotes":""},"categories":[1589],"tags":[11,5024,5025,5026,258,5028,1659,5029,5027,251,33,2518,73,1866,1283,1757,1393,985,12,316,104,517,5030,1864,1865,1863,308],"class_list":{"0":"post-166935","1":"post","2":"type-post","3":"status-publish","4":"format-standard","5":"has-post-thumbnail","7":"category-etats-unis","8":"tag-actualites","9":"tag-actualites-et-infos-au-maroc","10":"tag-actualites-et-infos-mondiale","11":"tag-actualites-marocaines-du-jour","12":"tag-alimentation","13":"tag-analyses","14":"tag-art-de-vivre","15":"tag-chronique","16":"tag-consommation-et-bien-etre","17":"tag-culture","18":"tag-economie","19":"tag-edito","20":"tag-etats-unis","21":"tag-etats-unis-damerique","22":"tag-etudes","23":"tag-insolite","24":"tag-loisirs","25":"tag-mode","26":"tag-news","27":"tag-politique","28":"tag-societe","29":"tag-sport","30":"tag-tribune","31":"tag-united-states","32":"tag-united-states-of-america","33":"tag-us","34":"tag-usa"},"share_on_mastodon":{"url":"https:\/\/pubeurope.com\/@fr\/114661903797997855","error":""},"_links":{"self":[{"href":"https:\/\/www.europesays.com\/fr\/wp-json\/wp\/v2\/posts\/166935","targetHints":{"allow":["GET"]}}],"collection":[{"href":"https:\/\/www.europesays.com\/fr\/wp-json\/wp\/v2\/posts"}],"about":[{"href":"https:\/\/www.europesays.com\/fr\/wp-json\/wp\/v2\/types\/post"}],"author":[{"embeddable":true,"href":"https:\/\/www.europesays.com\/fr\/wp-json\/wp\/v2\/users\/2"}],"replies":[{"embeddable":true,"href":"https:\/\/www.europesays.com\/fr\/wp-json\/wp\/v2\/comments?post=166935"}],"version-history":[{"count":0,"href":"https:\/\/www.europesays.com\/fr\/wp-json\/wp\/v2\/posts\/166935\/revisions"}],"wp:featuredmedia":[{"embeddable":true,"href":"https:\/\/www.europesays.com\/fr\/wp-json\/wp\/v2\/media\/166936"}],"wp:attachment":[{"href":"https:\/\/www.europesays.com\/fr\/wp-json\/wp\/v2\/media?parent=166935"}],"wp:term":[{"taxonomy":"category","embeddable":true,"href":"https:\/\/www.europesays.com\/fr\/wp-json\/wp\/v2\/categories?post=166935"},{"taxonomy":"post_tag","embeddable":true,"href":"https:\/\/www.europesays.com\/fr\/wp-json\/wp\/v2\/tags?post=166935"}],"curies":[{"name":"wp","href":"https:\/\/api.w.org\/{rel}","templated":true}]}}