{"id":166951,"date":"2025-06-11T00:37:13","date_gmt":"2025-06-11T00:37:13","guid":{"rendered":"https:\/\/www.europesays.com\/fr\/166951\/"},"modified":"2025-06-11T00:37:13","modified_gmt":"2025-06-11T00:37:13","slug":"en-volley-ball-les-crabes-dimt-mines-ales-baissent-le-rideau-sur-une-saison-couronnee-de-succes","status":"publish","type":"post","link":"https:\/\/www.europesays.com\/fr\/166951\/","title":{"rendered":"En volley-ball, les Crabes d\u2019IMT Mines Al\u00e8s baissent le rideau sur une saison couronn\u00e9e de succ\u00e8s"},"content":{"rendered":"<p>\n                                                                L\u2019\u00e9quipe masculine de l\u2019\u00e9tablissement d\u2019enseignement sup\u00e9rieur de la capitale des C\u00e9vennes a particip\u00e9, ces derniers mois, \u00e0 trois comp\u00e9titions majeures.\n                            <\/p>\n<p>La saison touche 2024-2025 \u00e0 sa fin et l\u2019\u00e9quipe masculine de volley-ball d\u2019IMT Mines Al\u00e8s, constitu\u00e9e majoritairement d\u2019\u00e9tudiants de 1\u00e8re et 2e ann\u00e9es, peut se targuer de bons r\u00e9sultats. En coupe de France universitaire, elle a termin\u00e9 championne de Languedoc-Roussillon, ne laissant la plus haute marche du podium qu\u2019\u00e0 l\u2019Insa Toulouse pour la phase Occitanie.<\/p>\n<p>De l\u2019or rapport\u00e9 du Cartel des Mines<\/p>\n<p>En avril, comme leurs homologues f\u00e9minines, ceux que l\u2019on surnomme les Crabes ont rafl\u00e9 l\u2019or durant le Cartel qui, \u00e0 Paris, r\u00e9unissait treize \u00e9tablissements des Mines.<\/p>\n<p>Et il y a peu, l\u2019\u00e9quipe a remport\u00e9 le championnat Al\u00e8s ville de volley, qui a rassembl\u00e9 14 formations du Bassin, d\u00e9tr\u00f4nant ainsi le tenant du titre, le club de Boisset Smatch\u2019.<\/p>\n<p>Il est \u00e9galement \u00e0 noter que Martin H\u00e9loir, joueur d\u2019IMT Mines Al\u00e8s, int\u00e8gre l\u2019\u00e9quipe de Saint-Privat-des-Vieux pour participer, les 14 et 15\u00a0juin, \u00e0 Rez\u00e9 (Loire-Atlantique), aux phases finales amateur, de la coupe de France en comp\u00e9tition libre de la F\u00e9d\u00e9ration fran\u00e7aise de volley-ball (FFVB).<\/p>\n","protected":false},"excerpt":{"rendered":"L\u2019\u00e9quipe masculine de l\u2019\u00e9tablissement d\u2019enseignement sup\u00e9rieur de la capitale des C\u00e9vennes a particip\u00e9, ces derniers mois, \u00e0 trois&hellip;\n","protected":false},"author":2,"featured_media":166952,"comment_status":"","ping_status":"","sticky":false,"template":"","format":"standard","meta":{"footnotes":""},"categories":[1417],"tags":[1011,27,60,1470,1469],"class_list":{"0":"post-166951","1":"post","2":"type-post","3":"status-publish","4":"format-standard","5":"has-post-thumbnail","7":"category-volley","8":"tag-fr","9":"tag-france","10":"tag-sports","11":"tag-volley","12":"tag-volleyball"},"share_on_mastodon":{"url":"https:\/\/pubeurope.com\/@fr\/114661939149082995","error":""},"_links":{"self":[{"href":"https:\/\/www.europesays.com\/fr\/wp-json\/wp\/v2\/posts\/166951","targetHints":{"allow":["GET"]}}],"collection":[{"href":"https:\/\/www.europesays.com\/fr\/wp-json\/wp\/v2\/posts"}],"about":[{"href":"https:\/\/www.europesays.com\/fr\/wp-json\/wp\/v2\/types\/post"}],"author":[{"embeddable":true,"href":"https:\/\/www.europesays.com\/fr\/wp-json\/wp\/v2\/users\/2"}],"replies":[{"embeddable":true,"href":"https:\/\/www.europesays.com\/fr\/wp-json\/wp\/v2\/comments?post=166951"}],"version-history":[{"count":0,"href":"https:\/\/www.europesays.com\/fr\/wp-json\/wp\/v2\/posts\/166951\/revisions"}],"wp:featuredmedia":[{"embeddable":true,"href":"https:\/\/www.europesays.com\/fr\/wp-json\/wp\/v2\/media\/166952"}],"wp:attachment":[{"href":"https:\/\/www.europesays.com\/fr\/wp-json\/wp\/v2\/media?parent=166951"}],"wp:term":[{"taxonomy":"category","embeddable":true,"href":"https:\/\/www.europesays.com\/fr\/wp-json\/wp\/v2\/categories?post=166951"},{"taxonomy":"post_tag","embeddable":true,"href":"https:\/\/www.europesays.com\/fr\/wp-json\/wp\/v2\/tags?post=166951"}],"curies":[{"name":"wp","href":"https:\/\/api.w.org\/{rel}","templated":true}]}}