{"id":166953,"date":"2025-06-11T00:38:14","date_gmt":"2025-06-11T00:38:14","guid":{"rendered":"https:\/\/www.europesays.com\/fr\/166953\/"},"modified":"2025-06-11T00:38:14","modified_gmt":"2025-06-11T00:38:14","slug":"prod2-top-14-arthur-mathiron-rester-a-nevers-a-ete-ma-meilleure-decision","status":"publish","type":"post","link":"https:\/\/www.europesays.com\/fr\/166953\/","title":{"rendered":"ProD2\/Top 14. Arthur Mathiron\u00a0: \u00ab\u00a0Rester \u00e0 Nevers a \u00e9t\u00e9 ma meilleure d\u00e9cision\u00a0\u00bb"},"content":{"rendered":"<blockquote class=\"question\"><p>Arthur, on vous avait vu quitter le terrain sur civi\u00e8re pendant le match \u00e0 Nevers contre Angoul\u00eame (le 11\u00a0avril). Pour commencer, comment allez-vous\u00a0?<\/p><\/blockquote>\n<p>\u00ab\u00a0Sur le moment, j\u2019ai eu tr\u00e8s peur. C\u2019\u00e9tait sur un coup anodin au niveau de la t\u00eate. Apr\u00e8s un transfert \u00e0 l\u2019h\u00f4pital, je suis rest\u00e9 avec une minerve pendant trois jours. J\u2019ai pass\u00e9 des examens et c\u2019\u00e9tait une entorse aux cervicales. Sauf qu\u2019il restait quatre journ\u00e9es de championnat et si je les jouais toutes, \u00e7a me faisait 50 matches \u00e0 Nevers. Et j\u2019avais cet objectif. Il fallait aussi qu\u2019on gagne encore deux matches pour se maintenir. Au moment de la blessure, je pensais que je n\u2019allais plus pouvoir rejouer avec eux, j\u2019\u00e9tais effondr\u00e9, d\u00e9go\u00fbt\u00e9. Quand j\u2019ai su que c\u2019\u00e9tait une simple entorse, j\u2019ai tout fait pour revenir le plus vite possible. J\u2019ai pu reprendre pour les deux derni\u00e8res rencontres. Je ne me voyais pas finir la saison comme \u00e7a, je me devais de revenir. Je finis \u00e0 48 matches, mais c\u2019est d\u00e9j\u00e0&#8230;<\/p>\n","protected":false},"excerpt":{"rendered":"Arthur, on vous avait vu quitter le terrain sur civi\u00e8re pendant le match \u00e0 Nevers contre Angoul\u00eame (le&hellip;\n","protected":false},"author":2,"featured_media":166954,"comment_status":"","ping_status":"","sticky":false,"template":"","format":"standard","meta":{"footnotes":""},"categories":[1416],"tags":[11030,11031,11605,11606,11032,107,1701,17649,1795,1011,27,479,1468,517,60],"class_list":{"0":"post-166953","1":"post","2":"type-post","3":"status-publish","4":"format-standard","5":"has-post-thumbnail","7":"category-rugby","8":"tag-chalon","9":"tag-chalon-bassin","10":"tag-chalon-sur-saone","11":"tag-chalon-ville","12":"tag-edition-chalon-sur-saone","13":"tag-fil-info","14":"tag-fil-info-sport","15":"tag-fil-print","16":"tag-fil-web","17":"tag-fr","18":"tag-france","19":"tag-rugby","20":"tag-rugby-football","21":"tag-sport","22":"tag-sports"},"share_on_mastodon":{"url":"https:\/\/pubeurope.com\/@fr\/114661943102578232","error":""},"_links":{"self":[{"href":"https:\/\/www.europesays.com\/fr\/wp-json\/wp\/v2\/posts\/166953","targetHints":{"allow":["GET"]}}],"collection":[{"href":"https:\/\/www.europesays.com\/fr\/wp-json\/wp\/v2\/posts"}],"about":[{"href":"https:\/\/www.europesays.com\/fr\/wp-json\/wp\/v2\/types\/post"}],"author":[{"embeddable":true,"href":"https:\/\/www.europesays.com\/fr\/wp-json\/wp\/v2\/users\/2"}],"replies":[{"embeddable":true,"href":"https:\/\/www.europesays.com\/fr\/wp-json\/wp\/v2\/comments?post=166953"}],"version-history":[{"count":0,"href":"https:\/\/www.europesays.com\/fr\/wp-json\/wp\/v2\/posts\/166953\/revisions"}],"wp:featuredmedia":[{"embeddable":true,"href":"https:\/\/www.europesays.com\/fr\/wp-json\/wp\/v2\/media\/166954"}],"wp:attachment":[{"href":"https:\/\/www.europesays.com\/fr\/wp-json\/wp\/v2\/media?parent=166953"}],"wp:term":[{"taxonomy":"category","embeddable":true,"href":"https:\/\/www.europesays.com\/fr\/wp-json\/wp\/v2\/categories?post=166953"},{"taxonomy":"post_tag","embeddable":true,"href":"https:\/\/www.europesays.com\/fr\/wp-json\/wp\/v2\/tags?post=166953"}],"curies":[{"name":"wp","href":"https:\/\/api.w.org\/{rel}","templated":true}]}}