{"id":166955,"date":"2025-06-11T00:39:14","date_gmt":"2025-06-11T00:39:14","guid":{"rendered":"https:\/\/www.europesays.com\/fr\/166955\/"},"modified":"2025-06-11T00:39:14","modified_gmt":"2025-06-11T00:39:14","slug":"atp-france-tres-mauvaise-nouvelle-pour-arthur-fils","status":"publish","type":"post","link":"https:\/\/www.europesays.com\/fr\/166955\/","title":{"rendered":"ATP, France > Tr\u00e8s mauvaise nouvelle pour Arthur Fils"},"content":{"rendered":"<p>Bless\u00e9 au niveau du dos \u00e0 Roland\u2010Garros et contraint au forfait avant son match du troi\u00adsi\u00e8me tour contre Andrey Rublev, Arthur Fils ne sera malheu\u00adreu\u00adse\u00adment pas de la partie sur l\u2019ATP 500 de Halle (du 16 au 22 juin) o\u00f9 il \u00e9tait initia\u00adle\u00adment inscrit.\u00a0<\/p>\n<blockquote class=\"twitter-tweet\">\n<p lang=\"en\" dir=\"ltr\">Halle update\u00a0:<br \/>OUT\u00a0: Fils<br \/>IN\u00a0: Bergs<br \/>Next\u00a0: Halys<\/p>\n<p>\u2014 Entry List Updates (@EntryLists) <a href=\"https:\/\/twitter.com\/EntryLists\/status\/1932473627628151233?ref_src=twsrc%5Etfw\" data-wpel-link=\"external\" target=\"_blank\" rel=\"nofollow external noopener\">June 10,\u00a02025<\/a><\/p><\/blockquote>\n<p>Un retrait attendu et d\u00e9sor\u00admais offi\u00adciel alors que sa pr\u00e9sence \u00e0 Wimbledon, du 30 juin au 13 juillet, o\u00f9 il a atteint les huiti\u00e8mes de finale en 2024, semble forte\u00adment compromise.\u00a0<\/p>\n<p class=\"post-published-date\" style=\"color: silver; font-size: 75%; text-align: left;\">Publi\u00e9 le mardi 10 juin 2025 \u00e0 19:33<\/p>\n<p><script async src=\"https:\/\/platform.twitter.com\/widgets.js\" charset=\"utf-8\"><\/script><\/p>\n","protected":false},"excerpt":{"rendered":"Bless\u00e9 au niveau du dos \u00e0 Roland\u2010Garros et contraint au forfait avant son match du troi\u00adsi\u00e8me tour contre&hellip;\n","protected":false},"author":2,"featured_media":166956,"comment_status":"","ping_status":"","sticky":false,"template":"","format":"standard","meta":{"footnotes":""},"categories":[1415],"tags":[3768,1011,27,60,1467],"class_list":{"0":"post-166955","1":"post","2":"type-post","3":"status-publish","4":"format-standard","5":"has-post-thumbnail","7":"category-tennis","8":"tag-arthur-fils","9":"tag-fr","10":"tag-france","11":"tag-sports","12":"tag-tennis"},"share_on_mastodon":{"url":"https:\/\/pubeurope.com\/@fr\/114661947003581412","error":""},"_links":{"self":[{"href":"https:\/\/www.europesays.com\/fr\/wp-json\/wp\/v2\/posts\/166955","targetHints":{"allow":["GET"]}}],"collection":[{"href":"https:\/\/www.europesays.com\/fr\/wp-json\/wp\/v2\/posts"}],"about":[{"href":"https:\/\/www.europesays.com\/fr\/wp-json\/wp\/v2\/types\/post"}],"author":[{"embeddable":true,"href":"https:\/\/www.europesays.com\/fr\/wp-json\/wp\/v2\/users\/2"}],"replies":[{"embeddable":true,"href":"https:\/\/www.europesays.com\/fr\/wp-json\/wp\/v2\/comments?post=166955"}],"version-history":[{"count":0,"href":"https:\/\/www.europesays.com\/fr\/wp-json\/wp\/v2\/posts\/166955\/revisions"}],"wp:featuredmedia":[{"embeddable":true,"href":"https:\/\/www.europesays.com\/fr\/wp-json\/wp\/v2\/media\/166956"}],"wp:attachment":[{"href":"https:\/\/www.europesays.com\/fr\/wp-json\/wp\/v2\/media?parent=166955"}],"wp:term":[{"taxonomy":"category","embeddable":true,"href":"https:\/\/www.europesays.com\/fr\/wp-json\/wp\/v2\/categories?post=166955"},{"taxonomy":"post_tag","embeddable":true,"href":"https:\/\/www.europesays.com\/fr\/wp-json\/wp\/v2\/tags?post=166955"}],"curies":[{"name":"wp","href":"https:\/\/api.w.org\/{rel}","templated":true}]}}