{"id":166959,"date":"2025-06-11T00:42:08","date_gmt":"2025-06-11T00:42:08","guid":{"rendered":"https:\/\/www.europesays.com\/fr\/166959\/"},"modified":"2025-06-11T00:42:08","modified_gmt":"2025-06-11T00:42:08","slug":"mattia-binotto-suscite-la-peur-de-la-domination-daudi-en-f1-a-lapproche-du-lancement-de-lunite-de-puissance-en-2026","status":"publish","type":"post","link":"https:\/\/www.europesays.com\/fr\/166959\/","title":{"rendered":"Mattia Binotto suscite la peur de la domination d&rsquo;Audi en F1 \u00e0 l&rsquo;approche du lancement de l&rsquo;unit\u00e9 de puissance en 2026."},"content":{"rendered":"<p>Une r\u00e9volution est en train de se pr\u00e9parer dans le monde de la Formule 1, et le directeur d\u2019Audi F1, Mattia Binotto, est l\u00e0 pour mettre les choses au clair \u2013 ne vous attendez pas \u00e0 des miracles de l\u2019unit\u00e9 de puissance Audi F1 2026 d\u00e8s le d\u00e9part.  <\/p>\n<\/p>\n<p>La saison 2026 \u00e0 venir est pr\u00eate \u00e0 bouleverser les choses avec une refonte compl\u00e8te des r\u00e8glements techniques, annon\u00e7ant une nouvelle \u00e8re pour le sport. Avec une r\u00e9duction de poids dans les voitures et une augmentation significative de la puissance \u00e9lectrique, les r\u00e8glements sur les unit\u00e9s de puissance verront un changement vers un avenir plus durable et hybride pour la Formule 1.  <\/p>\n<p>De grands noms comme Cadillac, Audi et Ford se pr\u00e9parent \u00e0 rejoindre la grille, chacun avec ses propres plans pour marquer le sport. Audi, en particulier, a acquis l\u2019\u00e9quipe Sauber et se pr\u00e9pare \u00e0 faire des vagues en tant qu\u2019\u00e9quipe d\u2019usine sous les nouveaux r\u00e8glements.  <\/p>\n<p>Binotto, un ing\u00e9nieur moteur chevronn\u00e9 devenu directeur d\u2019\u00e9quipe, est bien conscient des d\u00e9fis qui l\u2019attendent dans le d\u00e9veloppement d\u2019une unit\u00e9 de puissance comp\u00e9titive. Bien qu\u2019il reste optimiste quant aux progr\u00e8s d\u2019Audi, il est r\u00e9aliste quant \u00e0 leurs chances de dominer d\u00e8s le d\u00e9part.  <\/p>\n<p>En regardant l\u2019histoire, en particulier l\u2019introduction des moteurs turbo-hybrides en 2014 qui a conduit \u00e0 la domination de Mercedes, Binotto met en garde contre le potentiel d\u2019une \u00e9quipe \u00e0 \u00e9tablir une p\u00e9riode prolong\u00e9e de sup\u00e9riorit\u00e9 sous les nouvelles r\u00e8gles de moteur.  <\/p>\n<p>Le choix du carburant jouera \u00e9galement un r\u00f4le crucial dans la d\u00e9finition du paysage concurrentiel de la F1 en 2026, avec des options comme les e-carburants et les biocarburants donnant aux \u00e9quipes plus de contr\u00f4le sur leur performance. Les liens d\u2019Audi avec les alternatives de carburant durable de Volkswagen via Porsche pourraient leur donner un avantage \u00e0 cet \u00e9gard.  <\/p>\n<p>Alors que le compte \u00e0 rebours vers 2026 continue, tous les yeux sont riv\u00e9s sur Audi et son entr\u00e9e ambitieuse dans le monde de la Formule 1. Bien que Binotto puisse minimiser les attentes imm\u00e9diates, la sc\u00e8ne est pr\u00eate pour une bataille passionnante d\u2019innovation et de performance sur la piste.  <\/p>\n<p>Pr\u00e9parez-vous pour un nouveau chapitre dans l\u2019histoire de la Formule 1, o\u00f9 les unit\u00e9s de puissance et la performance red\u00e9finiront les limites de la vitesse et de la technologie.<\/p>\n","protected":false},"excerpt":{"rendered":"Une r\u00e9volution est en train de se pr\u00e9parer dans le monde de la Formule 1, et le directeur&hellip;\n","protected":false},"author":2,"featured_media":166960,"comment_status":"","ping_status":"","sticky":false,"template":"","format":"standard","meta":{"footnotes":""},"categories":[1412],"tags":[1451,1452,1453,1454,1455,1011,27,26575,60],"class_list":{"0":"post-166959","1":"post","2":"type-post","3":"status-publish","4":"format-standard","5":"has-post-thumbnail","7":"category-f1","8":"tag-f1","9":"tag-formula-1","10":"tag-formula1","11":"tag-formule-1","12":"tag-formule1","13":"tag-fr","14":"tag-france","15":"tag-mattia-binotto","16":"tag-sports"},"share_on_mastodon":{"url":"https:\/\/pubeurope.com\/@fr\/114661959243505605","error":""},"_links":{"self":[{"href":"https:\/\/www.europesays.com\/fr\/wp-json\/wp\/v2\/posts\/166959","targetHints":{"allow":["GET"]}}],"collection":[{"href":"https:\/\/www.europesays.com\/fr\/wp-json\/wp\/v2\/posts"}],"about":[{"href":"https:\/\/www.europesays.com\/fr\/wp-json\/wp\/v2\/types\/post"}],"author":[{"embeddable":true,"href":"https:\/\/www.europesays.com\/fr\/wp-json\/wp\/v2\/users\/2"}],"replies":[{"embeddable":true,"href":"https:\/\/www.europesays.com\/fr\/wp-json\/wp\/v2\/comments?post=166959"}],"version-history":[{"count":0,"href":"https:\/\/www.europesays.com\/fr\/wp-json\/wp\/v2\/posts\/166959\/revisions"}],"wp:featuredmedia":[{"embeddable":true,"href":"https:\/\/www.europesays.com\/fr\/wp-json\/wp\/v2\/media\/166960"}],"wp:attachment":[{"href":"https:\/\/www.europesays.com\/fr\/wp-json\/wp\/v2\/media?parent=166959"}],"wp:term":[{"taxonomy":"category","embeddable":true,"href":"https:\/\/www.europesays.com\/fr\/wp-json\/wp\/v2\/categories?post=166959"},{"taxonomy":"post_tag","embeddable":true,"href":"https:\/\/www.europesays.com\/fr\/wp-json\/wp\/v2\/tags?post=166959"}],"curies":[{"name":"wp","href":"https:\/\/api.w.org\/{rel}","templated":true}]}}