{"id":166967,"date":"2025-06-11T00:46:15","date_gmt":"2025-06-11T00:46:15","guid":{"rendered":"https:\/\/www.europesays.com\/fr\/166967\/"},"modified":"2025-06-11T00:46:15","modified_gmt":"2025-06-11T00:46:15","slug":"une-photo-choc-prise-au-large-de-nice-quelle-est-lhistoire-derriere-ce-cliche-actu-fr","status":"publish","type":"post","link":"https:\/\/www.europesays.com\/fr\/166967\/","title":{"rendered":"Une photo choc prise au large de Nice : quelle est l\u2019histoire derri\u00e8re ce clich\u00e9 ? &#8211; Actu.fr"},"content":{"rendered":"<ol>\n<li><a href=\"https:\/\/news.google.com\/rss\/articles\/CBMi3wFBVV95cUxQRTJuS2FOVlF5TFlJS1VIVmUwVTVDbDdRMHBSUXNQV01zQmx0QWNYWFV6R2NWVkw1Y2ZvSjFyWnI5c053SEZWdTBwbzlfVXZiZWZZSVpmOUo5Q1FSazRoUkJ4Q2ZzOENrNmVEU0F6RFhSTjBkU19QNjBaSUFCUnBlVEZ2N3A0b3NCZWV0R1JYRkwtMV9XOVdXczlGd1Ryd3duV0VMOU4yX2tyYzhNR0g1Y2ExUzNJd2c1QjJDWkg3T1E5VkRLSVh4U1V6cElOSGNVQzNBMXFxNjhIOHNsaHFJ?oc=5\" target=\"_blank\" rel=\"nofollow noopener\">Une photo choc prise au large de Nice : quelle est l\u2019histoire derri\u00e8re ce clich\u00e9 ?<\/a>&nbsp;&nbsp;Actu.fr<\/li>\n<li><a href=\"https:\/\/news.google.com\/rss\/articles\/CBMirAJBVV95cUxNWVpEeHU1Mlpmd0RDeHRIalhXTFlUdzh4cWpwakgzSDcwRmNLT2R1alJYLUZseXVGaXlZaE1jVVFyUHA4eHJfRmN6MjdrcDFmakR6NWNqaS1PZzh3RzVmRGFDV0E1S3M4MGNNeGlFTHNka3ppSDFTU2xZVEpzUm9MRXF0MU1lSnBYZEpxS293eE5PRU1wTVZCRWJTZkd6djRkYVdtRlE0UzUwUm5Wc0lEZzBkbTNWMXd6OVFpN3k4eGQ0N2V5U1pVR0x1TGxfVjBTQ2d3YUVKOFdkcnNqWjM5ZWx6RTlxTVgycnNXNy1mOXhZY2t3Z25sTzY3UkRPV2FMMm1DWEdMVkNtSjlkUDlCcV94REllSDdRSGxlS00yX0Y5VE13a1BiQzRGdEc?oc=5\" target=\"_blank\" rel=\"nofollow noopener\">\u00ab\u00a0Ce cachalot vient d&rsquo;\u00eatre mortellement heurt\u00e9 par un bateau au large de Nice\u00a0\u00bb: la publication choc du journaliste Hugo Cl\u00e9ment avant l&rsquo;ouverture du Sommet de l&rsquo;Oc\u00e9an<\/a>&nbsp;&nbsp;Nice-Matin<\/li>\n<li><a href=\"https:\/\/news.google.com\/rss\/articles\/CBMirwJBVV95cUxQbklZc0NidlBJcG1QY2FQN1FFbEE0cEQ0VkRzSGdRRm43U1NwRHFmdlJRbE82R3Y4ZjdPdHV3SHp1WG1mOUJ5TXExRnkwN0htdWdzWE1CTFV6VWZMVVlHd2hoSlE3cVFoS3pLaFhPaG8zMFR6dXhCUEtHSHA5ekhRRFVuWWdjeFBFSk1fYms3YmZ5N2pYbjcxRVdPb2JndlliTlVmMkJvS3ZUcDZqcGRCQy0tWTNwMU9KMXJ3T0JzLUo3MHJZSmo5YzN6OGtaRllFbXNWc2VPQmFqYjFuQ3VKVndodkU1bUswOWFxNlQ1azd5TGo1UmVGSjNqVW03cWc2TEJJUGl0d3FUS0lrRGptUnpPWGtvWUVDZmdaWk81TXYxZzBLaWdlaTlCb25Nc3c?oc=5\" target=\"_blank\" rel=\"nofollow noopener\">Hugo Cl\u00e9ment publie cette photo choc de 2024, est-ce que les cachalots sont vraiment menac\u00e9s par les bateaux ?<\/a>&nbsp;&nbsp;France 3 R\u00e9gions<\/li>\n<li><a href=\"https:\/\/news.google.com\/rss\/articles\/CBMiyAFBVV95cUxNLTV3aGNLNHJJLUlPZU1US1MzYXZkdjEyVTE3NW9Ia1FMY2lyQ2JCNEdDMW5rNE9PWFhIYldWd2dHNU5selhKV0NQSmYxdjJhM3NGaDBJRUkzbWx6cG5aVWJyYWp5akxHUFNMY0VWZGVIMkZROFM3b1NYNnJFSVpweFFJbXJ0ZUYtc193Vmdiby1YbUJMYi1ncUluT0dGX3oySTJiUTJRZnowaUFzNUZsUmF5RnYtU2IwbzI5T0E1c3VZX0dNUkFPbg?oc=5\" target=\"_blank\" rel=\"nofollow noopener\">Un cachalot tu\u00e9 au large de Nice : Hugo Cl\u00e9ment interpelle \u00e0 la veille du Sommet de l\u2019Oc\u00e9an<\/a>&nbsp;&nbsp;Nice Premium<\/li>\n<\/ol>\n","protected":false},"excerpt":{"rendered":"Une photo choc prise au large de Nice : quelle est l\u2019histoire derri\u00e8re ce clich\u00e9 ?&nbsp;&nbsp;Actu.fr \u00ab\u00a0Ce cachalot&hellip;\n","protected":false},"author":2,"featured_media":166968,"comment_status":"","ping_status":"","sticky":false,"template":"","format":"standard","meta":{"footnotes":""},"categories":[1358],"tags":[1867,1348,1384,1385,1386,58,59,1011,27,52],"class_list":{"0":"post-166967","1":"post","2":"type-post","3":"status-publish","4":"format-standard","5":"has-post-thumbnail","7":"category-arts-et-design","8":"tag-animaux","9":"tag-arts","10":"tag-arts-and-design","11":"tag-arts-et-design","12":"tag-design","13":"tag-divertissement","14":"tag-entertainment","15":"tag-fr","16":"tag-france","17":"tag-planete"},"share_on_mastodon":{"url":"https:\/\/pubeurope.com\/@fr\/114661974907928973","error":""},"_links":{"self":[{"href":"https:\/\/www.europesays.com\/fr\/wp-json\/wp\/v2\/posts\/166967","targetHints":{"allow":["GET"]}}],"collection":[{"href":"https:\/\/www.europesays.com\/fr\/wp-json\/wp\/v2\/posts"}],"about":[{"href":"https:\/\/www.europesays.com\/fr\/wp-json\/wp\/v2\/types\/post"}],"author":[{"embeddable":true,"href":"https:\/\/www.europesays.com\/fr\/wp-json\/wp\/v2\/users\/2"}],"replies":[{"embeddable":true,"href":"https:\/\/www.europesays.com\/fr\/wp-json\/wp\/v2\/comments?post=166967"}],"version-history":[{"count":0,"href":"https:\/\/www.europesays.com\/fr\/wp-json\/wp\/v2\/posts\/166967\/revisions"}],"wp:featuredmedia":[{"embeddable":true,"href":"https:\/\/www.europesays.com\/fr\/wp-json\/wp\/v2\/media\/166968"}],"wp:attachment":[{"href":"https:\/\/www.europesays.com\/fr\/wp-json\/wp\/v2\/media?parent=166967"}],"wp:term":[{"taxonomy":"category","embeddable":true,"href":"https:\/\/www.europesays.com\/fr\/wp-json\/wp\/v2\/categories?post=166967"},{"taxonomy":"post_tag","embeddable":true,"href":"https:\/\/www.europesays.com\/fr\/wp-json\/wp\/v2\/tags?post=166967"}],"curies":[{"name":"wp","href":"https:\/\/api.w.org\/{rel}","templated":true}]}}