{"id":166976,"date":"2025-06-11T00:51:12","date_gmt":"2025-06-11T00:51:12","guid":{"rendered":"https:\/\/www.europesays.com\/fr\/166976\/"},"modified":"2025-06-11T00:51:12","modified_gmt":"2025-06-11T00:51:12","slug":"les-medecins-lui-diagnostiquent-une-amygdalite-une-fillette-meurt-dune-meningite","status":"publish","type":"post","link":"https:\/\/www.europesays.com\/fr\/166976\/","title":{"rendered":"Les m\u00e9decins lui diagnostiquent une amygdalite, une fillette meurt d&rsquo;une m\u00e9ningite"},"content":{"rendered":"<p>Les m\u00e9decins n&rsquo;ont pas pens\u00e9 que les sympt\u00f4mes pouvaient \u00eatre si graves. Le 27 d\u00e9cembre 2023, l&rsquo;\u00e9quipe m\u00e9dicale de l&rsquo;h\u00f4pital Tameside \u00e0 Ashton-under-Lyne (Angleterre) examine Lila Marsland. La petite fille de cinq ans est aux urgences car elle a \u00e9t\u00e9 retrouv\u00e9e par sa m\u00e8re dans un \u00e9tat l\u00e9thargique, avec un important mal de t\u00eate et un faible rythme cardiaque. Sa m\u00e8re, infirmi\u00e8re dans le m\u00eame \u00e9tablissement, se demande si sa fille ne souffre pas d&rsquo;une m\u00e9ningite.<\/p>\n<p><strong>\u00c0 LIRE AUSSI &gt;&gt;<\/strong> <a data-i13n=\"cpos:1;pos:1\" href=\"https:\/\/fr.news.yahoo.com\/meningite--combien-de-temps-a-t-on-pour-agir-apres-la-contamination-134743291.html\" data-ylk=\"slk:M\u00e9ningite : combien de temps a-t-on pour agir apr\u00e8s la contamination ?;cpos:1;pos:1;elm:context_link;itc:0;sec:content-canvas;outcm:mb_qualified_link;_E:mb_qualified_link;ct:story;\" class=\"link  yahoo-link\" target=\"_blank\" rel=\"noopener\">M\u00e9ningite : combien de temps a-t-on pour agir apr\u00e8s la contamination ?<\/a><\/p>\n<p>Pour l&rsquo;\u00e9quipe m\u00e9dicale, elle souffre d&rsquo;une amygdalite. Ses jambes sont douloureuses et sa nuque raide mais les m\u00e9decins ne r\u00e9alisent pas d&rsquo;examens suppl\u00e9mentaires. Neuf heures apr\u00e8s son arriv\u00e9e \u00e0 l&rsquo;h\u00f4pital, la petite fille est renvoy\u00e9e chez elle. Mais, sept heures apr\u00e8s son retour \u00e0 domicile, sa m\u00e8re la retrouve inconsciente. Les secours arrivent et constatent le d\u00e9c\u00e8s de la fillette, raconte <a data-i13n=\"cpos:2;pos:1\" href=\"https:\/\/www.bbc.com\/news\/articles\/cnv1p6qv293o?fbclid=IwY2xjawK08-ZleHRuA2FlbQIxMABicmlkETFBaXR4YUFtR2dQSFhySXpVAR5iMbXDb-mWJy43_C5_khmNoPKB5vSnYYBpzNmYnUA6_YZClccJmKqtOrfpJw_aem_SEVY7HMsrf_j_JTLeWkgIA\" rel=\"nofollow noopener\" target=\"_blank\" data-ylk=\"slk:la BBC;cpos:2;pos:1;elm:context_link;itc:0;sec:content-canvas\" class=\"link \">la BBC<\/a>.<\/p>\n<p>60 morts par an en France<\/p>\n<p>En France, les infections graves \u00e0 m\u00e9ningocoques touchent pr\u00e8s de 600 personnes chaque ann\u00e9e relaye <a data-i13n=\"cpos:3;pos:1\" href=\"https:\/\/www.santepubliquefrance.fr\/maladies-et-traumatismes\/maladies-a-prevention-vaccinale\/infections-invasives-a-meningocoque\" rel=\"nofollow noopener\" target=\"_blank\" data-ylk=\"slk:Sant\u00e9 publique France.;cpos:3;pos:1;elm:context_link;itc:0;sec:content-canvas\" class=\"link \">Sant\u00e9 publique France.<\/a> Ces infections causent la mort d&rsquo;environ 60 personnes chaque ann\u00e9e, ce qui signifie que 10 \u00e0 12 % des personnes infect\u00e9es d\u00e9c\u00e8dent. Parmi les sympt\u00f4mes de la m\u00e9ningite : fi\u00e8vre, raideur de la nuque, confusion, maux de t\u00eate, sensibilit\u00e9 \u00e0 la lumi\u00e8re, naus\u00e9es, etc. En cas de septic\u00e9mie \u00e0 m\u00e9ningocoque, <a data-i13n=\"cpos:4;pos:1\" href=\"https:\/\/www.who.int\/fr\/news-room\/fact-sheets\/detail\/meningitis\" rel=\"nofollow noopener\" target=\"_blank\" data-ylk=\"slk:l&#039;Organisation mondiale de la Sant\u00e9;cpos:4;pos:1;elm:context_link;itc:0;sec:content-canvas\" class=\"link \">l&rsquo;Organisation mondiale de la Sant\u00e9<\/a> pr\u00e9cise que les patients peuvent pr\u00e9senter une \u00e9ruption cutan\u00e9e caract\u00e9ristique, qui ne s\u2019efface pas \u00e0 la pression.<\/p>\n<p>L&rsquo;OMS met en garde sur de possibles s\u00e9quelles. \u00ab\u00a0Une personne sur cinq survivant \u00e0 un \u00e9pisode de m\u00e9ningite bact\u00e9rienne peut avoir des s\u00e9quelles durables, notamment : perte auditive, crises convulsives, faiblesse des membres, troubles de la vision, de la parole, du langage, de la m\u00e9moire et de la communication, ainsi que cicatrices et amputations de membres apr\u00e8s un \u00e9tat septique\u00a0\u00bb.<\/p>\n<p>Une n\u00e9gligence de l&rsquo;h\u00f4pital<\/p>\n<p>En Angleterre, un jury s&rsquo;est saisi du dossier suite \u00e0 la mort de la petite fille. D&rsquo;apr\u00e8s l&rsquo;enqu\u00eate, Lila Marsland n&rsquo;a jamais \u00e9t\u00e9 compl\u00e8tement examin\u00e9e pour son \u00e9ruption cutan\u00e9e &#8211; seulement sa poitrine et son dos. De plus, un test sur son cou aurait pu confirmer la m\u00e9ningite mais n&rsquo;a jamais \u00e9t\u00e9 enti\u00e8rement effectu\u00e9 car chaque membre de l&rsquo;\u00e9quipe m\u00e9dicale supposait que quelqu&rsquo;un d&rsquo;autre l&rsquo;avait d\u00e9j\u00e0 fait.<\/p>\n<p><strong>\u00c0 LIRE AUSSI &gt;&gt; <\/strong><a data-i13n=\"cpos:5;pos:1\" href=\"https:\/\/fr.news.yahoo.com\/a-4-ans-il-se-plaint-dune-simple-douleur-au-bras-il-meurt-quelques-heures-apres-135939278.html\" data-ylk=\"slk:\u00c0 4 ans, il se plaint d&#039;une simple douleur au bras, il meurt quelques heures apr\u00e8s;cpos:5;pos:1;elm:context_link;itc:0;sec:content-canvas;outcm:mb_qualified_link;_E:mb_qualified_link;ct:story;\" class=\"link  yahoo-link\" target=\"_blank\" rel=\"noopener\">\u00c0 4 ans, il se plaint d&rsquo;une simple douleur au bras, il meurt quelques heures apr\u00e8s<\/a><\/p>\n<p>Le t\u00e9moin expert, le Dr Philip Chetcuti, a d\u00e9clar\u00e9 au tribunal que si Lila avait re\u00e7u des antibiotiques par voie intraveineuse au cours des trois premi\u00e8res heures de sa prise en charge, elle aurait probablement surv\u00e9cu. D&rsquo;apr\u00e8s l&rsquo;enqu\u00eate, la petite fille a \u00e9t\u00e9 examin\u00e9e par plusieurs m\u00e9decins et les diff\u00e9rentes notes n&rsquo;ont pas \u00e9t\u00e9 totalement transmises d&rsquo;un professionnel \u00e0 l&rsquo;autre. Le jury confirme que Lila est d\u00e9c\u00e9d\u00e9e de causes naturelles, d&rsquo;une m\u00e9ningite. Il pointe \u00e9galement une n\u00e9gligence de l&rsquo;h\u00f4pital.<\/p>\n","protected":false},"excerpt":{"rendered":"Les m\u00e9decins n&rsquo;ont pas pens\u00e9 que les sympt\u00f4mes pouvaient \u00eatre si graves. Le 27 d\u00e9cembre 2023, l&rsquo;\u00e9quipe m\u00e9dicale&hellip;\n","protected":false},"author":2,"featured_media":166977,"comment_status":"","ping_status":"","sticky":false,"template":"","format":"standard","meta":{"footnotes":""},"categories":[10],"tags":[1011,27,72,30054,30053,2673,9054,71,13688],"class_list":{"0":"post-166976","1":"post","2":"type-post","3":"status-publish","4":"format-standard","5":"has-post-thumbnail","7":"category-sante","8":"tag-fr","9":"tag-france","10":"tag-health","11":"tag-lila","12":"tag-lila-marsland","13":"tag-medecins","14":"tag-petite-fille","15":"tag-sante","16":"tag-symptomes-de-la-meningite"},"share_on_mastodon":{"url":"https:\/\/pubeurope.com\/@fr\/114661994200378786","error":""},"_links":{"self":[{"href":"https:\/\/www.europesays.com\/fr\/wp-json\/wp\/v2\/posts\/166976","targetHints":{"allow":["GET"]}}],"collection":[{"href":"https:\/\/www.europesays.com\/fr\/wp-json\/wp\/v2\/posts"}],"about":[{"href":"https:\/\/www.europesays.com\/fr\/wp-json\/wp\/v2\/types\/post"}],"author":[{"embeddable":true,"href":"https:\/\/www.europesays.com\/fr\/wp-json\/wp\/v2\/users\/2"}],"replies":[{"embeddable":true,"href":"https:\/\/www.europesays.com\/fr\/wp-json\/wp\/v2\/comments?post=166976"}],"version-history":[{"count":0,"href":"https:\/\/www.europesays.com\/fr\/wp-json\/wp\/v2\/posts\/166976\/revisions"}],"wp:featuredmedia":[{"embeddable":true,"href":"https:\/\/www.europesays.com\/fr\/wp-json\/wp\/v2\/media\/166977"}],"wp:attachment":[{"href":"https:\/\/www.europesays.com\/fr\/wp-json\/wp\/v2\/media?parent=166976"}],"wp:term":[{"taxonomy":"category","embeddable":true,"href":"https:\/\/www.europesays.com\/fr\/wp-json\/wp\/v2\/categories?post=166976"},{"taxonomy":"post_tag","embeddable":true,"href":"https:\/\/www.europesays.com\/fr\/wp-json\/wp\/v2\/tags?post=166976"}],"curies":[{"name":"wp","href":"https:\/\/api.w.org\/{rel}","templated":true}]}}